{"id":1087586,"date":"2026-06-11T23:50:16","date_gmt":"2026-06-11T23:50:16","guid":{"rendered":"https:\/\/www.europesays.com\/de\/1087586\/"},"modified":"2026-06-11T23:50:16","modified_gmt":"2026-06-11T23:50:16","slug":"fussball-wm-hab-ich-nicht-kommen-sehen-spott-fuer-experte-kaulitz","status":"publish","type":"post","link":"https:\/\/www.europesays.com\/de\/1087586\/","title":{"rendered":"Fussball-WM: &#8222;Hab ich nicht kommen sehen&#8220; \u2013 Spott f\u00fcr Experte Kaulitz"},"content":{"rendered":"<p>TV-Team im Aztekenstadion <\/p>\n<p>&#8222;Hab ich nicht kommen sehen&#8220; \u2013 Spott f\u00fcr Experte Kaulitz<\/p>\n<p>Aktualisiert am 12.06.2026 &#8211; 00:59 UhrLesedauer: 2 Min.<\/p>\n<p><img loading=\"lazy\" src=\"https:\/\/www.t-online.de\/s\/paper\/_next\/static\/media\/loading-indicator-magenta.1f35d8de.svg\" alt=\"Video l\u00e4dt\" title=\"Video l\u00e4dt\" class=\"block h-[calc(var(--height)_\/_16_*_1rem)] w-[calc(var(--width)_\/_16_*_1rem)] max-w-none undefined\" style=\"--width:32;--height:32\" decoding=\"async\"\/>Player wird geladen<\/p>\n<p>M\u00fcller sieht Aztekenstadion vor Ausnahmezustand. (Quelle: MagentaTV)<\/p>\n<p><img loading=\"lazy\" src=\"https:\/\/www.t-online.de\/s\/paper\/_next\/static\/media\/audio-volume.6689034c.svg\" alt=\"\" title=\"\" class=\"block h-[calc(var(--height)_\/_16_*_1rem)] w-[calc(var(--width)_\/_16_*_1rem)] max-w-none group-hover:brightness-0 group-hover:invert\" style=\"--width:16;--height:16\" decoding=\"async\"\/>Vorlesen<\/p>\n<p>Aktuelle Zeit:0:00Gesamtdauer:0:00<\/p>\n<p>1x<\/p>\n<p class=\"text-center\">Jetzt neu bei t-online:<\/p>\n<p class=\"text-center\">Schriftgr\u00f6\u00dfe anpassen!<\/p>\n<p><img loading=\"lazy\" src=\"https:\/\/www.t-online.de\/s\/paper\/_next\/static\/media\/font-sizes.32942e33.svg\" alt=\"\" title=\"\" class=\"block h-[calc(var(--height)_\/_16_*_1rem)] w-[calc(var(--width)_\/_16_*_1rem)] max-w-none group-hover:hidden group-aria-expanded:hidden\" style=\"--width:16;--height:16\" decoding=\"async\"\/><img loading=\"lazy\" src=\"https:\/\/www.t-online.de\/s\/paper\/_next\/static\/media\/font-sizes-dark-mode.e382645c.svg\" alt=\"\" title=\"\" class=\"block h-[calc(var(--height)_\/_16_*_1rem)] w-[calc(var(--width)_\/_16_*_1rem)] max-w-none hidden group-hover:block group-aria-expanded:block\" style=\"--width:16;--height:16\" decoding=\"async\"\/><img loading=\"lazy\" src=\"https:\/\/www.t-online.de\/s\/paper\/_next\/static\/media\/sharing-menu-icon.1eb71368.svg\" alt=\"\" title=\"\" class=\"block h-[calc(var(--height)_\/_16_*_1rem)] w-[calc(var(--width)_\/_16_*_1rem)] max-w-none group-hover:brightness-0 group-hover:invert\" style=\"--width:16;--height:16\" decoding=\"async\"\/>Artikel teilen<\/p>\n<p class=\"font-bold text-18 leading-17 user-text-lg:text-22 user-text-xl:text-24\">Lustige Runde bei MagentaTV. Moderator Johannes B. Kerner nimmt Tom Kaulitz auf die Schippe. Sp\u00e4ter legt J\u00fcrgen Klopp noch einen drauf.<\/p>\n<p class=\"text-18 leading-17 user-text-lg:text-22 user-text-xl:text-24\">Es war noch fr\u00fch am Donnerstag, als <a class=\"transition-colors cursor-pointer text-inherit no-underline text-salemsfur md:hover:text-magenta md:hover:border-magenta md:focus:text-magenta border-current border-b border-solid break-words\" data-tracking=\"{&quot;action&quot;:&quot;click&quot;,&quot;category&quot;:&quot;intextLink&quot;,&quot;label&quot;:&quot;\/themen\/johannes-b-kerner\/&quot;}\" href=\"https:\/\/www.t-online.de\/themen\/johannes-b-kerner\/\" data-sctrack=\"BodyAnchor\" rel=\"nofollow noopener\" target=\"_blank\">Johannes B. Kerner<\/a> die deutschen Fans zum WM-Auftakt aus dem Aztekenstadion begr\u00fc\u00dfte. Kerner moderiert die Spiele f\u00fcr den Sender MagentaTV. Das Unternehmen hat eigens f\u00fcr die <a class=\"transition-colors cursor-pointer text-inherit no-underline text-salemsfur md:hover:text-magenta md:hover:border-magenta md:focus:text-magenta border-current border-b border-solid break-words\" data-tracking=\"{&quot;action&quot;:&quot;click&quot;,&quot;category&quot;:&quot;intextLink&quot;,&quot;label&quot;:&quot;\/themen\/fussball-wm-2026\/&quot;}\" href=\"https:\/\/www.t-online.de\/themen\/fussball-wm-2026\/\" data-sctrack=\"BodyAnchor\" rel=\"nofollow noopener\" target=\"_blank\">Weltmeisterschaft<\/a> eine illustre Runde an Experten angeheuert, darunter Ex-Bayern-St\u00fcrmer <a class=\"transition-colors cursor-pointer text-inherit no-underline text-salemsfur md:hover:text-magenta md:hover:border-magenta md:focus:text-magenta border-current border-b border-solid break-words\" data-tracking=\"{&quot;action&quot;:&quot;click&quot;,&quot;category&quot;:&quot;intextLink&quot;,&quot;label&quot;:&quot;\/themen\/thomas-mueller\/&quot;}\" href=\"https:\/\/www.t-online.de\/themen\/thomas-mueller\/\" data-sctrack=\"BodyAnchor\" rel=\"nofollow noopener\" target=\"_blank\">Thomas M\u00fcller<\/a>, <a class=\"transition-colors cursor-pointer text-inherit no-underline text-salemsfur md:hover:text-magenta md:hover:border-magenta md:focus:text-magenta border-current border-b border-solid break-words\" data-tracking=\"{&quot;action&quot;:&quot;click&quot;,&quot;category&quot;:&quot;intextLink&quot;,&quot;label&quot;:&quot;\/themen\/juergen-klopp\/&quot;}\" href=\"https:\/\/www.t-online.de\/themen\/juergen-klopp\/\" data-sctrack=\"BodyAnchor\" rel=\"nofollow noopener\" target=\"_blank\">J\u00fcrgen Klopp<\/a> und Tokio-Hotel-Star <a class=\"transition-colors cursor-pointer text-inherit no-underline text-salemsfur md:hover:text-magenta md:hover:border-magenta md:focus:text-magenta border-current border-b border-solid break-words\" data-tracking=\"{&quot;action&quot;:&quot;click&quot;,&quot;category&quot;:&quot;intextLink&quot;,&quot;label&quot;:&quot;\/themen\/tom-kaulitz\/&quot;}\" href=\"https:\/\/www.t-online.de\/themen\/tom-kaulitz\/\" data-sctrack=\"BodyAnchor\" rel=\"nofollow noopener\" target=\"_blank\">Tom Kaulitz<\/a>.<\/p>\n<p class=\"text-18 leading-17 user-text-lg:text-22 user-text-xl:text-24\">Sp\u00e4ter sollte am Nachmittag (Ortszeit) in Mexiko-Stadt die Er\u00f6ffnungsfeier und das erste Spiel der <a class=\"transition-colors cursor-pointer text-inherit no-underline text-salemsfur md:hover:text-magenta md:hover:border-magenta md:focus:text-magenta border-current border-b border-solid break-words\" data-tracking=\"{&quot;action&quot;:&quot;click&quot;,&quot;category&quot;:&quot;intextLink&quot;,&quot;label&quot;:&quot;\/themen\/fussball-wm-2026\/&quot;}\" href=\"https:\/\/www.t-online.de\/themen\/fussball-wm-2026\/\" data-sctrack=\"BodyAnchor\" rel=\"nofollow noopener\" target=\"_blank\">WM 2026<\/a> in der ausverkauften Arena folgen. <a class=\"transition-colors cursor-pointer text-inherit no-underline text-salemsfur md:hover:text-magenta md:hover:border-magenta md:focus:text-magenta border-current border-b border-solid break-words\" data-tracking=\"{&quot;action&quot;:&quot;click&quot;,&quot;category&quot;:&quot;intextLink&quot;,&quot;label&quot;:&quot;\/sport\/fussball\/wm\/id_101293304\/wm-2026-quinones-schiesst-mexiko-zum-sieg-insgesamt-gibt-es-dreimal-rot.html&quot;}\" href=\"https:\/\/www.t-online.de\/sport\/fussball\/wm\/id_101293304\/wm-2026-quinones-schiesst-mexiko-zum-sieg-insgesamt-gibt-es-dreimal-rot.html\" data-sctrack=\"BodyAnchor\" rel=\"nofollow noopener\" target=\"_blank\">Das gewann Co-Gastgeber Mexiko relativ ungef\u00e4hrdet mit 2:0 gegen Au\u00dfenseiter S\u00fcdafrika.<\/a><\/p>\n<p class=\"text-18 leading-17 user-text-lg:text-22 user-text-xl:text-24\">Die Runde stand also im Aztekenstation in Mexiko-Stadt, und Kerner f\u00fchrte ein: &#8222;Das MagentaTV-WM-Team ist am Start&#8220;. Dann stellte der 61-J\u00e4hrige die Anwesenden vor. &#8222;Mit einem Weltmeister&#8220;, Kerner zeigte auf M\u00fcller. &#8222;Mit einem Welttrainer&#8220;, Kerner zeigte auf Klopp. &#8222;Und mit einem Praktikanten&#8220;, dabei zeigte der Moderator auf den Musiker Tom Kaulitz.<\/p>\n<p>Experte Klopp ist kurz vorm Einschlafen<\/p>\n<p class=\"text-18 leading-17 user-text-lg:text-22 user-text-xl:text-24\">Kaulitz, f\u00fcr die, die es nicht wissen, ist nicht nur einer der gr\u00f6\u00dften deutschen Popstars, er ist einer der erfolgreichsten deutschsprachigen Podcaster, und au\u00dferdem der Mann von Deutschlands Hollywood-Sternchen <a class=\"transition-colors cursor-pointer text-inherit no-underline text-salemsfur md:hover:text-magenta md:hover:border-magenta md:focus:text-magenta border-current border-b border-solid break-words\" data-tracking=\"{&quot;action&quot;:&quot;click&quot;,&quot;category&quot;:&quot;intextLink&quot;,&quot;label&quot;:&quot;\/themen\/heidi-klum\/&quot;}\" href=\"https:\/\/www.t-online.de\/themen\/heidi-klum\/\" data-sctrack=\"BodyAnchor\" rel=\"nofollow noopener\" target=\"_blank\">Heidi Klum<\/a>. Die freche Vorstellung Kerners sorgte vor allem bei M\u00fcller und Klopp f\u00fcr gro\u00dfe Heiterkeit. &#8222;Wow&#8220;, sagte M\u00fcller zum Moderator gewandt, &#8222;den habe ich nicht kommen sehen&#8220;. Klopp lachte sich ins F\u00e4ustchen. Und Kaulitz? Der blieb cool. &#8222;Geile Intro&#8220;, sagte er verschmitzt in Richtung Kerner.<\/p>\n<p class=\"text-18 leading-17 user-text-lg:text-22 user-text-xl:text-24\">Sp\u00e4ter versuchte Kerner seine Neckerei wiedergutzumachen, indem er Kaulitz ins MagentaTV-Studio in New York einlud, um dort die Moderation zu \u00fcbernehmen. &#8222;W\u00fcrde ich gerne machen, ja&#8220;, sagte der 36-j\u00e4hrige Musiker. Worauf Klopp erg\u00e4nzte: &#8222;Dann musst Du daf\u00fcr sorgen, dass ich nicht einschlafe.&#8220;<\/p>\n","protected":false},"excerpt":{"rendered":"TV-Team im Aztekenstadion &#8222;Hab ich nicht kommen sehen&#8220; \u2013 Spott f\u00fcr Experte Kaulitz Aktualisiert am 12.06.2026 &#8211; 00:59&hellip;\n","protected":false},"author":2,"featured_media":1087587,"comment_status":"","ping_status":"","sticky":false,"template":"","format":"standard","meta":{"footnotes":"","_share_on_mastodon":"0"},"categories":[155],"tags":[1217,230835,29,214,30,2497,4665,2498,208,15982,230929,7116,3197,3988,13913,215,59416],"class_list":["post-1087586","post","type-post","status-publish","format-standard","has-post-thumbnail","category-unterhaltung","tag-1217","tag-aztekenstadion","tag-deutschland","tag-entertainment","tag-germany","tag-johannes-b-kerner","tag-juergen-klopp","tag-magentatv","tag-mexiko","tag-mexiko-stadt","tag-moderatorenrunde","tag-suedafrika","tag-thomas-mueller","tag-tokio","tag-tom-kaulitz","tag-unterhaltung","tag-wm-2026"],"share_on_mastodon":{"url":"https:\/\/pubeurope.com\/@de\/116734165745958251","error":""},"_links":{"self":[{"href":"https:\/\/www.europesays.com\/de\/wp-json\/wp\/v2\/posts\/1087586","targetHints":{"allow":["GET"]}}],"collection":[{"href":"https:\/\/www.europesays.com\/de\/wp-json\/wp\/v2\/posts"}],"about":[{"href":"https:\/\/www.europesays.com\/de\/wp-json\/wp\/v2\/types\/post"}],"author":[{"embeddable":true,"href":"https:\/\/www.europesays.com\/de\/wp-json\/wp\/v2\/users\/2"}],"replies":[{"embeddable":true,"href":"https:\/\/www.europesays.com\/de\/wp-json\/wp\/v2\/comments?post=1087586"}],"version-history":[{"count":0,"href":"https:\/\/www.europesays.com\/de\/wp-json\/wp\/v2\/posts\/1087586\/revisions"}],"wp:featuredmedia":[{"embeddable":true,"href":"https:\/\/www.europesays.com\/de\/wp-json\/wp\/v2\/media\/1087587"}],"wp:attachment":[{"href":"https:\/\/www.europesays.com\/de\/wp-json\/wp\/v2\/media?parent=1087586"}],"wp:term":[{"taxonomy":"category","embeddable":true,"href":"https:\/\/www.europesays.com\/de\/wp-json\/wp\/v2\/categories?post=1087586"},{"taxonomy":"post_tag","embeddable":true,"href":"https:\/\/www.europesays.com\/de\/wp-json\/wp\/v2\/tags?post=1087586"}],"curies":[{"name":"wp","href":"https:\/\/api.w.org\/{rel}","templated":true}]}}