{"id":1087594,"date":"2026-06-11T23:54:15","date_gmt":"2026-06-11T23:54:15","guid":{"rendered":"https:\/\/www.europesays.com\/de\/1087594\/"},"modified":"2026-06-11T23:54:15","modified_gmt":"2026-06-11T23:54:15","slug":"grosse-solidaritaet-mit-der-spd-ministerin-redeschlacht-um-afd-antrag-zu-baerbel-bas-politik","status":"publish","type":"post","link":"https:\/\/www.europesays.com\/de\/1087594\/","title":{"rendered":"Gro\u00dfe Solidarit\u00e4t mit der SPD-Ministerin: Redeschlacht um AfD-Antrag zu B\u00e4rbel Bas | Politik"},"content":{"rendered":"<p><a class=\"skip-content skip-content--link\" href=\"#in-content-skip-link-target-v-0-0\">TTS-Player \u00fcberspringen\u21b5<\/a><a id=\"in-content-skip-link-target-v-0-0\" class=\"skip-content--target-link-hidden skip-content skip-content--target-link\" href=\"#in-content-skip-link-target-v-0-0\">Artikel weiterlesen<\/a><\/p>\n<p data-83f060b9=\"0-2381\">Berlin \u2013 <b>Politisch brisante 20 Minuten im Bundestag: W\u00e4hrend bei der WM in Mexiko schon der Ball rollte, brachte die AfD um 21.05 Uhr einen Antrag zur \u201esofortigen Entlassung der Bundesministerin f\u00fcr Arbeit und Soziales B\u00e4rbel Bas\u201c ein. Die Aussprache dazu wurde nicht einfach nur abgehakt, sondern zu einer Debatte mit Tiefgang und Leidenschaft. Schwarz-Rot zeigte Solidarit\u00e4t mit B\u00e4rbel Bas, die Regierungsbank war rappelvoll besetzt.<\/b><\/p>\n<p data-83f060b9=\"0-2381\">Die AfD begr\u00fcndete ihre Forderung mit einer \u00c4u\u00dferung von <a href=\"https:\/\/www.bild.de\/themen\/personen\/baerbel-bas-aktuelle-news-und-infos-a3eCB9cymNRCK7qdgfmv\" class=\"text-link\" rel=\"nofollow noopener\" target=\"_blank\">B\u00e4rbel Bas <\/a>(58, SPD) in einer Befragung durch den Bundestag, in der sie gesagt hatte: \u201eEs wandert niemand in unsere Sozialsysteme ein.\u201c Dies stehe, so der <a href=\"https:\/\/www.bild.de\/politik\/inland\/alternative-fuer-deutschland\/afd-alle-infos-76662060.bild.html\" class=\"text-link\" rel=\"nofollow noopener\" target=\"_blank\">AfD<\/a>-Antrag, im Widerspruch zur sozialpolitischen Wirklichkeit. B\u00e4rbel Bas sei als Bundesministerin f\u00fcr Arbeit und Soziales \u201epolitisch untragbar\u201c geworden. Emp\u00f6rung und blankes Entsetzen bei den anderen Fraktionen, als AfD-Redner Ren\u00e9 Springer (46) pl\u00f6tzlich behauptete, \u201e2,4 Millionen Ausl\u00e4nder, von denen sehr viele das B\u00fcrgergeld  missbrauchen\u201c, w\u00fcrden sich \u201ein Shisha-Bars die Eier schaukeln\u201c. Daf\u00fcr wurde er von Vizepr\u00e4sident Omid Nouripour (50, Gr\u00fcne) sofort ger\u00fcffelt.<\/p>\n<p data-83f060b9=\"0-2381\">Auch wenn es in der Union nach dem umstrittenen Bas-Satz zun\u00e4chst gegrummelt hatte, gab es am Abend gro\u00dfe Solidarit\u00e4t mit Bas. Marcel Biadasz (46, CDU) sagte in Richtung AfD-Redner: \u201eSo eine Wortwahl, ich habe mich gesch\u00e4mt.\u201c Die AfD d\u00fcrfe die Ministerin nat\u00fcrlich kritisieren, aber ein populistischer Antrag zu ihrer Abwahl, \u201edas ist zu einfach\u201c.<\/p>\n<p>Mehr zum Thema<\/p>\n<p data-83f060b9=\"0-2381\">F\u00fcr die SPD ging Ex-Arbeitsminister <a href=\"https:\/\/www.bild.de\/politik\/leute\/hubertus-heil\/thema-hubertus-heil-alle-infos-80011582.bild.html\" class=\"text-link\" rel=\"nofollow noopener\" target=\"_blank\">Hubertus Heil<\/a> (53) ans Rednerpult, griff die AfD frontal an: \u201eSie sind ein Verein der Niedertracht in diesem Land!\u201c Es gehe der Partei nur um pers\u00f6nliche Herabsetzung und politische Stimmungsmache: \u201eSie wollen Andersdenkende diskreditieren und manchmal fertigmachen.\u201c Dem parlamentarischen Gesch\u00e4ftsf\u00fchrer der AfD, Bernd Baumann (68), schleuderte Heil sichtlich bewegt entgegen: \u201eIch bin Mitglied der Partei Friedrich Eberts und lasse mich von Ihnen nicht beleidigen!\u201c<\/p>\n<p data-83f060b9=\"0-2381\">F\u00fcr die CDU band Junge Union-Chef <a href=\"https:\/\/www.bild.de\/politik\/inland\/rente-ju-chef-johannes-winkel-stellt-rentenplus-infrage-brisanter-gegenvorschlag-6a230bcabe3c07528fabddb7\" class=\"text-link\" rel=\"nofollow noopener\" target=\"_blank\">Johannes Winkel<\/a> (34) dann die Debatte in Richtung AfD ab: \u201eIhr Auftritt war stillos und nicht der Rede wert. Die Aggressivit\u00e4t in Ihrer Rede war ein Tiefpunkt in dieser Legislatur.\u201c An B\u00e4rbel Bas gerichtet, sagte er: \u201eLassen Sie uns gemeinsam die Bremsen l\u00f6sen, raus aus dem Reformstau, volle Fahrt voraus.\u201c<\/p>\n<p data-83f060b9=\"0-2381\">Der Antrag der AfD wurde mit gro\u00dfer Mehrheit abgelehnt. <\/p>\n","protected":false},"excerpt":{"rendered":"TTS-Player \u00fcberspringen\u21b5Artikel weiterlesen Berlin \u2013 Politisch brisante 20 Minuten im Bundestag: W\u00e4hrend bei der WM in Mexiko schon&hellip;\n","protected":false},"author":2,"featured_media":1087595,"comment_status":"","ping_status":"","sticky":false,"template":"","format":"standard","meta":{"footnotes":"","_share_on_mastodon":"0"},"categories":[2],"tags":[150,72389,1180,31,29,1152,30,13,11907,32,14,15,12,184,138370,10,8,9,11],"class_list":["post-1087594","post","type-post","status-publish","format-standard","has-post-thumbnail","category-deutschland","tag-alternative-fuer-deutschland","tag-bas-baerbel","tag-bundestag","tag-cdu","tag-deutschland","tag-die-gruenen","tag-germany","tag-headlines","tag-hubertus-heil","tag-merz-friedrich","tag-nachrichten","tag-news","tag-schlagzeilen","tag-spd","tag-team-first","tag-top-news","tag-top-meldungen","tag-topmeldungen","tag-topnews"],"share_on_mastodon":{"url":"https:\/\/pubeurope.com\/@de\/116734175972593050","error":""},"_links":{"self":[{"href":"https:\/\/www.europesays.com\/de\/wp-json\/wp\/v2\/posts\/1087594","targetHints":{"allow":["GET"]}}],"collection":[{"href":"https:\/\/www.europesays.com\/de\/wp-json\/wp\/v2\/posts"}],"about":[{"href":"https:\/\/www.europesays.com\/de\/wp-json\/wp\/v2\/types\/post"}],"author":[{"embeddable":true,"href":"https:\/\/www.europesays.com\/de\/wp-json\/wp\/v2\/users\/2"}],"replies":[{"embeddable":true,"href":"https:\/\/www.europesays.com\/de\/wp-json\/wp\/v2\/comments?post=1087594"}],"version-history":[{"count":0,"href":"https:\/\/www.europesays.com\/de\/wp-json\/wp\/v2\/posts\/1087594\/revisions"}],"wp:featuredmedia":[{"embeddable":true,"href":"https:\/\/www.europesays.com\/de\/wp-json\/wp\/v2\/media\/1087595"}],"wp:attachment":[{"href":"https:\/\/www.europesays.com\/de\/wp-json\/wp\/v2\/media?parent=1087594"}],"wp:term":[{"taxonomy":"category","embeddable":true,"href":"https:\/\/www.europesays.com\/de\/wp-json\/wp\/v2\/categories?post=1087594"},{"taxonomy":"post_tag","embeddable":true,"href":"https:\/\/www.europesays.com\/de\/wp-json\/wp\/v2\/tags?post=1087594"}],"curies":[{"name":"wp","href":"https:\/\/api.w.org\/{rel}","templated":true}]}}