{"id":1087646,"date":"2026-06-12T00:25:15","date_gmt":"2026-06-12T00:25:15","guid":{"rendered":"https:\/\/www.europesays.com\/de\/1087646\/"},"modified":"2026-06-12T00:25:15","modified_gmt":"2026-06-12T00:25:15","slug":"usa-morddrohung-polizei-ermittelt-wegen-8647-slogan","status":"publish","type":"post","link":"https:\/\/www.europesays.com\/de\/1087646\/","title":{"rendered":"USA: Morddrohung? Polizei ermittelt wegen &#8222;8647&#8220;-Slogan"},"content":{"rendered":"<p class=\"text-18 leading-17 user-text-lg:text-22 user-text-xl:text-24\">Reses, der dieses Amt seit dem Amtsantritt von Vance und Pr\u00e4sident Donald Trump im Januar 2025 aus\u00fcbt, hatte Vance bereits vor mehreren Monaten \u00fcber seine Pl\u00e4ne informiert, nachdem seine Frau mit ihrem ersten gemeinsamen Kind schwanger geworden war. Welche beruflichen Pl\u00e4ne er anschlie\u00dfend verfolgen wird, ist derzeit noch nicht bekannt.<\/p>\n<p class=\"text-18 leading-17 user-text-lg:text-22 user-text-xl:text-24\">&#8222;Jacob stand w\u00e4hrend meiner gesamten Laufbahn im \u00f6ffentlichen Dienst stets an meiner Seite&#8220;, erkl\u00e4rte Vance in einer Stellungnahme, die NBC News exklusiv vorab vorlag. &#8222;Ich kann mir kaum vorstellen, diese pr\u00e4gende Reise ohne ihn erlebt zu haben. Seit meinem ersten Tag als gew\u00e4hlter Senator h\u00e4tte ich mir keinen loyaleren, kl\u00fcgeren Berater und engeren Freund als meinen Stabschef w\u00fcnschen k\u00f6nnen. Ich werde ihn sehr vermissen, aber er wird nicht weit weg sein, und ich werde seinen Rat weiterhin sch\u00e4tzen, bis sich unsere Wege wieder kreuzen.&#8220;<\/p>\n<p>Trump nominiert neuen Geheimdienstchef<\/p>\n<p class=\"text-18 leading-17 user-text-lg:text-22 user-text-xl:text-24\">US-Pr\u00e4sident Donald Trump nominiert Jay Clayton als neuen Chef der Geheimdienste. Clayton muss noch vom Kongress best\u00e4tigt werden und soll auf die zur\u00fcckgetretene Tulsi Gabbard folgen. Aktuell ist er Generalstaatsanwalt in <a class=\"transition-colors cursor-pointer text-inherit no-underline text-salemsfur md:hover:text-magenta md:hover:border-magenta md:focus:text-magenta border-current border-b border-solid break-words\" data-tracking=\"{&quot;action&quot;:&quot;click&quot;,&quot;category&quot;:&quot;intextLink&quot;,&quot;label&quot;:&quot;\/themen\/new-york\/&quot;}\" href=\"https:\/\/www.t-online.de\/themen\/new-york\/\" data-sctrack=\"BodyAnchor\" rel=\"nofollow noopener\" target=\"_blank\">New York<\/a>.<\/p>\n<p>Trump muss Niederlage im Kongress hinnehmen<\/p>\n<p class=\"text-18 leading-17 user-text-lg:text-22 user-text-xl:text-24\">Debakel f\u00fcr US-Pr\u00e4sident Donald Trump im Kongress: Das Repr\u00e4sentantenhaus hat seiner Regierung am Donnerstag verl\u00e4ngerte Spionagerechte gegen mutma\u00dfliche Terroristen oder Agenten aus dem Ausland verweigert. Die Befugnis aus dem Gesetz zur Auslandsaufkl\u00e4rung (Fisa) d\u00fcrfte nun in der Nacht zu Samstag auslaufen. Trump hatte in diesem Fall vor m\u00f6glichen Sicherheitsrisiken etwa bei der Fu\u00dfball-WM gewarnt.<\/p>\n<p class=\"text-18 leading-17 user-text-lg:text-22 user-text-xl:text-24\">Ein zentraler Passus aus dem Fisa-Gesetz von 1978 erm\u00f6glicht es der US-Regierung, anlasslos und ohne richterliche Genehmigung verd\u00e4chtige Ausl\u00e4nder zu \u00fcberwachen. Trump hatte die Abgeordneten aufgerufen, die Vorkehrung vorerst um drei Wochen zu verl\u00e4ngern. Dagegen stimmten jedoch eine Mehrheit der oppositionellen Demokraten sowie 19 Republikaner aus dem Pr\u00e4sidentenlager.<\/p>\n<p class=\"text-18 leading-17 user-text-lg:text-22 user-text-xl:text-24\">Hintergrund ist ein Streit um den designierten Geheimdienstkoordinator Bill Pulte. Trump hatte den in Spionagedingen v\u00f6llig unerfahrenen Immobilienexperten Pulte zum kommissarischen Nachfolger von Tulsi Gabbard ernannt, die wegen einer Krebserkrankung ihres Mannes ihren R\u00fccktritt erkl\u00e4rt hatte. Die Demokraten \u00e4u\u00dferten sich emp\u00f6rt und warnten vor Gefahren f\u00fcr die nationale Sicherheit, sollte Pulte das Amt wie geplant am 19. Juni antreten. Aber auch Republikaner \u00e4u\u00dferten Bedenken.<\/p>\n<p>Er\u00f6ffnung von Milliarden-Projekt wegen Trump verschoben<\/p>\n<p class=\"text-18 leading-17 user-text-lg:text-22 user-text-xl:text-24\">Die Er\u00f6ffnung einer neuen Br\u00fccke zwischen <a class=\"transition-colors cursor-pointer text-inherit no-underline text-salemsfur md:hover:text-magenta md:hover:border-magenta md:focus:text-magenta border-current border-b border-solid break-words\" data-tracking=\"{&quot;action&quot;:&quot;click&quot;,&quot;category&quot;:&quot;intextLink&quot;,&quot;label&quot;:&quot;\/themen\/kanada\/&quot;}\" href=\"https:\/\/www.t-online.de\/themen\/kanada\/\" data-sctrack=\"BodyAnchor\" rel=\"nofollow noopener\" target=\"_blank\">Kanada<\/a> und den USA ist Monate nach einer Drohung von US-Pr\u00e4sident Donald Trump verschoben worden. Der Leiter des Br\u00fcckenbetreibers, Chuck Andary, erkl\u00e4rte am Donnerstag, beide L\u00e4nder h\u00e4tten sich auf eine Verschiebung der eigentlich f\u00fcr diese Woche geplanten Er\u00f6ffnung verst\u00e4ndigt. Damit solle die &#8222;notwendige Zeit&#8220; geschaffen werden, um &#8222;offene Fragen zu kl\u00e4ren&#8220;.<\/p>\n<p>Loading&#8230;<\/p>\n<p>Loading&#8230;<\/p>\n<p>Loading&#8230;<\/p>\n","protected":false},"excerpt":{"rendered":"Reses, der dieses Amt seit dem Amtsantritt von Vance und Pr\u00e4sident Donald Trump im Januar 2025 aus\u00fcbt, hatte&hellip;\n","protected":false},"author":2,"featured_media":1087647,"comment_status":"","ping_status":"","sticky":false,"template":"","format":"standard","meta":{"footnotes":"","_share_on_mastodon":"0"},"categories":[5],"tags":[1217,326,7797,331,332,227053,7373,162880,3364,29,106,22720,30,13,871,7539,152,448,230941,44824,230827,53,1460,409,17117,17728,14,6074,15,3129,121,1555,12,85638,18800,26,4146,64,320],"class_list":["post-1087646","post","type-post","status-publish","format-standard","has-post-thumbnail","category-nachrichten","tag-1217","tag-326","tag-7797","tag-aktuelle-nachrichten","tag-aktuelle-news","tag-bill-pulte","tag-cnn","tag-dana-white","tag-de","tag-deutschland","tag-donald-trump","tag-fbi","tag-germany","tag-headlines","tag-inflation","tag-innenministerium","tag-instagram","tag-j-d-vance","tag-jacob-rese","tag-james-comey","tag-jay-clayton","tag-kanada","tag-kind","tag-marco-rubio","tag-michigan","tag-mma","tag-nachrichten","tag-nbc","tag-news","tag-newsblog","tag-polizei","tag-republikaner","tag-schlagzeilen","tag-tulsi-gabbard","tag-ultimate-fighting-championship","tag-un","tag-us-kongress","tag-usa","tag-washington"],"share_on_mastodon":{"url":"","error":"Validation failed: Text character limit of 500 exceeded"},"_links":{"self":[{"href":"https:\/\/www.europesays.com\/de\/wp-json\/wp\/v2\/posts\/1087646","targetHints":{"allow":["GET"]}}],"collection":[{"href":"https:\/\/www.europesays.com\/de\/wp-json\/wp\/v2\/posts"}],"about":[{"href":"https:\/\/www.europesays.com\/de\/wp-json\/wp\/v2\/types\/post"}],"author":[{"embeddable":true,"href":"https:\/\/www.europesays.com\/de\/wp-json\/wp\/v2\/users\/2"}],"replies":[{"embeddable":true,"href":"https:\/\/www.europesays.com\/de\/wp-json\/wp\/v2\/comments?post=1087646"}],"version-history":[{"count":0,"href":"https:\/\/www.europesays.com\/de\/wp-json\/wp\/v2\/posts\/1087646\/revisions"}],"wp:featuredmedia":[{"embeddable":true,"href":"https:\/\/www.europesays.com\/de\/wp-json\/wp\/v2\/media\/1087647"}],"wp:attachment":[{"href":"https:\/\/www.europesays.com\/de\/wp-json\/wp\/v2\/media?parent=1087646"}],"wp:term":[{"taxonomy":"category","embeddable":true,"href":"https:\/\/www.europesays.com\/de\/wp-json\/wp\/v2\/categories?post=1087646"},{"taxonomy":"post_tag","embeddable":true,"href":"https:\/\/www.europesays.com\/de\/wp-json\/wp\/v2\/tags?post=1087646"}],"curies":[{"name":"wp","href":"https:\/\/api.w.org\/{rel}","templated":true}]}}