{"id":1087957,"date":"2026-06-12T03:30:55","date_gmt":"2026-06-12T03:30:55","guid":{"rendered":"https:\/\/www.europesays.com\/de\/1087957\/"},"modified":"2026-06-12T03:30:55","modified_gmt":"2026-06-12T03:30:55","slug":"schuss-auf-offener-strasse-zwoelf-jahre-haft-fuer-toedlichen-kopfschuss-in-hannover-2","status":"publish","type":"post","link":"https:\/\/www.europesays.com\/de\/1087957\/","title":{"rendered":"Schuss auf offener Stra\u00dfe: Zw\u00f6lf Jahre Haft f\u00fcr t\u00f6dlichen Kopfschuss in Hannover"},"content":{"rendered":"<p class=\"paragraph article__item\">Das Landgericht Hannover hat einen Mann wegen eines t\u00f6dlichen Schusses auf offener Stra\u00dfe zu zw\u00f6lf Jahren Freiheitsstrafe verurteilt. Die Strafkammer legte dem Angeklagten Totschlag in Tateinheit mit gef\u00e4hrlicher K\u00f6rperverletzung zur Last, hinzu kamen weitere Delikte, wie ein Gerichtssprecher mitteilte. Zuerst hatte der <a class=\"rtr-entity\" href=\"https:\/\/www.zeit.de\/thema\/ndr\" rel=\"nofollow noopener\" target=\"_blank\">NDR<\/a> berichtet. Das Urteil ist noch nicht rechtskr\u00e4ftig.\n<\/p>\n<p>Aktuelles<\/p>\n<p>                <a href=\"https:\/\/www.zeit.de\/gesellschaft\/2026-05\/daniela-klette-raf-prozess-raubueberfaelle-gericht\" data-ct-label=\"Daniela Klette: Die RAF habe f\u00fcr sie \u00bbeine wichtige Rolle\u00ab gespielt. Und umgekehrt?\" data-uuid=\"b778b260-b03c-436f-bb7e-b66ab7001836\" rel=\"nofollow noopener\" target=\"_blank\"><\/p>\n<p>        Z+ (abopflichtiger Inhalt);<\/p>\n<p>    Daniela Klette:<br \/>\n                        Die RAF habe f\u00fcr sie \u00bbeine wichtige Rolle\u00ab gespielt. Und umgekehrt?<\/p>\n<p>                <\/a><\/p>\n<p>                <a href=\"https:\/\/www.zeit.de\/gesellschaft\/zeitgeschehen\/2026-06\/reichsbuerger-prinz-reuss-ruediger-von-pescatore-bundeswehr-waffen\" data-ct-label=\"Reichsb\u00fcrger: Bundeswehrwaffen bei Reichsb\u00fcrgerrazzia gefunden\" data-uuid=\"5baf64c1-a311-4601-8a35-63c0cfc736a8\" rel=\"nofollow noopener\" target=\"_blank\"><\/p>\n<p>                        Reichsb\u00fcrger:<br \/>\n                        Bundeswehrwaffen bei Reichsb\u00fcrgerrazzia gefunden<\/p>\n<p>                <\/a><\/p>\n<p>                <a href=\"https:\/\/www.zeit.de\/gesellschaft\/2026-06\/terroranschlag-bielefeld-urteil-oberlandesgericht-duesseldorf-gxe\" data-ct-label=\"Terroranschlag in Bielefeld: T\u00e4ter nach Messerangriff in Bielefeld zu lebenslanger Haft verurteilt\" data-uuid=\"f5f3897c-aa72-465b-ba1e-4a6cfbff189e\" rel=\"nofollow noopener\" target=\"_blank\"><\/p>\n<p>                        Terroranschlag in Bielefeld:<br \/>\n                        T\u00e4ter nach Messerangriff in Bielefeld zu lebenslanger Haft verurteilt<\/p>\n<p>                <\/a><\/p>\n<p>                    Zwei Kugeln trafen den sp\u00e4ter Verstorbenen            <\/p>\n<p class=\"paragraph article__item\">Nach \u00dcberzeugung des Gerichts hatte der Mann am 22. Oktober 2025 in der Vahrenwalder Stra\u00dfe mehrere Sch\u00fcsse auf drei Menschen abgegeben. Ein Mann wurde von zwei Kugeln verletzt, eine davon traf ihn im Gesicht. Dieser Schuss war laut Gericht t\u00f6dlich.\n<\/p>\n<p class=\"paragraph article__item\">Der Tat war demnach ein Streit zwischen zwei Gruppen vorausgegangen. Zun\u00e4chst sei die Auseinandersetzung verbal gef\u00fchrt worden, sp\u00e4ter sei es zu wechselseitigen Schl\u00e4gen gekommen. Als diese Auseinandersetzung bereits beendet gewesen sei, habe der Verurteilte eine Schusswaffe gezogen und geschossen.\n<\/p>\n<p>            Gericht: Verurteilter gab ersten Schuss ab            <\/p>\n<p class=\"paragraph article__item\">Das Gericht setzte sich nach Angaben des Sprechers ausf\u00fchrlich mit der Frage einer m\u00f6glichen Notwehr auseinander. Eine solche hielt die Kammer nach W\u00fcrdigung der Beweise aber f\u00fcr ausgeschlossen. Entscheidend waren demnach unter anderem ein rechtsmedizinisches Gutachten und mehrere Zeugenaussagen. Danach habe der Angeklagte den ersten Schuss abgegeben und damit selbst einen Angriff ver\u00fcbt.\n<\/p>\n<p class=\"paragraph article__item\">Hintergrund der Tat war nach den Urteilsgr\u00fcnden ein Konflikt zwischen den beiden M\u00e4nnern. Der Angeklagte hatte dem Mann zu einem fr\u00fcheren Zeitpunkt in einer von ihm betriebenen Bar eine Schusswaffe weggenommen, als er dort einen Streit schlichtete.\n<\/p>\n<p>            Get\u00f6teter hatte Verurteilten bedroht            <\/p>\n<p class=\"paragraph article__item\">Das sp\u00e4tere Opfer habe dies als Ehrverletzung empfunden, auf Rache gesonnen und den Verurteilten anschlie\u00dfend bedroht. Dieser habe die Drohungen zwar ernst genommen. Darin sei aber kein Grund zu erkennen gewesen, der die T\u00f6tung eines Menschen gerechtfertigt h\u00e4tte, so das Gericht.\n<\/p>\n<p class=\"paragraph article__item\">\u00a9 dpa-infocom, dpa:260611-930-209321\/1<\/p>\n","protected":false},"excerpt":{"rendered":"Das Landgericht Hannover hat einen Mann wegen eines t\u00f6dlichen Schusses auf offener Stra\u00dfe zu zw\u00f6lf Jahren Freiheitsstrafe verurteilt.&hellip;\n","protected":false},"author":2,"featured_media":1087958,"comment_status":"","ping_status":"","sticky":false,"template":"","format":"standard","meta":{"footnotes":"","_share_on_mastodon":"0"},"categories":[1836],"tags":[3364,29,5165,30,46,24515,682,25273,438,15,1411,231006,77592],"class_list":["post-1087957","post","type-post","status-publish","format-standard","has-post-thumbnail","category-hannover","tag-de","tag-deutschland","tag-freiheitsstrafe","tag-germany","tag-hannover","tag-kopfschuss","tag-koerperverletzung","tag-landgericht-hannover","tag-ndr","tag-news","tag-niedersachsen","tag-schuss-auf-offener-strasse","tag-strafkammer"],"share_on_mastodon":{"url":"https:\/\/pubeurope.com\/@de\/116735029122611353","error":""},"_links":{"self":[{"href":"https:\/\/www.europesays.com\/de\/wp-json\/wp\/v2\/posts\/1087957","targetHints":{"allow":["GET"]}}],"collection":[{"href":"https:\/\/www.europesays.com\/de\/wp-json\/wp\/v2\/posts"}],"about":[{"href":"https:\/\/www.europesays.com\/de\/wp-json\/wp\/v2\/types\/post"}],"author":[{"embeddable":true,"href":"https:\/\/www.europesays.com\/de\/wp-json\/wp\/v2\/users\/2"}],"replies":[{"embeddable":true,"href":"https:\/\/www.europesays.com\/de\/wp-json\/wp\/v2\/comments?post=1087957"}],"version-history":[{"count":0,"href":"https:\/\/www.europesays.com\/de\/wp-json\/wp\/v2\/posts\/1087957\/revisions"}],"wp:featuredmedia":[{"embeddable":true,"href":"https:\/\/www.europesays.com\/de\/wp-json\/wp\/v2\/media\/1087958"}],"wp:attachment":[{"href":"https:\/\/www.europesays.com\/de\/wp-json\/wp\/v2\/media?parent=1087957"}],"wp:term":[{"taxonomy":"category","embeddable":true,"href":"https:\/\/www.europesays.com\/de\/wp-json\/wp\/v2\/categories?post=1087957"},{"taxonomy":"post_tag","embeddable":true,"href":"https:\/\/www.europesays.com\/de\/wp-json\/wp\/v2\/tags?post=1087957"}],"curies":[{"name":"wp","href":"https:\/\/api.w.org\/{rel}","templated":true}]}}