{"id":1087973,"date":"2026-06-12T03:39:50","date_gmt":"2026-06-12T03:39:50","guid":{"rendered":"https:\/\/www.europesays.com\/de\/1087973\/"},"modified":"2026-06-12T03:39:50","modified_gmt":"2026-06-12T03:39:50","slug":"bvb-es-geht-um-die-sommer-transfers-dortmund-hat-ein-wm-problem-sport","status":"publish","type":"post","link":"https:\/\/www.europesays.com\/de\/1087973\/","title":{"rendered":"BVB: Es geht um die Sommer-Transfers: Dortmund hat ein WM-Problem | Sport"},"content":{"rendered":"<p><a class=\"skip-content skip-content--link\" href=\"#in-content-skip-link-target-v-0-0\">TTS-Player \u00fcberspringen\u21b5<\/a><a id=\"in-content-skip-link-target-v-0-0\" class=\"skip-content--target-link-hidden skip-content skip-content--target-link\" href=\"#in-content-skip-link-target-v-0-0\">Artikel weiterlesen<\/a><\/p>\n<p data-21134c99=\"0-2183\"><b>Ganz Fu\u00dfball-Deutschland freut sich auf die am Donnerstagabend beginnende WM in den USA, Kanada und Mexiko. In <\/b><a href=\"https:\/\/www.bild.de\/sport\/fussball\/borussia-dortmund\/startseite-bvb-31074434.bild.html\" class=\"text-link\" rel=\"nofollow noopener\" target=\"_blank\"><b>Dortmund<\/b><\/a><b> werden sie sicherlich mit gemischten Gef\u00fchlen das Gro\u00dfereignis beobachten. Vor dem letzten Liga-Spiel in Bremen (2:0) erkl\u00e4rte Sport-Direktor Ole Book (40), dass der Pott-Klub im Idealfall noch vor der Weltmeisterschaft ein bis zwei Spieler verpflichten wolle. Passiert ist nichts \u2013 und genau das k\u00f6nnte f\u00fcr die Kader-Konstrukteure des BVB Schwierigkeiten verursachen.<\/b><\/p>\n<p>Dortmund hat ein WM-Problem<\/p>\n<p data-21134c99=\"0-2183\">Klar ist: Spieler, die sich bei dem Turnier in den Vordergrund spielen und dann auch f\u00fcr den BVB interessant werden k\u00f6nnten, sind nach der WM nur deutlich \u00fcber Marktpreis zu erhalten. Wie so oft werden dann die abgebenden Vereine Mondpreise aufrufen. Ob die Stars dann noch in das Dortmunder Budget passen?<\/p>\n<p data-21134c99=\"0-2183\">Nach BILD-Informationen hat der Klub zwar noch zwischen 30 und 40 Mio. Euro in der Transfer-Kasse. Aber es sollen ja auch noch mindestens zwei Verst\u00e4rkungen kommen. Ein Nachfolger f\u00fcr Julian Brandt (30\/Vertrag nicht verl\u00e4ngert) soll kommen, dazu noch ein Mittelfeldspieler oder ein Au\u00dfenverteidiger. Je nachdem, was mit Yan Couto (24\/Como hat Interesse) oder auch Julian Ryerson (28\/ManUnited hat Interesse) passiert.<\/p>\n<p data-21134c99=\"0-2183\">Fakt ist: Daf\u00fcr muss sich beim BVB aber auch etwas auf der Abgaben-Seite tun. Im Fokus: St\u00fcrmer Serhou Guirassy (30) und Fl\u00fcgel-Flitzer Karim Adeyemi (24). Weil sie aber nicht bei der Weltmeisterschaft vorspielen und sich so f\u00fcr andere Vereine empfehlen k\u00f6nnen, muss der BVB hoffen, dass ein Top-Klub auch ohne WM-Beteiligung eine fette Abl\u00f6se bezahlt.<\/p>\n<p data-21134c99=\"0-2183\">Bei Guirassy halten sich die Ger\u00fcchte hartn\u00e4ckig, dass Fenerbah\u00e7e ihn unbedingt haben will. Ein Transfer k\u00f6nnte zwischen 35 und 40 Mio. Euro einbringen. Bei Adeyemi sieht es mit Interessenten (noch) mau aus. Er hat seit Monaten einen unterschriftsreifen Vertrag vorliegen, z\u00f6gert aber mit einer Unterschrift. Ein Tapetenwechsel in die Premier League w\u00e4re wohl seine Wunschvorstellung. Unter 40 Mio. Euro ist er aber wohl nicht zu haben.<\/p>\n<p data-21134c99=\"0-2183\">Hei\u00dft: Book und Co. m\u00fcssen in diesem Sommer sehr wahrscheinlich einen langen Transfer-Atem haben und erst einmal die WM abwarten.<\/p>\n","protected":false},"excerpt":{"rendered":"TTS-Player \u00fcberspringen\u21b5Artikel weiterlesen Ganz Fu\u00dfball-Deutschland freut sich auf die am Donnerstagabend beginnende WM in den USA, Kanada und&hellip;\n","protected":false},"author":2,"featured_media":1087974,"comment_status":"","ping_status":"","sticky":false,"template":"","format":"standard","meta":{"footnotes":"","_share_on_mastodon":"0"},"categories":[1833],"tags":[104891,888,3364,29,217,538,30,1209,11220,803],"class_list":["post-1087973","post","type-post","status-publish","format-standard","has-post-thumbnail","category-dortmund","tag-adeyemi-karim","tag-borussia-dortmund","tag-de","tag-deutschland","tag-dortmund","tag-erste-bundesliga","tag-germany","tag-nordrhein-westfalen","tag-schlotterbeck-nico","tag-spielertransfer"],"share_on_mastodon":{"url":"https:\/\/pubeurope.com\/@de\/116735064512130172","error":""},"_links":{"self":[{"href":"https:\/\/www.europesays.com\/de\/wp-json\/wp\/v2\/posts\/1087973","targetHints":{"allow":["GET"]}}],"collection":[{"href":"https:\/\/www.europesays.com\/de\/wp-json\/wp\/v2\/posts"}],"about":[{"href":"https:\/\/www.europesays.com\/de\/wp-json\/wp\/v2\/types\/post"}],"author":[{"embeddable":true,"href":"https:\/\/www.europesays.com\/de\/wp-json\/wp\/v2\/users\/2"}],"replies":[{"embeddable":true,"href":"https:\/\/www.europesays.com\/de\/wp-json\/wp\/v2\/comments?post=1087973"}],"version-history":[{"count":0,"href":"https:\/\/www.europesays.com\/de\/wp-json\/wp\/v2\/posts\/1087973\/revisions"}],"wp:featuredmedia":[{"embeddable":true,"href":"https:\/\/www.europesays.com\/de\/wp-json\/wp\/v2\/media\/1087974"}],"wp:attachment":[{"href":"https:\/\/www.europesays.com\/de\/wp-json\/wp\/v2\/media?parent=1087973"}],"wp:term":[{"taxonomy":"category","embeddable":true,"href":"https:\/\/www.europesays.com\/de\/wp-json\/wp\/v2\/categories?post=1087973"},{"taxonomy":"post_tag","embeddable":true,"href":"https:\/\/www.europesays.com\/de\/wp-json\/wp\/v2\/tags?post=1087973"}],"curies":[{"name":"wp","href":"https:\/\/api.w.org\/{rel}","templated":true}]}}