{"id":1088080,"date":"2026-06-12T04:40:23","date_gmt":"2026-06-12T04:40:23","guid":{"rendered":"https:\/\/www.europesays.com\/de\/1088080\/"},"modified":"2026-06-12T04:40:23","modified_gmt":"2026-06-12T04:40:23","slug":"frankreich-und-spanien-gelten-als-klare-favoriten","status":"publish","type":"post","link":"https:\/\/www.europesays.com\/de\/1088080\/","title":{"rendered":"Frankreich und Spanien gelten als klare Favoriten"},"content":{"rendered":"<p>        <img decoding=\"async\" src=\"https:\/\/www.europesays.com\/de\/wp-content\/uploads\/2026\/06\/wm2026-102.webp\" alt=\"Deutsche Fussballnationalmannschaft, Base Camp, Winston-Salem, 08.06.2026 USA\" title=\"Deutsche Fussballnationalmannschaft, Base Camp, Winston-Salem, 08.06.2026 USA | imago\/Eibner\" class=\"responsive\"\/><\/p>\n<p>AUDIO: #NDRfragt: Nur sechs Prozent glauben an WM-Titel f\u00fcr Deutschland (1 Min)<\/p>\n<p>\n                Stand: 12.06.2026 06:00 Uhr<\/p>\n<p class=\"preface\">Zu Beginn der Fu\u00dfball-Weltmeisterschaft h\u00e4lt sich die Euphorie im Norden in Grenzen &#8211; sportlich wie politisch. Die USA als Austragungsort sehen drei Viertel der  #NDRfragt-Community kritisch.<\/p>\n<p class=\"textauthor\">von Matthias Klock<\/p>\n<p class=\"\">Die Erwartungen an die deutsche Nationalmannschaft fallen vor der Fu\u00dfball-WM 2026 verhalten aus. In einer aktuellen #NDRfragt-Umfrage trauen die meisten Befragten der DFB-Elf zwar das Erreichen des Achtelfinales zu, ein langer Turnierlauf wird aber nur von einer Minderheit erwartet: Lediglich zehn Prozent glauben an einen Einzug ins Halbfinale.<\/p>\n<p class=\"\">Alle Ergebnisse zu den WM-Fragen aus der nicht repr\u00e4sentativen, aber gewichteten #NDRfragt-Umfrage <a href=\"https:\/\/storage.googleapis.com\/ndrfragt-public\/survey_reports\/2026-06-11_250-Jahre-USA_WM\/2026-06-11_WM-USA_Norden.html\" title=\"#NDRfragt: Fu\u00dfball-WM 2026 in den USA, Kanada und Mexiko\" class=\"extlink-preface\" data-type=\"external\" rel=\"nofollow noopener\" target=\"_blank\">k\u00f6nnen Sie hier nachlesen<\/a>. An der Umfrage haben 20.162 Menschen aus Norddeutschland teilgenommen.<\/p>\n<p>    Frankreich und Spanien sind klare Favoriten<\/p>\n<p class=\"\">Nur sechs Prozent trauen der deutschen Mannschaft den WM-Titel zu. Die Erwartungen unterscheiden sich dabei deutlich: Unter den Befragten, die der WM grunds\u00e4tzlich positiv gegen\u00fcber stehen, rechnen acht Prozent mit dem Titelgewinn, unter den Kritikern sind es nur drei Prozent.<\/p>\n<p class=\"\">#NDRfragt-Mitglied Ronja (33) aus Hamburg blickt zuversichtlich auf das Turnier: &#8222;Ich freue mich wahnsinnig auf diese WM. Das Turnier in Katar fand ich uninteressant. Jetzt gibt es einen neuen Trainer und eine neue Mannschaft, der ich eine Chance gebe. Au\u00dferdem gibt es noch viele andere Mannschaften, deren Spiele ich mir angucken m\u00f6chte.&#8220;<\/p>\n<p class=\"\">Als wahrscheinlichste Weltmeister sehen die Teilnehmenden Frankreich und Spanien. Danach folgen mit deutlichem Abstand Brasilien, Portugal und Argentinien.<\/p>\n<p>    USA als Austragungsort umstritten<\/p>\n<p class=\"\">Die Skepsis gegen\u00fcber der deutschen Mannschaft passt zur insgesamt kritischen Haltung gegen\u00fcber der WM: 77 Prozent lehnen die USA als Austragungsort ab. Mats (25) aus Hamburg kritisiert das Gastgeberland scharf: &#8222;Es ist ein Event f\u00fcr die Reichen und es wird komplett ausgeblendet, wie mit Menschen in den USA gerade umgegangen wird.&#8220;<\/p>\n<p class=\"\">&#8222;Man fokussiert sehr auf die USA&#8220;, sagt Martin (56) aus Vechta. &#8222;Deswegen bin ich auch gegen einen Boykott. Sicherlich w\u00fcrde ich die USA boykottieren, aber weder Kanada noch Mexiko k\u00f6nnen etwas f\u00fcr das Verhalten von Trump.&#8220;<\/p>\n<p class=\"\">Bei den Fragen zu einem Boykott der WM zeichnet sich ein ambivalentes Bild: Viele Befragte sehen zwar generell die wichtige politische Signalwirkung eines Boykotts von Sportveranstaltungen (63 Prozent), betonen aber auch, dass ein solcher vor allem Sportler und Fans treffen w\u00fcrde (64 Prozent). Zwei Drittel der Befragten sind daf\u00fcr, dass Sport und Politik strikt getrennt werden sollten.<\/p>\n<p class=\"\">Gespalten ist Nikolai (34) aus Hamburg: &#8222;Einerseits bin ich Sportfan und w\u00fcrde gerne die WM genie\u00dfen. Ich kann mir sogar vorstellen, dass eine Euphorie wie 2006 oder 2014 dem Land mal wieder gut tun k\u00f6nnte. Andererseits tun FIFA und die USA alles, um einem das Erlebnis madig zu machen. Mal sehen, wie gut ich das dann trennen kann. Ich gebe dem erstmal eine Chance.&#8220;<\/p>\n<p>                \u00dcber diese Befragung<\/p>\n<p>Die Antworten stammen aus der Umfrage &#8222;USA, Trump, WM: Wie steht es um unsere Beziehung?\u201c, an der sich 20.162 Norddeutsche beteiligt haben.<\/p>\n<p>F\u00fcr die Ergebnisse wurden Antworten zu den WM-Fragen ausgewertet, die vom 10. Juni 2026 um 6 Uhr bis zum 11. Juni 2026 um 6 Uhr abgegeben wurden. Unsere Analyse konzentriert sich auf das norddeutsche Stimmungsbild und wertet gezielt die Antworten aus Schleswig-Holstein, Hamburg, Niedersachsen, Mecklenburg-Vorpommern und Bremen aus. Die Umfragen werden online ausgef\u00fcllt.<\/p>\n<p>Die Ergebnisse der Befragung sind nicht repr\u00e4sentativ. Wir haben sie allerdings nach den statistischen Merkmalen Alter, Geschlecht, Bundesland, Schulabschluss und Familienstand gewichtet. Das hei\u00dft: Antworten von Bev\u00f6lkerungsgruppen, die unter den Befragten seltener vertreten sind als in der norddeutschen Bev\u00f6lkerung, flie\u00dfen st\u00e4rker gewichtet in die Umfrage-Ergebnisse ein. Und die Antworten von in der Befragung \u00fcberrepr\u00e4sentierten Gruppen werden schw\u00e4cher gewichtet. Insgesamt verteilen sich die Antworten dann am Ende eher so, wie es der tats\u00e4chlichen Verteilung der Bev\u00f6lkerungsgruppen in Norddeutschland entspricht.<\/p>\n<p>Abweichungen von 100 Prozentpunkten in Grafiken sind rundungsbedingt oder ergeben sich aus der Antwortoption &#8222;keine Angabe&#8220;.<\/p>\n<p>    Was ist #NDRfragt?<\/p>\n<p class=\"\">#NDRfragt ist das Meinungsbarometer f\u00fcr den Norden. \u00dcber 68.000 Menschen haben sich bereits f\u00fcr die Community angemeldet. Registrierte Mitglieder erhalten regelm\u00e4\u00dfig Einladungen zu neuen Umfragen per E-Mail. Das #NDRfragt-Team wertet die Ergebnisse aus und der NDR berichtet in seinen Programmen dar\u00fcber. So wird das, was Sie denken und meinen, Teil der politischen und gesellschaftlichen Debatte.<\/p>\n<p>        <img decoding=\"async\" src=\"https:\/\/www.europesays.com\/de\/wp-content\/uploads\/2026\/06\/screenshot-178406.webp\" alt=\"Die Alten Herren des Niendorfer TSV sitzen in ihrer Stammkneipe.\" title=\"Die Alten Herren des Niendorfer TSV sitzen in ihrer Stammkneipe. | Screenshot\" class=\"responsive\" loading=\"lazy\"\/><\/p>\n<p>Eine Gruppe Hamburger Amateurkicker reist nach Mexiko &#8211; auch ohne WM-Tickets. Andere Fans geben ihre Karten zur\u00fcck oder gucken das Turnier nicht mal im Fernsehen.<\/p>\n<p>        <img decoding=\"async\" src=\"https:\/\/www.europesays.com\/de\/wp-content\/uploads\/2026\/06\/publicviewing-122.webp\" alt=\" Ein Deutschland-Fan jubelt beim Public Viewing in einer Fanzone\" title=\" Ein Deutschland-Fan jubelt beim Public Viewing in einer Fanzone | picture alliance\/dpa\" class=\"responsive\" loading=\"lazy\"\/><\/p>\n<p>W\u00e4hrend in Hannover bis zu 15.000 Fans erwartet werden, gibt es in Hamburg kein gro\u00dfes Public Viewing. Einige Fans boykottieren das Turnier, andere gehen einen Mittelweg.<\/p>\n<p>        <img decoding=\"async\" src=\"https:\/\/www.europesays.com\/de\/wp-content\/uploads\/2026\/06\/ndrfragt144.webp\" alt=\"Eine Frau h\u00e4lt ein Smartphone in die Kamera, auf dem Display steht &quot;#NDRfragt&quot;\" title=\"Eine Frau h\u00e4lt ein Smartphone in die Kamera, auf dem Display steht &quot;#NDRfragt&quot; | PantherMedia, Yuri Arcurs\" class=\"responsive\" loading=\"lazy\"\/><\/p>\n<p>Wir wollen wissen, was die Menschen in Norddeutschland bewegt. Registrieren Sie sich jetzt f\u00fcr das Dialog- und Umfrageportal des NDR!<\/p>\n<p>        <img decoding=\"async\" src=\"https:\/\/www.europesays.com\/de\/wp-content\/uploads\/2026\/04\/ndrfragt108.webp.webp\" alt=\"Eine Frau schaut auf einen Monitor mit dem Schriftzug &quot;#NDRfragt&quot; (Montage)\" title=\"Eine Frau schaut auf einen Monitor mit dem Schriftzug &quot;#NDRfragt&quot; (Montage) | Colourbox\" class=\"responsive\" loading=\"lazy\"\/><\/p>\n<p>Hier finden Sie alle Ergebnisse der #NDRfragt-Umfragen im \u00dcberblick.<\/p>\n","protected":false},"excerpt":{"rendered":"AUDIO: #NDRfragt: Nur sechs Prozent glauben an WM-Titel f\u00fcr Deutschland (1 Min) Stand: 12.06.2026 06:00 Uhr Zu Beginn&hellip;\n","protected":false},"author":2,"featured_media":1088081,"comment_status":"","ping_status":"","sticky":false,"template":"","format":"standard","meta":{"footnotes":"","_share_on_mastodon":"0"},"categories":[3974],"tags":[331,332,14884,548,663,3934,3980,156,347,13,231030,14,438,98030,15,16,231032,12,4649,7195,17660,231031],"class_list":["post-1088080","post","type-post","status-publish","format-standard","has-post-thumbnail","category-frankreich","tag-aktuelle-nachrichten","tag-aktuelle-news","tag-befragung","tag-eu","tag-europa","tag-europe","tag-france","tag-frankreich","tag-fussball","tag-headlines","tag-meinungsbarometer","tag-nachrichten","tag-ndr","tag-ndrfragt","tag-news","tag-politik","tag-publikumsaktion","tag-schlagzeilen","tag-umfrage","tag-vereine","tag-vereinsleben","tag-vereint-im-norden"],"share_on_mastodon":{"url":"https:\/\/pubeurope.com\/@de\/116735300971689443","error":""},"_links":{"self":[{"href":"https:\/\/www.europesays.com\/de\/wp-json\/wp\/v2\/posts\/1088080","targetHints":{"allow":["GET"]}}],"collection":[{"href":"https:\/\/www.europesays.com\/de\/wp-json\/wp\/v2\/posts"}],"about":[{"href":"https:\/\/www.europesays.com\/de\/wp-json\/wp\/v2\/types\/post"}],"author":[{"embeddable":true,"href":"https:\/\/www.europesays.com\/de\/wp-json\/wp\/v2\/users\/2"}],"replies":[{"embeddable":true,"href":"https:\/\/www.europesays.com\/de\/wp-json\/wp\/v2\/comments?post=1088080"}],"version-history":[{"count":0,"href":"https:\/\/www.europesays.com\/de\/wp-json\/wp\/v2\/posts\/1088080\/revisions"}],"wp:featuredmedia":[{"embeddable":true,"href":"https:\/\/www.europesays.com\/de\/wp-json\/wp\/v2\/media\/1088081"}],"wp:attachment":[{"href":"https:\/\/www.europesays.com\/de\/wp-json\/wp\/v2\/media?parent=1088080"}],"wp:term":[{"taxonomy":"category","embeddable":true,"href":"https:\/\/www.europesays.com\/de\/wp-json\/wp\/v2\/categories?post=1088080"},{"taxonomy":"post_tag","embeddable":true,"href":"https:\/\/www.europesays.com\/de\/wp-json\/wp\/v2\/tags?post=1088080"}],"curies":[{"name":"wp","href":"https:\/\/api.w.org\/{rel}","templated":true}]}}