{"id":108821,"date":"2025-05-14T02:16:21","date_gmt":"2025-05-14T02:16:21","guid":{"rendered":"https:\/\/www.europesays.com\/de\/108821\/"},"modified":"2025-05-14T02:16:21","modified_gmt":"2025-05-14T02:16:21","slug":"17-wissenschaftsforum-mobilitaet-am-15-05-2025-im-citypalais-duisburg-mit-dem-rahmenthema-solving-conflicts-on-the-way-to-sustainable-mobility-forum-in-citypalais-duisburg-vision","status":"publish","type":"post","link":"https:\/\/www.europesays.com\/de\/108821\/","title":{"rendered":"17. Wissenschaftsforum Mobilit\u00e4t am 15.05.2025 im CityPalais Duisburg mit dem Rahmenthema: \u201eSolving Conflicts on the Way to Sustainable Mobility\u201c Forum in CityPalais Duisburg | VISION mobility"},"content":{"rendered":"<p><strong>Begr\u00fc\u00dfung:<\/strong> Ina Brandes MdL, Ministerin f\u00fcr Kultur und Wissenschaft des Landes Nordrhein Westfalen\u00a0<\/p>\n<p><strong>Keynote:<\/strong> Lars Thomsen, Zukunftsforscher und Gr\u00fcnder, future matters AG\u00a0<\/p>\n<p><strong>Podiumsdiskussion 1 (vormittags):\u00a0<\/strong><\/p>\n<ul>\n<li>Utz Rachner, Country Manager Germany, SAIC MAXUS Europe SARL\u00a0<\/li>\n<li>Prof. Dr. Michael Roos, Lehrstuhl f\u00fcr Makro\u00f6konomik, Ruhr Universit\u00e4t Bochum\u00a0<\/li>\n<li>Lars Thomsen, Zukunftsforscher und Gr\u00fcnder, future matters AG\u00a0<\/li>\n<li>Roland Werner, Sen. Director, Head of Government Affairs &amp; Policy, DACH, Southern &amp; Central Europe, Uber\u00a0<\/li>\n<li>Moderation\ua789 Prof. Dr. Margret Borchert, Lehrstuhl f\u00fcr Personal und Unternehmensf\u00fchrung, Universit\u00e4t Duisburg Essen\u00a0<\/li>\n<\/ul>\n<p><strong>\u00fcber 60 Vortr\u00e4ge in f\u00fcnf paralellen Tracks<\/strong>\u00a0<\/p>\n<p><strong>Podiumsdiskussion 2 (nachmittags):<\/strong>\u00a0<\/p>\n<ul>\n<li>Moderation Gregor Soller (Chefredakteur VISION mobility, Huss-Verlag GmbH)\u00a0<\/li>\n<li>Prof. Dr. Helena Wisbert, Ostfalia Hochschule\u00a0<\/li>\n<li>Prof. Dr. Ing. Benedikt Schm\u00fclling, Bergische Universit\u00e4t Wuppertal\u00a0<\/li>\n<li>Prof. Dr. Jens S. Dangschat, Technische Universit\u00e4t Wien\u00a0<\/li>\n<li>Prof. Dr. Pedro J. Marr\u00f3n, Universit\u00e4t Duisburg Essen\u00a0<\/li>\n<li>Prof. Dr. Prof. h. c. Uwe G\u00f6tze, Technische Universit\u00e4t Chemnitz\u00a0<\/li>\n<li>zentrale Erkenntnisse aus den f\u00fcnf Thementracks\u00a0<\/li>\n<\/ul>\n<p>Dar\u00fcber hinaus erwarten Sie eine Ausstellung und Pr\u00e4sentationen wissenschaftlicher Poster.\u00a0<\/p>\n<p>Profitieren auch Sie von aktuellen wissenschaftlichen und praktischen Erkenntnissen sowie dem direkten Austausch mit hunderten Experten und Entscheidern aus Wissenschaft, Wirtschaft und Politik. Weitere Informationen und die M\u00f6glichkeit zur Anmeldung gibt es unter: <a href=\"https:\/\/wifo-mobilitaet.de\/\" target=\"_blank\" rel=\"noopener\">www.wifo-mobilitaet.de<\/a><\/p>\n","protected":false},"excerpt":{"rendered":"Begr\u00fc\u00dfung: Ina Brandes MdL, Ministerin f\u00fcr Kultur und Wissenschaft des Landes Nordrhein Westfalen\u00a0 Keynote: Lars Thomsen, Zukunftsforscher und&hellip;\n","protected":false},"author":2,"featured_media":108822,"comment_status":"","ping_status":"","sticky":false,"template":"","format":"standard","meta":{"footnotes":""},"categories":[1838],"tags":[42712,42713,3364,29,3715,258,30,1209],"class_list":{"0":"post-108821","1":"post","2":"type-post","3":"status-publish","4":"format-standard","5":"has-post-thumbnail","7":"category-duisburg","8":"tag-17-wissenschaftsforum-mobilitaet-am-15-05-2025-im-citypalais-duisburg-mit-dem-rahmenthema-solving-conflicts-on-the-way-to-sustainable-mobility","9":"tag-citypalais-duisburg","10":"tag-de","11":"tag-deutschland","12":"tag-duisburg","13":"tag-forum","14":"tag-germany","15":"tag-nordrhein-westfalen"},"share_on_mastodon":{"url":"https:\/\/pubeurope.com\/@de\/114503783814969580","error":""},"_links":{"self":[{"href":"https:\/\/www.europesays.com\/de\/wp-json\/wp\/v2\/posts\/108821","targetHints":{"allow":["GET"]}}],"collection":[{"href":"https:\/\/www.europesays.com\/de\/wp-json\/wp\/v2\/posts"}],"about":[{"href":"https:\/\/www.europesays.com\/de\/wp-json\/wp\/v2\/types\/post"}],"author":[{"embeddable":true,"href":"https:\/\/www.europesays.com\/de\/wp-json\/wp\/v2\/users\/2"}],"replies":[{"embeddable":true,"href":"https:\/\/www.europesays.com\/de\/wp-json\/wp\/v2\/comments?post=108821"}],"version-history":[{"count":0,"href":"https:\/\/www.europesays.com\/de\/wp-json\/wp\/v2\/posts\/108821\/revisions"}],"wp:featuredmedia":[{"embeddable":true,"href":"https:\/\/www.europesays.com\/de\/wp-json\/wp\/v2\/media\/108822"}],"wp:attachment":[{"href":"https:\/\/www.europesays.com\/de\/wp-json\/wp\/v2\/media?parent=108821"}],"wp:term":[{"taxonomy":"category","embeddable":true,"href":"https:\/\/www.europesays.com\/de\/wp-json\/wp\/v2\/categories?post=108821"},{"taxonomy":"post_tag","embeddable":true,"href":"https:\/\/www.europesays.com\/de\/wp-json\/wp\/v2\/tags?post=108821"}],"curies":[{"name":"wp","href":"https:\/\/api.w.org\/{rel}","templated":true}]}}