{"id":1088358,"date":"2026-06-12T07:18:21","date_gmt":"2026-06-12T07:18:21","guid":{"rendered":"https:\/\/www.europesays.com\/de\/1088358\/"},"modified":"2026-06-12T07:18:21","modified_gmt":"2026-06-12T07:18:21","slug":"wuppertaler-45-legt-feuer-in-briefkasten","status":"publish","type":"post","link":"https:\/\/www.europesays.com\/de\/1088358\/","title":{"rendered":"Wuppertaler (45) legt Feuer in Briefkasten"},"content":{"rendered":"<p class=\"text_ohne_einzug richtext text-em-55 !leading-serif mx-6 desktop:mx-0\">Mitten in der Nacht z\u00fcndete er Zellstoffpapier an, steckte es seinem Kumpel in den Briefkasten. Sperrte gleichzeitig die Haust\u00fcr so zu, dass sie von innen nicht zu \u00f6ffnen war. Die Bewohner des Mehrfamilienhauses an der Holzschneiderstra\u00dfe fanden das Treppenhaus voller Rauch vor. Zu einem Hausbrand kam es zum Gl\u00fcck nicht. Der Mann (45), der in der Nacht auf den 9.\u2005Dezember gegen 0.50 Uhr gez\u00fcndelt hat, steht jetzt wegen versuchten Mordes in sechs F\u00e4llen und wegen versuchter Brandstiftung mit Todesfolge vor dem Landgericht. <\/p>\n","protected":false},"excerpt":{"rendered":"Mitten in der Nacht z\u00fcndete er Zellstoffpapier an, steckte es seinem Kumpel in den Briefkasten. Sperrte gleichzeitig die&hellip;\n","protected":false},"author":2,"featured_media":1088359,"comment_status":"","ping_status":"","sticky":false,"template":"","format":"standard","meta":{"footnotes":"","_share_on_mastodon":"0"},"categories":[1840],"tags":[56727,3364,29,14298,18719,30,5213,58550,12856,47662,57854,17930,1209,56759,18887,1269,231086,87977,18209,4418,231087],"class_list":["post-1088358","post","type-post","status-publish","format-standard","has-post-thumbnail","category-wuppertal","tag-briefkasten","tag-de","tag-deutschland","tag-freund","tag-freundin","tag-germany","tag-haus","tag-hausbewohner","tag-hausbrand","tag-haustuer","tag-mehrfamilienhauses","tag-mordversuch","tag-nordrhein-westfalen","tag-oeffnen","tag-papier","tag-prozess","tag-steckte","tag-streich","tag-treppenhaus","tag-wuppertal","tag-zellstoffpapier"],"share_on_mastodon":{"url":"https:\/\/pubeurope.com\/@de\/116735921852853006","error":""},"_links":{"self":[{"href":"https:\/\/www.europesays.com\/de\/wp-json\/wp\/v2\/posts\/1088358","targetHints":{"allow":["GET"]}}],"collection":[{"href":"https:\/\/www.europesays.com\/de\/wp-json\/wp\/v2\/posts"}],"about":[{"href":"https:\/\/www.europesays.com\/de\/wp-json\/wp\/v2\/types\/post"}],"author":[{"embeddable":true,"href":"https:\/\/www.europesays.com\/de\/wp-json\/wp\/v2\/users\/2"}],"replies":[{"embeddable":true,"href":"https:\/\/www.europesays.com\/de\/wp-json\/wp\/v2\/comments?post=1088358"}],"version-history":[{"count":0,"href":"https:\/\/www.europesays.com\/de\/wp-json\/wp\/v2\/posts\/1088358\/revisions"}],"wp:featuredmedia":[{"embeddable":true,"href":"https:\/\/www.europesays.com\/de\/wp-json\/wp\/v2\/media\/1088359"}],"wp:attachment":[{"href":"https:\/\/www.europesays.com\/de\/wp-json\/wp\/v2\/media?parent=1088358"}],"wp:term":[{"taxonomy":"category","embeddable":true,"href":"https:\/\/www.europesays.com\/de\/wp-json\/wp\/v2\/categories?post=1088358"},{"taxonomy":"post_tag","embeddable":true,"href":"https:\/\/www.europesays.com\/de\/wp-json\/wp\/v2\/tags?post=1088358"}],"curies":[{"name":"wp","href":"https:\/\/api.w.org\/{rel}","templated":true}]}}