{"id":1088498,"date":"2026-06-12T08:32:15","date_gmt":"2026-06-12T08:32:15","guid":{"rendered":"https:\/\/www.europesays.com\/de\/1088498\/"},"modified":"2026-06-12T08:32:15","modified_gmt":"2026-06-12T08:32:15","slug":"50-jahre-turmberg-city-stompers-jubilaeumskonzert-in-der-traube","status":"publish","type":"post","link":"https:\/\/www.europesays.com\/de\/1088498\/","title":{"rendered":"50 Jahre Turmberg-City-Stompers: Jubil\u00e4umskonzert in der Traube"},"content":{"rendered":"<p>Die Geschichte der Formation begann im August 1976 beim 50-j\u00e4hrigen Jubil\u00e4um der Traube. Ehemalige Musiker Durlacher Dixieland-Bands wie \u201eCrawfish\u201c, \u201eHot Chickens\u201c und \u201eMama\u2019s Washhouse Stompers\u201c fanden sich damals zu einer gemeinsamen Jam-Session zusammen. Aus der zun\u00e4chst scherzhaft als \u201eRentnerband\u201c bezeichneten Gruppe wurden schon bald die Turmberg-City-Stompers.<\/p>\n<p>Nach einer l\u00e4ngeren Phase mit weniger \u00f6ffentlichen Auftritten sorgten regelm\u00e4\u00dfige Proben seit 2024 f\u00fcr neuen Schwung. Die Lust am gemeinsamen Musizieren f\u00fchrte zu mehreren erfolgreichen Konzerten. Beim Publikum kommen vor allem die Klassiker aus Jazz, Dixie, Swing und Blues gut an. Zum Repertoire geh\u00f6ren unter anderem \u201eBourbon Street\u201c, \u201eAll of Me\u201c und \u201eOn the Sunny Side of the Street\u201c.<\/p>\n<p>Verst\u00e4rkung f\u00fcr die Band<\/p>\n<p>Neu zur Formation gesto\u00dfen sind Uwe Daiminger an der Trompete und Rainer Daub am Banjo. Gemeinsam mit Wolfgang \u201eWeWe\u201c Weber (Klarinette), Hans K\u00fcchel (Schlagzeug), Hermann Meisel (Tenorsaxophon), Gerhard \u201eGaul\u201c Stolz (Bass) und Axel Hauck (Posaune) sorgen sie f\u00fcr den charakteristischen Sound der Band.<\/p>\n<p>Weitere Auftritte im Juli<\/p>\n<p>Auch nach dem Jubil\u00e4umskonzert stehen weitere \u00f6ffentliche Termine an. Am 2. Juli 2026 spielen die Turmberg-City-Stompers auf dem Campus der RaumFabrik Durlach im Anschluss an den 3. RaumFabrikLauf. Au\u00dferdem ist die Band am 25. Juli 2026 um 19 Uhr im Schlossgarten beim Durlacher Kultursommer zu h\u00f6ren. Der Eintritt ist auch bei diesen Veranstaltungen frei.<\/p>\n","protected":false},"excerpt":{"rendered":"Die Geschichte der Formation begann im August 1976 beim 50-j\u00e4hrigen Jubil\u00e4um der Traube. Ehemalige Musiker Durlacher Dixieland-Bands wie&hellip;\n","protected":false},"author":2,"featured_media":1088499,"comment_status":"","ping_status":"","sticky":false,"template":"","format":"standard","meta":{"footnotes":"","_share_on_mastodon":"0"},"categories":[1844],"tags":[231131,25552,1634,3364,29,30,3009,8903,128054,231129,231130],"class_list":["post-1088498","post","type-post","status-publish","format-standard","has-post-thumbnail","category-karlsruhe","tag-truabe","tag-50-jahre","tag-baden-wuerttemberg","tag-de","tag-deutschland","tag-germany","tag-jubilaeum","tag-karlsruhe","tag-tcs","tag-turmber-city-stompers","tag-wewe"],"share_on_mastodon":{"url":"https:\/\/pubeurope.com\/@de\/116736212951837243","error":""},"_links":{"self":[{"href":"https:\/\/www.europesays.com\/de\/wp-json\/wp\/v2\/posts\/1088498","targetHints":{"allow":["GET"]}}],"collection":[{"href":"https:\/\/www.europesays.com\/de\/wp-json\/wp\/v2\/posts"}],"about":[{"href":"https:\/\/www.europesays.com\/de\/wp-json\/wp\/v2\/types\/post"}],"author":[{"embeddable":true,"href":"https:\/\/www.europesays.com\/de\/wp-json\/wp\/v2\/users\/2"}],"replies":[{"embeddable":true,"href":"https:\/\/www.europesays.com\/de\/wp-json\/wp\/v2\/comments?post=1088498"}],"version-history":[{"count":0,"href":"https:\/\/www.europesays.com\/de\/wp-json\/wp\/v2\/posts\/1088498\/revisions"}],"wp:featuredmedia":[{"embeddable":true,"href":"https:\/\/www.europesays.com\/de\/wp-json\/wp\/v2\/media\/1088499"}],"wp:attachment":[{"href":"https:\/\/www.europesays.com\/de\/wp-json\/wp\/v2\/media?parent=1088498"}],"wp:term":[{"taxonomy":"category","embeddable":true,"href":"https:\/\/www.europesays.com\/de\/wp-json\/wp\/v2\/categories?post=1088498"},{"taxonomy":"post_tag","embeddable":true,"href":"https:\/\/www.europesays.com\/de\/wp-json\/wp\/v2\/tags?post=1088498"}],"curies":[{"name":"wp","href":"https:\/\/api.w.org\/{rel}","templated":true}]}}