{"id":1088536,"date":"2026-06-12T08:54:16","date_gmt":"2026-06-12T08:54:16","guid":{"rendered":"https:\/\/www.europesays.com\/de\/1088536\/"},"modified":"2026-06-12T08:54:16","modified_gmt":"2026-06-12T08:54:16","slug":"ver-di-kritisiert-vorgehen-und-spricht-von-union-busting","status":"publish","type":"post","link":"https:\/\/www.europesays.com\/de\/1088536\/","title":{"rendered":"ver.di kritisiert Vorgehen und spricht von Union Busting"},"content":{"rendered":"<p><strong>Der ver.di Bezirk K\u00f6ln-Bonn-Leverkusen kritisiert die kurzfristige Freistellung eines langj\u00e4hrig besch\u00e4ftigten Mitarbeiters und aktiven Betriebsratsmitglieds der K\u00f6lnB\u00e4der GmbH. Ausl\u00f6ser des Konflikts sei ein angeblicher Arbeitszeitversto\u00df, wegen dem die Arbeitgeberseite beim Betriebsrat die Zustimmung zu einer au\u00dferordentlichen K\u00fcndigung beantragt hatte. Nach Kenntnis von ver.di hat der Betriebsrat diese Zustimmung jedoch nicht erteilt. Nach Auffassung von ver.di fehlt damit die Grundlage f\u00fcr die Freistellung des Kollegen. Dennoch hat die Personalabteilung den Besch\u00e4ftigten freigestellt. Die Gewerkschaft sieht in der Ma\u00dfnahme eine Beeintr\u00e4chtigung f\u00fcr die Wahrnehmung seines Betriebsratsmandats, insbesondere wenn dadurch der unmittelbare Kontakt zur Belegschaft erschwert wird. Sie sieht daher Anzeichen f\u00fcr eine Behinderung der Betriebsratsarbeit und spricht von Union Busting.<\/strong><\/p>\n<p>\u201eEine Freistellung ohne arbeitsrechtliche Grundlage ist ein massiver Eingriff in die Rechte eines Betriebsratsmitglieds und ein Angriff auf die demokratische Mitbestimmung im Betrieb\u201c, erkl\u00e4rt Tjark Sauer, Gesch\u00e4ftsf\u00fchrer der vereinten Dienstleistungsgewerkschaft ver.di in K\u00f6ln. \u201eWir fordern die K\u00f6lnB\u00e4der GmbH auf, diese Ma\u00dfnahme unverz\u00fcglich zur\u00fcckzunehmen und den Kollegen wieder an seinem bisherigen Arbeitsplatz einzusetzen.\u201c <\/p>\n<p>ver.di k\u00fcndigt an, den betroffenen Besch\u00e4ftigten sowie den Betriebsrat weiterhin umfassend zu unterst\u00fctzen und alle rechtlichen Schritte zu pr\u00fcfen, um die Mitbestimmungsrechte zu sch\u00fctzen.<\/p>\n","protected":false},"excerpt":{"rendered":"Der ver.di Bezirk K\u00f6ln-Bonn-Leverkusen kritisiert die kurzfristige Freistellung eines langj\u00e4hrig besch\u00e4ftigten Mitarbeiters und aktiven Betriebsratsmitglieds der K\u00f6lnB\u00e4der GmbH.&hellip;\n","protected":false},"author":2,"featured_media":1088537,"comment_status":"","ping_status":"","sticky":false,"template":"","format":"standard","meta":{"footnotes":"","_share_on_mastodon":"0"},"categories":[1842],"tags":[1741,3364,29,9331,30,618,1209],"class_list":["post-1088536","post","type-post","status-publish","format-standard","has-post-thumbnail","category-bonn","tag-bonn","tag-de","tag-deutschland","tag-gemeinden","tag-germany","tag-gewerkschaft","tag-nordrhein-westfalen"],"share_on_mastodon":{"url":"https:\/\/pubeurope.com\/@de\/116736299310119023","error":""},"_links":{"self":[{"href":"https:\/\/www.europesays.com\/de\/wp-json\/wp\/v2\/posts\/1088536","targetHints":{"allow":["GET"]}}],"collection":[{"href":"https:\/\/www.europesays.com\/de\/wp-json\/wp\/v2\/posts"}],"about":[{"href":"https:\/\/www.europesays.com\/de\/wp-json\/wp\/v2\/types\/post"}],"author":[{"embeddable":true,"href":"https:\/\/www.europesays.com\/de\/wp-json\/wp\/v2\/users\/2"}],"replies":[{"embeddable":true,"href":"https:\/\/www.europesays.com\/de\/wp-json\/wp\/v2\/comments?post=1088536"}],"version-history":[{"count":0,"href":"https:\/\/www.europesays.com\/de\/wp-json\/wp\/v2\/posts\/1088536\/revisions"}],"wp:featuredmedia":[{"embeddable":true,"href":"https:\/\/www.europesays.com\/de\/wp-json\/wp\/v2\/media\/1088537"}],"wp:attachment":[{"href":"https:\/\/www.europesays.com\/de\/wp-json\/wp\/v2\/media?parent=1088536"}],"wp:term":[{"taxonomy":"category","embeddable":true,"href":"https:\/\/www.europesays.com\/de\/wp-json\/wp\/v2\/categories?post=1088536"},{"taxonomy":"post_tag","embeddable":true,"href":"https:\/\/www.europesays.com\/de\/wp-json\/wp\/v2\/tags?post=1088536"}],"curies":[{"name":"wp","href":"https:\/\/api.w.org\/{rel}","templated":true}]}}