{"id":1088749,"date":"2026-06-12T10:56:18","date_gmt":"2026-06-12T10:56:18","guid":{"rendered":"https:\/\/www.europesays.com\/de\/1088749\/"},"modified":"2026-06-12T10:56:18","modified_gmt":"2026-06-12T10:56:18","slug":"wirklich-duester-hollywood-star-verraet-neue-details-zum-drehbuch-von-the-batman-2","status":"publish","type":"post","link":"https:\/\/www.europesays.com\/de\/1088749\/","title":{"rendered":"\u201eWirklich d\u00fcster\u201c: Hollywood-Star verr\u00e4t neue Details zum Drehbuch von \u201eThe Batman 2\u201c"},"content":{"rendered":"<p>Nachdem es einige Probleme mit der Fortsetzung zu \u201eThe Batman\u201c gab, scheinen die Arbeiten nun in vollem Gange zu sein. Ein Star des ersten Teils plaudert nun neue Details zum Drehbuch aus.<\/p>\n<p>Wenn du \u00fcber diese Links einkaufst, erhalten wir eine Provision, die unsere<br \/>\nredaktionelle Arbeit unterst\u00fctzt. Der Preis f\u00fcr dich bleibt dabei<br \/>\nunver\u00e4ndert. Diese Affiliate-Links sind durch ein  Symbol<br \/>\ngekennzeichnet. \u00a0<a class=\"alice-affiliate-info__link\" href=\"https:\/\/www.kino.de\/erloesmodelle\/\" target=\"_blank\" rel=\"nofollow noopener\">Mehr erfahren.<\/a><\/p>\n<p>Er war mit einer Summe von 772 Millionen US-Dollar der umsatzst\u00e4rkste Film des Jahres 2022 und wurde von Kritiker*innen auf der ganzen Welt gefeiert: Die Rede ist nat\u00fcrlich von \u201e<strong><a href=\"https:\/\/www.kino.de\/film\/the-batman-2022\/\" rel=\"nofollow noopener\" target=\"_blank\">The Batman<\/a><\/strong>\u201c mit Robert Pattinson in der Rolle des DC-Superhelden.<\/p>\n<p>Es war also nur eine Frage der Zeit, bis man gr\u00fcnes Licht f\u00fcr einen weiteren Teil im Superheld*innen-Franchise geben w\u00fcrde. Die Arbeiten an \u201e<strong><a href=\"https:\/\/www.kino.de\/film\/the-batman-part-ii-2026\/\" rel=\"nofollow noopener\" target=\"_blank\">The Batman 2<\/a><\/strong>\u201c laufen auf Hochtouren \u2013 das best\u00e4tigt niemand Geringeres als <strong>Colin Farrell<\/strong>, der im ersten Teil den Superschurken Penguin mimte. Seine Rolle als Mafiaboss Oz Cobb spielte der Schauspieler so \u00fcberzeugend, dass er von HBO mit \u201e<strong><a href=\"https:\/\/www.kino.de\/serie\/the-penguin-2024\/\" rel=\"nofollow noopener\" target=\"_blank\">The Penguin<\/a><\/strong>\u201c sogar eine Mini-Serie bekam. Mit 24 Primetime-Emmy-Nominierungen und neun gewonnenen Kategorien erwies sich diese als riesiger Erfolg.<\/p>\n<p>Colin Farrell \u00fcber das \u201eThe Batman 2\u201c-Skript: \u201eErschreckend\u201c und \u201ewirklich d\u00fcster\u201c<\/p>\n<p>Nun kehrt Farrell auch bei \u201eThe Batman 2\u201c zur\u00fcck \u2013 und das Skript scheint ihn jetzt schon von den Socken zu hauen. Im Interview mit <a href=\"https:\/\/screenrant.com\/batman-part-2-colin-farrell-penguin-how-many-scenes-terrifying\/\" target=\"_blank\" rel=\"nofollow noopener\">ScreenRant<\/a> teilte er seine Meinung zu <strong>Matt Reeves<\/strong> Drehbuch:<\/p>\n<blockquote class=\"alice-quote \">\n<p>\u201eIch durfte es von der ersten bis zur letzten Seite lesen und es ist wirklich gro\u00dfartig. Ich finde Matt Reeves einfach genial. Er hat nicht nur vom Ton her ein wirklich d\u00fcsteres und stellenweise be\u00e4ngstigendes Werk geschaffen, das nicht nur psychologisch tiefgr\u00fcndig und nuanciert, sondern auch unglaublich gef\u00fchlvoll ist. Es ist wirklich&#8230; Es gibt Momente darin. Es ist voller Gef\u00fchl. Ich finde, er hat ein zeitgen\u00f6ssisches Genre-Meisterwerk geschaffen.\u201c<\/p>\n<\/blockquote>\n<p>Nat\u00fcrlich fragen sich alle Fans von \u201eThe Batman\u201c, was uns in der Fortsetzung erwarten k\u00f6nnte. Wir haben im folgenden Video dazu einige Gedanken und \u00dcberlegungen zusammengefasst:<\/p>\n<p><img decoding=\"async\" class=\"alice-video-feed__placeholder-image\" fetchpriority=\"high\" alt=\"THE BATMAN 2: Was erwartet uns in einer Fortsetzung?\" title=\"THE BATMAN 2: Was erwartet uns in einer Fortsetzung?\" src=\"https:\/\/www.europesays.com\/de\/wp-content\/uploads\/2026\/06\/888d38286fead26cdd2eb1c4ae_cmUgMTIwMCAwAzY1OGQyZmRjMjFh.jpg\" \/>Colin Farrells \u201eThe Batman 2\u201c-Rolle ist winzig klein<\/p>\n<p>W\u00e4hrend Farrell gar nicht mehr aus dem Schw\u00e4rmen herauskommt, gibt es allerdings f\u00fcr Fans des Schauspielers und seiner Darstellung als B\u00f6sewicht einen kleinen D\u00e4mpfer: Der \u201e<strong><a href=\"https:\/\/www.kino.de\/film\/the-banshees-of-inisherin-2022\/\" rel=\"nofollow noopener\" target=\"_blank\">The Banshee of Inisherin<\/a><\/strong>\u201c-Star wird nur in zwei Szenen zu sehen sein. Die Bildschirmzeit f\u00fcr Farrell k\u00f6nnte also beinahe erschreckend gering sein.<\/p>\n<p>F\u00fcr den Schauspieler ist seine kleine Rolle allerdings kein Problem. Im Gegenteil: Er freut sich sogar dar\u00fcber:<\/p>\n<blockquote class=\"alice-quote \">\n<p>\u201eIch bin nur in zwei Szenen zu sehen, was super ist, denn so kann ich den Rest des Films richtig genie\u00dfen.\u201c<\/p>\n<\/blockquote>\n<p>Farrell wird es sich also eher hinter den Kulissen von \u201eThe Batman 2\u201c gem\u00fctlich machen. Daf\u00fcr r\u00fccken andere Hollywood-Stars nach, die zum Cast rund um Robert Pattinson dazusto\u00dfen. Bisher best\u00e4tigt sind unter anderem <strong>Sebastian Stan, Scarlett Johansson, Charles Dance, Brian Tyree Henry und Sebastian Koch<\/strong>.<\/p>\n<p>Und die Ger\u00fcchtek\u00fcche bez\u00fcglich der Rollen der Stars brodelt. Es ist zwar noch nicht offiziell best\u00e4tigt, es wird allerdings gemunkelt, dass MCU-Star Sebastian Stan die Rolle von Harvey Dent\/Two-Face \u00fcbernehmen wird. Johansson soll Ger\u00fcchten zufolge Harveys Ehefrau Gilda Dent verk\u00f6rpern, w\u00e4hrend Dance f\u00fcr Harveys Vater Christopher Dent vorgesehen ist. Sind die Ger\u00fcchte wahr, k\u00f6nnte \u201eThe Batman 2\u201c die Dent-Familie in den Mittelpunkt der Schurken-Rolle stellen. Das w\u00fcrde wiederum auch erkl\u00e4ren, warum Colin Farrells Pinguin nur eine kleine Rolle in der n\u00e4chsten Storyline spielen wird.<\/p>\n<p>Doch damit noch nicht genug. Denn laut dem Flurfunk soll auch \u201e<strong><a href=\"https:\/\/www.kino.de\/film\/eternals-2021\/\" rel=\"nofollow noopener\" target=\"_blank\">Eternals<\/a><\/strong>\u201c-Star <strong>Barry Keoghan<\/strong> als Joker zur\u00fcckkehren. Seine Figur wurde am Ende von \u201eThe Batman\u201c eingef\u00fchrt. Wie bei den anderen Rollen-Ger\u00fcchten, steht aber auch hier noch eine offizielle Best\u00e4tigung aus.<\/p>\n","protected":false},"excerpt":{"rendered":"Nachdem es einige Probleme mit der Fortsetzung zu \u201eThe Batman\u201c gab, scheinen die Arbeiten nun in vollem Gange&hellip;\n","protected":false},"author":2,"featured_media":1088750,"comment_status":"","ping_status":"","sticky":false,"template":"","format":"standard","meta":{"footnotes":"","_share_on_mastodon":"0"},"categories":[1771],"tags":[1778,29,214,30,95,1777,215],"class_list":["post-1088749","post","type-post","status-publish","format-standard","has-post-thumbnail","category-kino","tag-cinema","tag-deutschland","tag-entertainment","tag-germany","tag-kino","tag-movie","tag-unterhaltung"],"share_on_mastodon":{"url":"https:\/\/pubeurope.com\/@de\/116736779099471915","error":""},"_links":{"self":[{"href":"https:\/\/www.europesays.com\/de\/wp-json\/wp\/v2\/posts\/1088749","targetHints":{"allow":["GET"]}}],"collection":[{"href":"https:\/\/www.europesays.com\/de\/wp-json\/wp\/v2\/posts"}],"about":[{"href":"https:\/\/www.europesays.com\/de\/wp-json\/wp\/v2\/types\/post"}],"author":[{"embeddable":true,"href":"https:\/\/www.europesays.com\/de\/wp-json\/wp\/v2\/users\/2"}],"replies":[{"embeddable":true,"href":"https:\/\/www.europesays.com\/de\/wp-json\/wp\/v2\/comments?post=1088749"}],"version-history":[{"count":0,"href":"https:\/\/www.europesays.com\/de\/wp-json\/wp\/v2\/posts\/1088749\/revisions"}],"wp:featuredmedia":[{"embeddable":true,"href":"https:\/\/www.europesays.com\/de\/wp-json\/wp\/v2\/media\/1088750"}],"wp:attachment":[{"href":"https:\/\/www.europesays.com\/de\/wp-json\/wp\/v2\/media?parent=1088749"}],"wp:term":[{"taxonomy":"category","embeddable":true,"href":"https:\/\/www.europesays.com\/de\/wp-json\/wp\/v2\/categories?post=1088749"},{"taxonomy":"post_tag","embeddable":true,"href":"https:\/\/www.europesays.com\/de\/wp-json\/wp\/v2\/tags?post=1088749"}],"curies":[{"name":"wp","href":"https:\/\/api.w.org\/{rel}","templated":true}]}}