{"id":108878,"date":"2025-05-14T02:48:12","date_gmt":"2025-05-14T02:48:12","guid":{"rendered":"https:\/\/www.europesays.com\/de\/108878\/"},"modified":"2025-05-14T02:48:12","modified_gmt":"2025-05-14T02:48:12","slug":"roland-kaiser-bleibt-der-hauptstadt-emotional-verbunden","status":"publish","type":"post","link":"https:\/\/www.europesays.com\/de\/108878\/","title":{"rendered":"Roland Kaiser bleibt der Hauptstadt emotional verbunden"},"content":{"rendered":"<p>Roland Kaiser <\/p>\n<p>\u201eBerlin verlassen geht vom Herzen her nicht&#8220;<\/p>\n<p>14.05.2025 &#8211; 04:26 UhrLesedauer: 1 Min.<\/p>\n<p><a href=\"#focus-0\" class=\"transition-colors duration-200 focus-within:text-magenta block text-current relative\" data-sctrack=\"FocusGalleryImage.Reference\"><img fetchpriority=\"high\" data-testid=\"Opener.Image\" style=\"--lqipURL:url('https:\/\/images.t-online.de\/2025\/02\/FDsppqutHR0N\/775x167:2985x1679\/fit-in\/150x0\/filters:blur(25)\/roland-kaiser-der-schlagersaenger-hat-nichts-gegen-das-gendern.jpg')\"   loading=\"eager\" src=\"https:\/\/www.europesays.com\/de\/wp-content\/uploads\/2025\/05\/roland-kaiser-der-schlagersaenger-hat-nichts-gegen-das-gendern.jpg\" alt=\"Roland Kaiser: Der Schlagers\u00e4nger hat nichts gegen das Gendern.\" title=\"Roland Kaiser: Der Schlagers\u00e4nger hat nichts gegen das Gendern.\" width=\"2985\" height=\"1679\" class=\"bg-[url:var(--lqipURL)] bg-cover bg-center flex w-full max-w-full h-full\" decoding=\"async\"\/><img style=\"--width:32;--height:32\" loading=\"lazy\" src=\"https:\/\/www.europesays.com\/de\/wp-content\/uploads\/2025\/03\/zoom-in.f7dae02f.svg.svg+xml\" alt=\"Vergr\u00f6\u00dfern des Bildes\" title=\"Vergr\u00f6\u00dfern des Bildes\" class=\"&#10;        block&#10;        h-[calc(var(--height)_\/_16_*_1rem)]&#10;        w-[calc(var(--width)_\/_16_*_1rem)]&#10;        max-w-none&#10;        absolute bottom-8 right-8 rounded-4 bg-snow p-8\" decoding=\"async\"\/><\/a><\/p>\n<p>Roland Kaiser (Archivbild): Der Schlagers\u00e4nger hat sich zu seiner Geburtsstadt ge\u00e4u\u00dfert. (Quelle: Gerald Matzka Exclusives \/ Getty Images)<\/p>\n<p class=\"font-bold text-18 leading-17\">Der geb\u00fcrtige Berliner Roland Kaiser macht ein emotionales Gest\u00e4ndnis. Seine Worte \u00fcber die Hauptstadt zeigen, warum er trotz seines Lebens in M\u00fcnster Berlin treu bleibt.<\/p>\n<p class=\"text-18 leading-17\">Kurz vor seinen drei ausverkauften Konzerten in der Hauptstadt spricht Schlagerstar <a class=\"transition-colors duration-200 cursor-pointer text-inherit no-underline text-salemsfur md:hover:text-magenta md:hover:border-magenta md:focus:text-magenta border-current border-b border-solid break-words\" href=\"https:\/\/www.t-online.de\/themen\/roland-kaiser\/\" data-sctrack=\"BodyAnchor\" target=\"_blank\" rel=\"noopener\">Roland Kaiser<\/a> \u00fcber seine besondere Beziehung zu <a class=\"transition-colors duration-200 cursor-pointer text-inherit no-underline text-salemsfur md:hover:text-magenta md:hover:border-magenta md:focus:text-magenta border-current border-b border-solid break-words\" href=\"https:\/\/www.t-online.de\/region\/berlin\/\" data-sctrack=\"BodyAnchor\" target=\"_blank\" rel=\"noopener\">Berlin<\/a>. Der 73-j\u00e4hrige geb\u00fcrtige Berliner, der seit vielen Jahren in M\u00fcnster lebt, offenbart in einem Interview mit der &#8222;Berliner Morgenpost&#8220; seine ungebrochene Verbundenheit zur Heimatstadt.<\/p>\n<p class=\"text-18 leading-17\">&#8222;Man kann umziehen, weil man das so will. Aber du kannst Berlin nicht verlassen. Das geht vom Herzen her nicht&#8220;, erkl\u00e4rt Kaiser. Der S\u00e4nger, der nach wie vor einen zweiten Wohnsitz in Berlin unterh\u00e4lt, vergleicht dieses Gef\u00fchl mit der Bindung, die Menschen generell zu ihren Geburtsst\u00e4dten entwickeln.<\/p>\n<p>Roland Kaiser spielt am 14- und 15. Mai in der Uber Arena<\/p>\n<p class=\"text-18 leading-17\">&#8222;Auch wenn du umziehst, wirst du dein Leben lang ein Berliner bleiben&#8220;, betont der Entertainer, der allein in diesem Jahr vor \u00fcber 55.000 Zuschauern in Berlin auftreten wird. Am 14. und 15. Mai spielt er in der <a class=\"transition-colors duration-200 cursor-pointer text-inherit no-underline text-salemsfur md:hover:text-magenta md:hover:border-magenta md:focus:text-magenta border-current border-b border-solid break-words\" href=\"https:\/\/www.t-online.de\/themen\/uber\/\" data-sctrack=\"BodyAnchor\" target=\"_blank\" rel=\"noopener\">Uber<\/a> Arena, am 16. August in der Waldb\u00fchne.<\/p>\n<p class=\"text-18 leading-17\">Der Musiker, der im Interview von sich selbst als &#8222;gnadenloser Optimist&#8220; spricht, beobachtet die Entwicklung seiner Heimatstadt mit Wohlwollen. &#8222;Die Stadt ist nat\u00fcrlich gewachsen. Sie ist schneller und lebendiger geworden. F\u00fcr mich ist sie auch internationaler geworden&#8220;, so Kaiser.<\/p>\n<p class=\"text-18 leading-17\">Besonders die multikulturelle Atmosph\u00e4re der Hauptstadt gef\u00e4llt dem K\u00fcnstler: &#8222;Ich finde Berlin im h\u00f6chsten Ma\u00dfe angenehm, multikulturell und spannend. Mir gef\u00e4llt das sehr gut.&#8220;<\/p>\n","protected":false},"excerpt":{"rendered":"Roland Kaiser \u201eBerlin verlassen geht vom Herzen her nicht&#8220; 14.05.2025 &#8211; 04:26 UhrLesedauer: 1 Min. Roland Kaiser (Archivbild):&hellip;\n","protected":false},"author":2,"featured_media":108879,"comment_status":"","ping_status":"","sticky":false,"template":"","format":"standard","meta":{"footnotes":""},"categories":[1825],"tags":[722,3176,296,29,42720,30,8970,10767],"class_list":{"0":"post-108878","1":"post","2":"type-post","3":"status-publish","4":"format-standard","5":"has-post-thumbnail","7":"category-berlin","8":"tag-722","9":"tag-3176","10":"tag-berlin","11":"tag-deutschland","12":"tag-geburtsstadt","13":"tag-germany","14":"tag-muenster","15":"tag-roland-kaiser"},"share_on_mastodon":{"url":"https:\/\/pubeurope.com\/@de\/114503909889198753","error":""},"_links":{"self":[{"href":"https:\/\/www.europesays.com\/de\/wp-json\/wp\/v2\/posts\/108878","targetHints":{"allow":["GET"]}}],"collection":[{"href":"https:\/\/www.europesays.com\/de\/wp-json\/wp\/v2\/posts"}],"about":[{"href":"https:\/\/www.europesays.com\/de\/wp-json\/wp\/v2\/types\/post"}],"author":[{"embeddable":true,"href":"https:\/\/www.europesays.com\/de\/wp-json\/wp\/v2\/users\/2"}],"replies":[{"embeddable":true,"href":"https:\/\/www.europesays.com\/de\/wp-json\/wp\/v2\/comments?post=108878"}],"version-history":[{"count":0,"href":"https:\/\/www.europesays.com\/de\/wp-json\/wp\/v2\/posts\/108878\/revisions"}],"wp:featuredmedia":[{"embeddable":true,"href":"https:\/\/www.europesays.com\/de\/wp-json\/wp\/v2\/media\/108879"}],"wp:attachment":[{"href":"https:\/\/www.europesays.com\/de\/wp-json\/wp\/v2\/media?parent=108878"}],"wp:term":[{"taxonomy":"category","embeddable":true,"href":"https:\/\/www.europesays.com\/de\/wp-json\/wp\/v2\/categories?post=108878"},{"taxonomy":"post_tag","embeddable":true,"href":"https:\/\/www.europesays.com\/de\/wp-json\/wp\/v2\/tags?post=108878"}],"curies":[{"name":"wp","href":"https:\/\/api.w.org\/{rel}","templated":true}]}}