{"id":1088847,"date":"2026-06-12T11:54:33","date_gmt":"2026-06-12T11:54:33","guid":{"rendered":"https:\/\/www.europesays.com\/de\/1088847\/"},"modified":"2026-06-12T11:54:33","modified_gmt":"2026-06-12T11:54:33","slug":"trainersuche-bei-lok-leipzig-moegliche-seitz-nachfolger-im-stadion-gesichtet-sport","status":"publish","type":"post","link":"https:\/\/www.europesays.com\/de\/1088847\/","title":{"rendered":"Trainersuche bei Lok Leipzig: M\u00f6gliche Seitz-Nachfolger im Stadion gesichtet | Sport"},"content":{"rendered":"<p><a class=\"skip-content skip-content--link\" href=\"#in-content-skip-link-target-v-0-0\">TTS-Player \u00fcberspringen\u21b5<\/a><a id=\"in-content-skip-link-target-v-0-0\" class=\"skip-content--target-link-hidden skip-content skip-content--target-link\" href=\"#in-content-skip-link-target-v-0-0\">Artikel weiterlesen<\/a><\/p>\n<p data-21134c99=\"0-2104\"><b>In knapp zwei Wochen startet Regionalliga-Meister <\/b><a href=\"https:\/\/www.bild.de\/sport\/fussball\/lok-leipzig\/home-80643548.bild.html\" class=\"text-link\" rel=\"nofollow noopener\" target=\"_blank\"><b>Lok Leipzig<\/b><\/a><b> in die Vorbereitung. Nachdem zehn Spieler den Verein verlassen haben und sich obendrein Malik McLemore schwer am Knie verletzt hat, ist die Kaderplanung m\u00e4chtig unter Zeitdruck. Obendrein wird auch noch ein Nachfolger des zur\u00fcckgetretenen Trainers Jochen Seitz gesucht.<\/b><\/p>\n<p>Torsten Ziegner und Volkan Uluc im Stadion gesichtet<\/p>\n<p data-21134c99=\"0-2104\">Viel zu tun f\u00fcr Toni Wachsmuth, den Sport-Gesch\u00e4ftsf\u00fchrer der Leipziger. Klar ist, dass die Verpflichtung eines neuen Trainers zun\u00e4chst Vorrang hat, zumal die Zukunft jedes einzelnen Spielers der Vorsaison gekl\u00e4rt ist. Immerhin bleibt die komplette Startelf, die im entscheidenden Relegationsspiel in W\u00fcrzburg auf dem Platz gestanden hat, bei Lok Leipzig. Das ist schon mal ein starkes Ger\u00fcst. Obendrein will man dem neuen Trainer die Gelegenheit geben, noch \u201eeigene\u201c Spieler zu verpflichten. Sehr wahrscheinlich also, dass der Kader zum Start am 24. Juni l\u00e4ngst nicht komplett ist.<\/p>\n<p><img decoding=\"async\" width=\"992\" height=\"558\" alt=\"Mit Torsten Ziegner soll es bereits Gespr\u00e4che gegeben haben\" src=\"https:\/\/www.europesays.com\/de\/wp-content\/uploads\/2026\/06\/6f4b8e3763f6bbd2d8dd062a28294843,a0301d15.jpeg\"   class=\"landscape\" loading=\"lazy\"\/><\/p>\n<p class=\"fig__caption__text\">Mit Torsten Ziegner soll es bereits Gespr\u00e4che gegeben haben<\/p>\n<p>Foto: PICTURE POINT<\/p>\n<p data-21134c99=\"0-2104\">Der neue Trainer wird allerdings da sein. Aus einer mittleren zweistelligen Zahl an Bewerbungen hat sich mittlerweile ein kleiner Kreis herauskristallisiert, mit dem konkret verhandelt wird. BILD wei\u00df, dass es Kontakt zu Torsten Ziegner (48) gab. Der Fu\u00dfballexperte des MDR ist seit September 2023 ohne Trainerjob, arbeitete zuvor unter anderem erfolgreich in Zwickau und Halle. In Zwickau spielte Wachsmuth unter ihm und stieg gar in die 3. Liga auf. Nicht immens wichtig, aber interessant: Beide wurden in Neuhaus am Rennweg geboren.<\/p>\n<p data-21134c99=\"0-2104\">Mit Volkan Uluc (56) soll in der Sommerpause auch ein zweiter Kandidat bereits auf dem Gel\u00e4nde des Plache-Stadions gesichtet worden sein. Uluc war zuletzt Trainer des Lok-Rivalen Carl Zeiss Jena und h\u00e4tte Lok fast noch den Titel weggerissen. Schaut man auf seine Vita, f\u00e4llt allerdings auf, dass er es selten l\u00e4nger bei einem Klub ausgehalten hat. Klar ist: Wachsmuth wird alle verbliebenen Kandidaten trotz des Zeitdrucks eingehend pr\u00fcfen. F\u00fcr den neuen Mann ist so oder so klar: Die Fu\u00dfstapfen von Seitz sind nach zwei Meisterschaften und einem Pokalsieg alles andere als klein.<\/p>\n","protected":false},"excerpt":{"rendered":"TTS-Player \u00fcberspringen\u21b5Artikel weiterlesen In knapp zwei Wochen startet Regionalliga-Meister Lok Leipzig in die Vorbereitung. Nachdem zehn Spieler den&hellip;\n","protected":false},"author":2,"featured_media":1088848,"comment_status":"","ping_status":"","sticky":false,"template":"","format":"standard","meta":{"footnotes":"","_share_on_mastodon":"0"},"categories":[1832],"tags":[3364,29,347,30,71,3457,3459,3458,859,4580,3460],"class_list":["post-1088847","post","type-post","status-publish","format-standard","has-post-thumbnail","category-leipzig","tag-de","tag-deutschland","tag-fussball","tag-germany","tag-leipzig","tag-lok-leipzig","tag-regionalliga","tag-regionalliga-nordost","tag-sachsen","tag-schmidt-andre","tag-sport-leuchtturm-leipzig"],"share_on_mastodon":{"url":"","error":""},"_links":{"self":[{"href":"https:\/\/www.europesays.com\/de\/wp-json\/wp\/v2\/posts\/1088847","targetHints":{"allow":["GET"]}}],"collection":[{"href":"https:\/\/www.europesays.com\/de\/wp-json\/wp\/v2\/posts"}],"about":[{"href":"https:\/\/www.europesays.com\/de\/wp-json\/wp\/v2\/types\/post"}],"author":[{"embeddable":true,"href":"https:\/\/www.europesays.com\/de\/wp-json\/wp\/v2\/users\/2"}],"replies":[{"embeddable":true,"href":"https:\/\/www.europesays.com\/de\/wp-json\/wp\/v2\/comments?post=1088847"}],"version-history":[{"count":0,"href":"https:\/\/www.europesays.com\/de\/wp-json\/wp\/v2\/posts\/1088847\/revisions"}],"wp:featuredmedia":[{"embeddable":true,"href":"https:\/\/www.europesays.com\/de\/wp-json\/wp\/v2\/media\/1088848"}],"wp:attachment":[{"href":"https:\/\/www.europesays.com\/de\/wp-json\/wp\/v2\/media?parent=1088847"}],"wp:term":[{"taxonomy":"category","embeddable":true,"href":"https:\/\/www.europesays.com\/de\/wp-json\/wp\/v2\/categories?post=1088847"},{"taxonomy":"post_tag","embeddable":true,"href":"https:\/\/www.europesays.com\/de\/wp-json\/wp\/v2\/tags?post=1088847"}],"curies":[{"name":"wp","href":"https:\/\/api.w.org\/{rel}","templated":true}]}}