{"id":1088921,"date":"2026-06-12T12:36:16","date_gmt":"2026-06-12T12:36:16","guid":{"rendered":"https:\/\/www.europesays.com\/de\/1088921\/"},"modified":"2026-06-12T12:36:16","modified_gmt":"2026-06-12T12:36:16","slug":"fanny-brunner-inszeniert-in-augsburg-das-leben-als-traum-mit-deutlichem-bezug-zur-gegenwart","status":"publish","type":"post","link":"https:\/\/www.europesays.com\/de\/1088921\/","title":{"rendered":"Fanny Brunner inszeniert in Augsburg \u201eDas Leben als Traum\u201c mit deutlichem Bezug zur Gegenwart"},"content":{"rendered":"<p class=\"mb-6 text-xs-varying md:text-m lg:text-l font-serif group-[.font-sans]:font-sans \">\n    Es gibt da eine ausgezeichnete und verst\u00f6rende Erz\u00e4hlung des Schriftstellers Erich Hackl namens \u201eAuroras Anlass\u201c, in dem eine Mutter von der Zeugung an alles 150-prozentig richtig machen will f\u00fcr ihr Kind. Nichts bleibt un\u00fcberlegt, alles wird planvoll-perfekt durchgef\u00fchrt. Das kann nur schiefgehen. Die Summe ihrer Erziehung: falsch.\n  <\/p>\n<p class=\"mb-6 text-xs-varying md:text-m lg:text-l font-serif group-[.font-sans]:font-sans \">\n    Es gibt da ein ausgezeichnetes, gedankenvolles spanisches Schauspiel des Soldaten, Klerikers, Dramatikers Calder\u00f3n namens \u201eDas Leben ein Traum\u201c, in dem K\u00f6nig Basilio seinen Sohn Sigismund von Geburt an wegsperrt, in Ketten legt, weil er aufgrund astronomisch-astrologischer Beobachtung voraussieht, dieser Sohn werde ein Tyrann. Zwar erh\u00e4lt dieser Sohn Bildung durch Clotaldo, einen Vertrauten des K\u00f6nigs, doch nicht die Anleitung, seine m\u00e4nnlichen Triebe einschlie\u00dflich logischerweise \u00fcbersteigertem Handlungswillen zu kontrollieren. Also geht auch das schief. Die Einzelhaft: nat\u00fcrlich falsch. Wenn Calder\u00f3ns Dreiakter dennoch mehr oder weniger gl\u00fccklich endet, dann deshalb, weil hier ein katholisch-gegenreformatorisches L\u00e4uterungstheater vorliegt. Geht \u201eDas Leben ein Traum\u201c jetzt auch in <a href=\"https:\/\/www.augsburger-allgemeine.de\/augsburg\/\" target=\"_self\" class=\"underline \" rel=\"nofollow noopener\">Augsburg<\/a> mehr oder weniger gl\u00fccklich aus? Man darf Zweifel hegen.\n  <\/p>\n<p>            Der Thronfolger auf Probe versagt tierisch<\/p>\n<p class=\"mb-6 text-xs-varying md:text-m lg:text-l font-serif group-[.font-sans]:font-sans \">\n    War neulich am <a href=\"https:\/\/www.augsburger-allgemeine.de\/organisationen\/aa-theater-augsburg\" target=\"_self\" class=\"underline \" rel=\"nofollow noopener\">Staatstheater<\/a> <a href=\"https:\/\/www.augsburger-allgemeine.de\/kultur\/wie-endet-diese-menage-a-trois-kritik-zu-goethes-stella-am-staatstheater-augsburg-114068497\" target=\"_self\" class=\"underline \" rel=\"nofollow noopener\">in Goethes \u201eStella\u201c<\/a> das W\u00f6rtchen \u201eHerz\u201c Signalwort des Abends, so ist es jetzt im Martini-Park bei der Calder\u00f3n-Neuproduktion das W\u00f6rtchen \u201eTraum\u201c. Weniger im Sinne des Tr\u00e4umens im Schlaf als im Sinne eines Ertr\u00e4umens durch allzu hoffnungsvolles Denken \u2013 und im Sinne des Unglaubens nach \u00fcberraschenden Ereignissen: Ist\u2018s wahr oder tr\u00e4um\u2018 ich? Wahr jedenfalls ist, dass Sigismund doch eines Tages vom Vater zum Thronfolger auf Probe bestellt wird \u2013 und prompt tierisch versagt. Was sich ihm in den Weg stellt, wird gewaltsam beseitigt, und die Frau an sich \u2013 die Sigismund in Augsburg schon erschn\u00fcffelt, bevor er sie \u00fcberhaupt sieht \u2013 gewaltsam genommen. Also wandert er wieder in Einzelhaft, w\u00e4hrend die vielleicht sch\u00f6nste Sentenz in der so gut verst\u00e4ndlichen wie poetischen St\u00fcck-\u00dcbersetzung Georg Holzers gesprochen wird: \u201eDie Majest\u00e4t, die nur eingebildet war.\u201c Julius Kuhn spielt den Prinzen so messerscharf argumentierend wie rigoros.\n  <\/p>\n<p class=\"mb-6 text-xs-varying md:text-m lg:text-l font-serif group-[.font-sans]:font-sans \">\n    Dem Leid und der ma\u00dflosen Selbst\u00fcbersch\u00e4tzung Sigismunds <a href=\"https:\/\/www.augsburger-allgemeine.de\/augsburg\/kultur\/wie-setzt-man-einen-klassiker-in-szene-fanny-brunner-ueber-ihre-inszenierung-von-das-leben-ein-traum-114380865\" target=\"_self\" class=\"underline \" rel=\"nofollow noopener\">stellt Regisseurin Fanny Brunner aufwertend das Leid und die Ohnmacht der jungen Frau Rosaura entgegen,<\/a> Tochter von Sigismunds Erzieher, wie sich herausstellen wird. Durch eine verlorene Liebe ist sie schwer in ihrer Ehre gekr\u00e4nkt und verlangt diese Ehre einen Abend lang zur\u00fcck \u2013 zunehmend zornig. Wenn ihre schlimmen Erlebnisse von Katja Sieder am B\u00fchnenrand rekapituliert werden, dann ist dies im Grunde die ungehaltene Rede einer ungehaltenen Frau. Und in einem erprobten B\u00fchnenkniff wird Rosaura auch immer wieder per Video eingeblendet, wenn sie hinter der Szene \u00fcber ihrer Lage gr\u00fcbelt, w\u00e4hrend vorne, auf der Szene, meist M\u00e4nner verhandeln. Es geh\u00f6rt zu den Vorz\u00fcgen von Brunners stringenter, das Publikum mitnehmender Inszenierung, dass sie Haupt- und Nebenhandlung wie selbstverst\u00e4ndlich verflicht.\n  <\/p>\n<p>            Eine Felljacke wie beim Sturm aufs Capitol<\/p>\n<p class=\"mb-6 text-xs-varying md:text-m lg:text-l font-serif group-[.font-sans]:font-sans \">\n    Und es geh\u00f6rt zu den Vorz\u00fcgen, dass sie die tonnenschwere Bedeutung von \u201eDas Leben ein Traum\u201c, also die selbstherrliche Macht- und Gewaltaus\u00fcbung bei voller Immunit\u00e4t, nicht als Seminar, sondern bis kurz vor das pointierte Finale fast beil\u00e4ufig abhandelt. Dieser Sigismund kehrt ja durch Revolte zur\u00fcck auf den Thron, bei Brunner jedoch allenfalls halb gel\u00e4utert. Er arrangiert sich in Staatsr\u00e4son zumindest mit Vater und Hof, trifft vernunft-, nicht unbedingt herzensnahe Entscheidungen, bleibt aber fraglos Machtmensch.\n  <\/p>\n<p class=\"mb-6 text-xs-varying md:text-m lg:text-l font-serif group-[.font-sans]:font-sans \">\n    Dazu tauchen dann Zeichen und Einblendungen in der ansonsten betont antiillusionistischen B\u00fchnenausstattung von Daniel Angermayr auf, die meinen: Ihr da im Publikum, sollte in euren K\u00f6pfen der Gedanke um Trumpismus kreisen, so liegt ihr nicht falsch! Eine Felljacke taucht auf, wie sie bekannt wurde seit dem Sturm aufs Kapitol 2021, Sigismund besteigt mit seiner modelhaft jungen Frau Estrella (ehrgeizig-zielbewusst: Jenny Langner) wie Mr. President eine Gangway, und im Hintergrund demonstrieren Jagdbomber milit\u00e4rische Power \u00fcber Landesgrenzen hinweg. Gutes l\u00e4sst das nicht erwarten. Zumal K\u00f6nig Basilio abdankt (emphatisch bis pathetisch: Michael Schrodt), Astolfo in Playmobil-Outfit abgespeist ist (Patrick Rupar), Clotaldo opportunistisch weiterwirkt (regelm\u00e4\u00dfig kalt und hart: Sebastian M\u00fcller-Stahl) und Clarin nur als Spa\u00dfmacher ernst genommen wird (tenoral wunderbar plappernd: Kai Windh\u00f6vel). Starker, dankbarer Applaus im Martini-Park.\u00a0\u00a0\u00a0\u00a0\n  <\/p>\n","protected":false},"excerpt":{"rendered":"Es gibt da eine ausgezeichnete und verst\u00f6rende Erz\u00e4hlung des Schriftstellers Erich Hackl namens \u201eAuroras Anlass\u201c, in dem eine&hellip;\n","protected":false},"author":2,"featured_media":1088922,"comment_status":"","ping_status":"","sticky":false,"template":"","format":"standard","meta":{"footnotes":"","_share_on_mastodon":"0"},"categories":[1846],"tags":[680,772,3364,29,231194,548,663,3934,231193,231195,30,13,231198,231196,231197,231199,14,15,12,4026,12130],"class_list":["post-1088921","post","type-post","status-publish","format-standard","has-post-thumbnail","category-augsburg","tag-augsburg","tag-bayern","tag-de","tag-deutschland","tag-erich-hackl","tag-eu","tag-europa","tag-europe","tag-fanny-brunner","tag-georg-holzer","tag-germany","tag-headlines","tag-jenny-langner","tag-julius-kuhn","tag-katja-sieder","tag-michael-schrodt","tag-nachrichten","tag-news","tag-schlagzeilen","tag-spanien","tag-staatstheater"],"share_on_mastodon":{"url":"https:\/\/pubeurope.com\/@de\/116737172365149988","error":""},"_links":{"self":[{"href":"https:\/\/www.europesays.com\/de\/wp-json\/wp\/v2\/posts\/1088921","targetHints":{"allow":["GET"]}}],"collection":[{"href":"https:\/\/www.europesays.com\/de\/wp-json\/wp\/v2\/posts"}],"about":[{"href":"https:\/\/www.europesays.com\/de\/wp-json\/wp\/v2\/types\/post"}],"author":[{"embeddable":true,"href":"https:\/\/www.europesays.com\/de\/wp-json\/wp\/v2\/users\/2"}],"replies":[{"embeddable":true,"href":"https:\/\/www.europesays.com\/de\/wp-json\/wp\/v2\/comments?post=1088921"}],"version-history":[{"count":0,"href":"https:\/\/www.europesays.com\/de\/wp-json\/wp\/v2\/posts\/1088921\/revisions"}],"wp:featuredmedia":[{"embeddable":true,"href":"https:\/\/www.europesays.com\/de\/wp-json\/wp\/v2\/media\/1088922"}],"wp:attachment":[{"href":"https:\/\/www.europesays.com\/de\/wp-json\/wp\/v2\/media?parent=1088921"}],"wp:term":[{"taxonomy":"category","embeddable":true,"href":"https:\/\/www.europesays.com\/de\/wp-json\/wp\/v2\/categories?post=1088921"},{"taxonomy":"post_tag","embeddable":true,"href":"https:\/\/www.europesays.com\/de\/wp-json\/wp\/v2\/tags?post=1088921"}],"curies":[{"name":"wp","href":"https:\/\/api.w.org\/{rel}","templated":true}]}}