{"id":1088998,"date":"2026-06-12T13:17:24","date_gmt":"2026-06-12T13:17:24","guid":{"rendered":"https:\/\/www.europesays.com\/de\/1088998\/"},"modified":"2026-06-12T13:17:24","modified_gmt":"2026-06-12T13:17:24","slug":"duesseldorf-zwei-zusatzshows-bei-circus-roncalli-im-rheinpark","status":"publish","type":"post","link":"https:\/\/www.europesays.com\/de\/1088998\/","title":{"rendered":"D\u00fcsseldorf: Zwei Zusatzshows bei Circus Roncalli im Rheinpark"},"content":{"rendered":"<p class=\"text_ohne_einzug richtext text-em-55 !leading-serif mx-6 desktop:mx-0\"> Wenn ein <a href=\"https:\/\/rp-online.de\/thema\/zirkus\/\" rel=\"nofollow noopener\" target=\"_blank\">Zirkus<\/a> wie Roncalli 50 Jahre alt wird, muss das ordentlich gefeiert werden. Die Show, die derzeit im Zelt im Rheinpark gezeigt wird, nimmt die Zuschauer mit auf eine nostalgische Reise durch die Jahrzehnte \u2013 mit einigen beeindruckenden Darbietungen.<\/p>\n<p class=\"richtext text-em-55 !leading-serif mx-6 desktop:mx-0\">Diese konnten auch einige Leser und Kunden der Rheinischen Post am Donnerstagabend bestaunen. Rund 500 G\u00e4ste wurden vom Medienhaus in den Zirkus eingeladen und erlebten einen besonderen Abend. Die einzelnen Auftritte und Darbietungen \u00fcberzeugten. Sich da zu entscheiden, welche Nummer die beste war, fiel den Besuchern schwer. So ging es beispielsweise Maria und Franz Woltering. Die beiden hatten den Zirkusbesuch bei der RP-Verlosung gewonnen \u2013 und f\u00fchlten sich nicht nur wegen der Nostalgiewelt in die Vergangenheit zur\u00fcckversetzt. \u201eWir haben fr\u00fcher oft mit unseren Kindern Zirkus gespielt. Ich war mit unserem Sohn sogar mal in einem Zirkuskurs\u201c, sagte Franz Woltering. Von der Show von Roncalli war das Paar begeistert. \u201eDas ist wirklich ein toller Zirkus mit tollen Artisten, da kann man sich gar nicht entscheiden, was der beste Auftritt war.\u201c<\/p>\n<p class=\"richtext text-em-55 !leading-serif mx-6 desktop:mx-0\">Dem stimmten auch ihre Freunde Angelika und Andreas Terhaar zu. \u201eEs war von Anfang an pausenlos etwas los, da wusste man zeitweise gar nicht, wo man hinschauen soll. Ich wei\u00df gar nicht, wo die Zeit geblieben ist\u201c, sagte Andreas Terhaar. Durch die Gestaltung des Zirkus sowie des Vorzeltes f\u00fchlten sie sich in eine andere Zeit zur\u00fcckversetzt. Besonders gut gefielen dem Paar die Akrobatik und die Kost\u00fcme.<\/p>\n<p class=\"richtext text-em-55 !leading-serif mx-6 desktop:mx-0\">Noch bis zum 28. Juni wird der Circus Roncalli im Rheinpark gastieren. Aufgrund der hohen Nachfrage wurden zwei zus\u00e4tzliche Vorstellungen im Programm aufgenommen. Am Samstag, 20. Juni, und Samstag, 27. Juni, wird jeweils um 11 Uhr eine weitere Show im Zirkuszelt stattfinden. Eine Verl\u00e4ngerung des Gastspiels sei aufgrund der folgenden Termine der Tournee nicht m\u00f6glich gewesen. Alle Vorstellungen sind f\u00fcr den Verkauf freigeschaltet.<\/p>\n","protected":false},"excerpt":{"rendered":"Wenn ein Zirkus wie Roncalli 50 Jahre alt wird, muss das ordentlich gefeiert werden. Die Show, die derzeit&hellip;\n","protected":false},"author":2,"featured_media":1088999,"comment_status":"","ping_status":"","sticky":false,"template":"","format":"standard","meta":{"footnotes":"","_share_on_mastodon":"0"},"categories":[1831],"tags":[17426,20107,15910,6654,8057,3364,29,33022,3405,26289,231210,30,27859,1209,6332,48449,6330,231209,20542],"class_list":["post-1088998","post","type-post","status-publish","format-standard","has-post-thumbnail","category-duesseldorf","tag-rheinpark","tag-circus","tag-abend","tag-begeistert","tag-besuch","tag-de","tag-deutschland","tag-donnerstagabend","tag-duesseldorf","tag-fiel","tag-gefielen","tag-germany","tag-leser","tag-nordrhein-westfalen","tag-roncalli","tag-vorstellungen","tag-zirkus","tag-zirkuskurs","tag-zirkuszelt"],"share_on_mastodon":{"url":"","error":""},"_links":{"self":[{"href":"https:\/\/www.europesays.com\/de\/wp-json\/wp\/v2\/posts\/1088998","targetHints":{"allow":["GET"]}}],"collection":[{"href":"https:\/\/www.europesays.com\/de\/wp-json\/wp\/v2\/posts"}],"about":[{"href":"https:\/\/www.europesays.com\/de\/wp-json\/wp\/v2\/types\/post"}],"author":[{"embeddable":true,"href":"https:\/\/www.europesays.com\/de\/wp-json\/wp\/v2\/users\/2"}],"replies":[{"embeddable":true,"href":"https:\/\/www.europesays.com\/de\/wp-json\/wp\/v2\/comments?post=1088998"}],"version-history":[{"count":0,"href":"https:\/\/www.europesays.com\/de\/wp-json\/wp\/v2\/posts\/1088998\/revisions"}],"wp:featuredmedia":[{"embeddable":true,"href":"https:\/\/www.europesays.com\/de\/wp-json\/wp\/v2\/media\/1088999"}],"wp:attachment":[{"href":"https:\/\/www.europesays.com\/de\/wp-json\/wp\/v2\/media?parent=1088998"}],"wp:term":[{"taxonomy":"category","embeddable":true,"href":"https:\/\/www.europesays.com\/de\/wp-json\/wp\/v2\/categories?post=1088998"},{"taxonomy":"post_tag","embeddable":true,"href":"https:\/\/www.europesays.com\/de\/wp-json\/wp\/v2\/tags?post=1088998"}],"curies":[{"name":"wp","href":"https:\/\/api.w.org\/{rel}","templated":true}]}}