{"id":1089097,"date":"2026-06-12T14:10:25","date_gmt":"2026-06-12T14:10:25","guid":{"rendered":"https:\/\/www.europesays.com\/de\/1089097\/"},"modified":"2026-06-12T14:10:25","modified_gmt":"2026-06-12T14:10:25","slug":"vor-dem-g7-gipfel-hoffen-auf-bewegung-in-der-ukraine","status":"publish","type":"post","link":"https:\/\/www.europesays.com\/de\/1089097\/","title":{"rendered":"Vor dem G7-Gipfel: Hoffen auf Bewegung in der Ukraine"},"content":{"rendered":"<p>    <img fetchpriority=\"high\" decoding=\"async\" src=\"https:\/\/www.europesays.com\/de\/wp-content\/uploads\/2026\/06\/17c262a0b5ea1c918e201c92a5867f84.jpeg\" alt=\"Der tiefe Sinn von G7-Treffen, hier 2025 in Kananaskis In Kanada: informelle Gespr\u00e4che in lockerer Runde. Mit Donald Trump, Keir Starmer, Emmanuel Macron und Friedrich Merz&lt;span class=&quot;copyright&quot;&gt;Mark Schiefelbein\/AP Photo\/picture alliance&lt;\/span&gt;\" loading=\"eager\" height=\"540\" width=\"960\" class=\"yf-lglytj  loaded\"\/> Der tiefe Sinn von G7-Treffen, hier 2025 in Kananaskis In Kanada: informelle Gespr\u00e4che in lockerer Runde. Mit Donald Trump, Keir Starmer, Emmanuel Macron und Friedrich MerzMark Schiefelbein\/AP Photo\/picture alliance      <\/p>\n<p class=\"yf-1fy9kyt\">G7-Gipfel, das bedeutet: Die ganz gro\u00dfe Weltb\u00fchne. Diesmal in Evian am Genfer See in Frankreich, vom 15. bis zum 17.Juni. Denn die Franzosen haben gerade die Pr\u00e4sidentschaft im illustren Kreis der &#8222;sieben f\u00fchrenden Industrienationen&#8220; der Welt inne. Das bedeutet 2026 auch: Die Europ\u00e4er treffen wieder einmal auf Donald Trump, den extrem unberechenbaren US-Pr\u00e4sidenten. Die G7-Staaten sind: Die USA, Frankreich, Gro\u00dfbritannien, Deutschland, Japan, Kanada und Italien.<\/p>\n<p class=\"yf-1fy9kyt\">M\u00e4chtige Industrienationen also, und deshalb bedeutet G7 auch immer: maximale Sicherheitsvorkehrungen, aus Angst vor Massenprotesten, die auch in Evian und Umgebung wieder angek\u00fcndigt sind. Dabei geht es dann um weltweite Fluchtbewegungen, um Klimaschutz, um die Schere zwischen Arm und Reich. Und um die teils militanten Proteste dagegen. Wie schon <a href=\"https:\/\/www.dw.com\/de\/genf-und-lausanne-gleichen-einer-festung\/a-883178\" rel=\"nofollow noopener\" target=\"_blank\" data-ylk=\"slk:2003, als w\u00e4hrend des Gipfel, ebenfalls in Evian, damals noch als G8- Treffen mit Russland,;elm:context_link;itc:0;sec:content-canvas\" data-yga=\"{&quot;yLinkElement&quot;:&quot;context_link&quot;,&quot;yModuleName&quot;:&quot;content-canvas&quot;,&quot;yLinkText&quot;:&quot;2003, als w\u00e4hrend des Gipfel, ebenfalls in Evian, damals noch als G8- Treffen mit Russland,&quot;}\" class=\"link \">2003, als w\u00e4hrend des Gipfel, ebenfalls in Evian, damals noch als G8- Treffen mit Russland,<\/a> viele Gesch\u00e4fte gepl\u00fcndert wurden und Sch\u00e4den in H\u00f6he von mehreren zehn Millionen Euro entstanden.<\/p>\n<p>      G7-Format als Kreis liberaler Demokratien    <\/p>\n<p class=\"yf-1fy9kyt\">Auch 2026 stellt sich vor dem Gipfel die Frage: Bildet das Format &#8211; dieser Versuch der vermeidlich m\u00e4chtigsten Staatenlenker der Erde, unverbindlich und in Ruhe Wirtschafsthemen zu besprechen- die realen Machtverh\u00e4ltnisse \u00fcberhaupt noch ab? Die neue Supermacht China etwa ist nicht dabei.<\/p>\n<p class=\"yf-1fy9kyt\">Diana Panke, Politik-Professorin an der Freien Universit\u00e4t Berlin (FU) und Leiterin der Arbeitsstelle Internationale Beziehungen, sagt der DW dazu, dass sie das Format immer noch richtig findet: &#8222;Das G7-Format wurde ja gegr\u00fcndet als informelles Treffen der damals wichtigen Industriestaaten mit liberal-demokratischer Orientierung. Und da geh\u00f6rt China nicht dazu.&#8220;<\/p>\n<p class=\"yf-1fy9kyt\">Russland sei nach dem Ende des Kalten Krieges aufgenommen worden, weil es sich zumindest anfangs zu diesen Werten bekannte. Seit 2014 aber ist Moskau nicht mehr zu den Gruppentreffen eingeladen worden. Und aus der G8 wurde wieder die G7.<\/p>\n<p class=\"yf-1fy9kyt\">Der Wert der G7 bestehe auch, so Panke weiter, in guten Vorbereitungen etwa der Finanz- und Wirtschaftsminister zu Handelsfragen. Oder auch der Entwicklungsminister. So h\u00e4tten sie etwa die G7-Finanzminister intensiv mit dem Krieg in der Ukraine befasst: &#8222;Und da ging es dann wesentlich darum, dass man sich wechselseitig versichert hat, dass man den brutalen Angriffskrieg Russlands auf die Ukraine ablehnt.&#8220;<\/p>\n<p>      Ukraine: Gibt es Hoffnung auf Friedens-Gespr\u00e4che?     <\/p>\n<p class=\"yf-1fy9kyt\">Das Schicksal der Ukraine wird auch in Evian ein wichtiges Thema sein. Aus deutschen Regierungskreisen ist zu h\u00f6ren, die milit\u00e4rische Lage in dem Konflikt mit Russland habe sich in den letzten Monaten ge\u00e4ndert, die Ukraine k\u00f6nnen nach einigen Erfolgen darauf hoffen, dass sich bald eine T\u00fcr f\u00fcr Friedensverhandlungen mit Russlands Pr\u00e4sident Vladimir Putin \u00f6ffnen k\u00f6nnte. Und da wollen die Europ\u00e4er auf jeden Fall dabei sein. Die Franzosen teilten mit, der ukrainische Pr\u00e4sident Wolodymyr Selenskyj werde am Dienstagmorgen (16.06.2026) an einer G7-Sitzung teilnehmen, ob per Video oder pers\u00f6nlich, blieb unklar.<\/p>\n<p class=\"yf-1fy9kyt\">Frankreichs Pr\u00e4sident Emmanuel Macron, der Gastgeber, sagte dazu am Mittwoch: &#8222;Das ist f\u00fcr uns sehr wichtig, da wir innerhalb der G7 einen Konsens zur Unterst\u00fctzung der Ukraine wiederherstellen m\u00fcssen.&#8220; Mit anderen Worten. Der Ukraine-Konflikt muss wieder die Aufmerksamkeit von Donald Trump bekommen. Und Bundeskanzler Friedrich Merz sagte am Donnerstag im Bundestag: &#8222;Ein tragf\u00e4higer Frieden wird nur in Verhandlungen mit Beteiligung der Ukraine, mit Russland, den USA und Europa erreicht werden k\u00f6nnen, anders wird es nicht m\u00f6glich sein.&#8220;<\/p>\n<p>   <img decoding=\"async\" src=\"data:image\/gif;base64,R0lGODlhAQABAIAAAAAAAP\/\/\/ywAAAAAAQABAAACAUwAOw==\" alt=\"Pr\u00e4sident Macron und Kanzler Merz: Europa will mitreden, sollte \u00fcber einen Ukraine-Frieden gesprochen werden&lt;span class=&quot;copyright&quot;&gt;John Thys\/AFP&lt;\/span&gt;\" loading=\"lazy\" height=\"540\" width=\"960\" class=\"yf-lglytj loader\"\/> Pr\u00e4sident Macron und Kanzler Merz: Europa will mitreden, sollte \u00fcber einen Ukraine-Frieden gesprochen werdenJohn Thys\/AFP        Gipfel wurde zeitlich verlegt: Wegen Trumps Geburtstag   <\/p>\n<p class=\"yf-1fy9kyt\">Ein zweites wichtiges Thema in Evian wird der Krieg der USA und Israels gegen den Iran sein. Diana Panke glaubt, eine Mehrheit der G7-Staaten werde versuchen, Donald Trump dazu zu bewegen, den Krieg m\u00f6glichst bald zu beenden. Begr\u00fcnden w\u00fcrden sie das mit den heftigen Folgen f\u00fcr die ohnehin geschw\u00e4chte Weltwirtschaft: &#8222;Vordergr\u00fcndig geht es darum, dass man sich darauf verst\u00e4ndigt, wie wichtig es ist, dass die Stra\u00dfe von Hormus wieder frei wird, dass sie sicher wird und ohne Geb\u00fchren genutzt werden kann, um die Handelsketten nicht weiter zu unterbrechen.&#8220; Angesichts der Weltlage k\u00f6nnen es die franz\u00f6sischen Organisatoren schon als Erfolg verbuchen, dass Trump sein Kommen sicher zugesagt hat. Das Treffen am Genfer See wurde extra noch einmal zeitglich verlegt, damit Trump am Sonntag seinen 80. Geburtstag in den USA feiern kann.<\/p>\n<p class=\"yf-1fy9kyt\">Von amerikanischer Seite wurde mitgeteilt, dass auch Gespr\u00e4che \u00fcber die wirtschaftlichen M\u00f6glichkeiten der k\u00fcnstlichen Intelligenz (KI) gew\u00fcnscht seien. Und deshalb haben die Franzosen unter anderem den Chef des <a href=\"https:\/\/de.finance.yahoo.com\/nachrichten\/claude-macher-anthropic-chatgtp-entwickler-154900420.html\" data-ylk=\"slk:Software-Unternehmens OpenAI, Sam Altman,;elm:context_link;itc:0;sec:content-canvas;outcm:mb_qualified_link;_E:mb_qualified_link;ct:story;\" data-yga=\"{&quot;yLinkElement&quot;:&quot;context_link&quot;,&quot;yModuleName&quot;:&quot;content-canvas&quot;,&quot;yLinkText&quot;:&quot;Software-Unternehmens OpenAI, Sam Altman,&quot;}\" class=\"link  yahoo-link\" rel=\"nofollow noopener\" target=\"_blank\">Software-Unternehmens OpenAI, Sam Altman,<\/a> aus San Francisco an den Genfer See geladen.<\/p>\n<p class=\"yf-1fy9kyt\">Wie schon beim G7-Treffen in Kanada im vergangenen Jahr ist auch diesmal nicht geplant, dass alle sieben Staatenlenker am Ende eine gemeinsame Abschlusserkl\u00e4rung unterzeichnen. Stattdessen soll es Vereinbarungen zu Einzelthemen geben. Und alle hoffen, dass es diesmal nicht zu Irritationen mit Donald Trump kommt. <a href=\"https:\/\/de.nachrichten.yahoo.com\/news-kompakt-trump-verl%C3%A4sst-vorzeitig-070000353.html\" data-ylk=\"slk:Das Treffen in Kanada 2025 hatte der US-Pr\u00e4sident vorzeitig verlassen.;elm:context_link;itc:0;sec:content-canvas;outcm:mb_qualified_link;_E:mb_qualified_link;ct:story;\" data-yga=\"{&quot;yLinkElement&quot;:&quot;context_link&quot;,&quot;yModuleName&quot;:&quot;content-canvas&quot;,&quot;yLinkText&quot;:&quot;Das Treffen in Kanada 2025 hatte der US-Pr\u00e4sident vorzeitig verlassen.&quot;}\" class=\"link  yahoo-link\" rel=\"nofollow noopener\" target=\"_blank\">Das Treffen in Kanada 2025 hatte der US-Pr\u00e4sident vorzeitig verlassen.<\/a><\/p>\n","protected":false},"excerpt":{"rendered":"Der tiefe Sinn von G7-Treffen, hier 2025 in Kananaskis In Kanada: informelle Gespr\u00e4che in lockerer Runde. Mit Donald&hellip;\n","protected":false},"author":2,"featured_media":1089098,"comment_status":"","ping_status":"","sticky":false,"template":"","format":"standard","meta":{"footnotes":"","_share_on_mastodon":"0"},"categories":[3977],"tags":[331,332,106,19104,11173,2063,13,14,15,231234,12,4201,317,4017,4018,4016,64,4019,4020],"class_list":["post-1089097","post","type-post","status-publish","format-standard","has-post-thumbnail","category-usa","tag-aktuelle-nachrichten","tag-aktuelle-news","tag-donald-trump","tag-g7","tag-gespraeche","tag-gipfel","tag-headlines","tag-nachrichten","tag-news","tag-schere-zwischen-arm-und-reich","tag-schlagzeilen","tag-treffen","tag-ukraine","tag-united-states","tag-united-states-of-america","tag-us","tag-usa","tag-vereinigte-staaten","tag-vereinigte-staaten-von-amerika"],"share_on_mastodon":{"url":"https:\/\/pubeurope.com\/@de\/116737543391983445","error":""},"_links":{"self":[{"href":"https:\/\/www.europesays.com\/de\/wp-json\/wp\/v2\/posts\/1089097","targetHints":{"allow":["GET"]}}],"collection":[{"href":"https:\/\/www.europesays.com\/de\/wp-json\/wp\/v2\/posts"}],"about":[{"href":"https:\/\/www.europesays.com\/de\/wp-json\/wp\/v2\/types\/post"}],"author":[{"embeddable":true,"href":"https:\/\/www.europesays.com\/de\/wp-json\/wp\/v2\/users\/2"}],"replies":[{"embeddable":true,"href":"https:\/\/www.europesays.com\/de\/wp-json\/wp\/v2\/comments?post=1089097"}],"version-history":[{"count":0,"href":"https:\/\/www.europesays.com\/de\/wp-json\/wp\/v2\/posts\/1089097\/revisions"}],"wp:featuredmedia":[{"embeddable":true,"href":"https:\/\/www.europesays.com\/de\/wp-json\/wp\/v2\/media\/1089098"}],"wp:attachment":[{"href":"https:\/\/www.europesays.com\/de\/wp-json\/wp\/v2\/media?parent=1089097"}],"wp:term":[{"taxonomy":"category","embeddable":true,"href":"https:\/\/www.europesays.com\/de\/wp-json\/wp\/v2\/categories?post=1089097"},{"taxonomy":"post_tag","embeddable":true,"href":"https:\/\/www.europesays.com\/de\/wp-json\/wp\/v2\/tags?post=1089097"}],"curies":[{"name":"wp","href":"https:\/\/api.w.org\/{rel}","templated":true}]}}