{"id":1089145,"date":"2026-06-12T14:35:19","date_gmt":"2026-06-12T14:35:19","guid":{"rendered":"https:\/\/www.europesays.com\/de\/1089145\/"},"modified":"2026-06-12T14:35:19","modified_gmt":"2026-06-12T14:35:19","slug":"rb-leipzig-macht-demichelis-unschlagbares-angebot-werner-vor-aus","status":"publish","type":"post","link":"https:\/\/www.europesays.com\/de\/1089145\/","title":{"rendered":"RB Leipzig macht Demichelis unschlagbares Angebot \u2013 Werner vor Aus?"},"content":{"rendered":"<p>Mit Mallorca abgestiegen\u00a0<\/p>\n<p>                                    <img decoding=\"async\" src=\"https:\/\/www.europesays.com\/de\/wp-content\/uploads\/2026\/06\/martin-demichelis-rcd-mallorca-2026-1775322877-193942.jpg\" title=\"RB Leipzig macht Demichelis unschlagbares Angebot \u2013 Werner vor Aus?\" alt=\"RB Leipzig macht Demichelis unschlagbares Angebot \u2013 Werner vor Aus?\"\/><\/p>\n<p>\n                                       \u00a9IMAGO\n                                    <\/p>\n<p>Nach erneuten Berichten \u00fcber eine unsichere Zukunft von <a title=\"Ole Werner\" href=\"https:\/\/www.transfermarkt.de\/ole-werner\/profil\/trainer\/34514\" target=\"_blank\" rel=\"nofollow noopener\">Ole Werner<\/a> bei <a title=\"RB Leipzig\" href=\"https:\/\/www.transfermarkt.de\/rb-leipzig\/startseite\/verein\/23826\" target=\"_blank\" rel=\"nofollow noopener\">RB Leipzig<\/a> taucht nun der Name eines m\u00f6glichen Nachfolgers auf. Informationen von unter anderem \u201eMarca\u201c zufolge steht Ex-Bundesliga-Profi <a title=\"Mart\u00edn Demichelis\" href=\"https:\/\/www.transfermarkt.de\/mart-n-demichelis\/profil\/trainer\/70585\" target=\"_blank\" rel=\"nofollow noopener\">Mart\u00edn Demichelis<\/a> hoch im Kurs bei den Roten Bullen und soll bereits ein Angebot erhalten haben. Dieses erachte er als unschlagbar, hei\u00dft es. Auch \u201eSky\u201c bezeichnet ihn als Top-Kandidaten der Sachsen. <\/p>\n<p><\/p>\n<p>Der 45-J\u00e4hrige kann dem Vernehmen nach \u00fcber eine Ausstiegsklausel in seinem noch bis 2028 g\u00fcltigen Vertrag bei <a title=\"RCD Mallorca\" href=\"https:\/\/www.transfermarkt.de\/rcd-mallorca\/startseite\/verein\/237\" target=\"_blank\" rel=\"nofollow noopener\">RCD Mallorca<\/a> verpflichtet werden. Wie hoch diese ist, wurde bislang nicht berichtet. Der Argentinier hatte 2017 seine Trainerlaufbahn begonnen, ehe er 2019 Erfahrungen im Nachwuchs des FC Bayern sammelte, f\u00fcr den er zu aktiven Zeiten 259 Partien bestritt. Weitere Stationen f\u00fchrten ihn in seine Heimat zu River Plate und nach Mexiko zum CF Monterrey. Im M\u00e4rz dieses Jahres \u00fcbernahm er dann auf Mallorca, konnte den Klub aber nicht vor dem Abstieg bewahren. Aus zw\u00f6lf Partien holte er f\u00fcnf Siege, drei Unentschieden und vier Niederlagen.<\/p>\n<p><\/p>\n<p>Werner hatte w\u00e4hrend der Saison immer wieder bei RB gewackelt, biss sich aber durch und f\u00fchrte die Sachsen als Tabellendritter zur\u00fcck in die Champions League. Obwohl er damit das Ziel des Vereins erreichte, wurde auch nach Saisonende offenbar weiter \u00fcber den 38-J\u00e4hrigen diskutiert. Zuletzt berichtete \u201eSky\u201c, dass Werners Zukunft ungewisser denn je sei und ein sofortiger Abgang nicht mehr ausgeschlossen werden k\u00f6nne.<\/p>\n<p><\/p>\n<p>Demnach habe sich der Vorstand f\u00fcr eine sofortige Trennung ausgesprochen. Die endg\u00fcltige Entscheidung liege aber bei Sport-Gesch\u00e4ftsf\u00fchrer <a title=\"Marcel Sch\u00e4fer\" href=\"https:\/\/www.transfermarkt.de\/marcel-sch-fer\/profil\/trainer\/61041\" target=\"_blank\" rel=\"nofollow noopener\">Marcel Sch\u00e4fer<\/a>, der als Bef\u00fcrworter Werners gilt. Dem Norddeutschen werde von den Bossen ein k\u00fchles Verh\u00e4ltnis seit Dezember angekreidet, weswegen es Bedenken bei dem Trainer gebe. <a href=\"https:\/\/www.transfermarkt.de\/rasenballsport-leipzig\/mitarbeiterhistorie\/verein\/23826\" target=\"_blank\" rel=\"nofollow noopener\">Mit einem Punkteschnitt von 1,95 in 38 Spielen ist Werner der statistisch beste RB-Coach seit Julian Nagelsmann<\/a>.<\/p>\n<p><a href=\"https:\/\/www.transfermarkt.de\/rb-leipzig\/detail\/forum\/477\" target=\"_blank\" rel=\"nofollow noopener\"><br \/>\n    <img loading=\"lazy\" decoding=\"async\" class=\"innews\" src=\"https:\/\/www.europesays.com\/de\/wp-content\/uploads\/2026\/06\/banner-vereinsforum-2025-26-rb-leipzig-1768224891-186992.jpg\" alt=\"Im Forum \u00fcber RB Leipzig mitreden!\" width=\"503\" height=\"148\"\/><\/p>\n<p><\/a><\/p>\n<p><\/p>\n<p>\n                                <strong>Hinweis:<\/strong><br \/>\n                                Wenn du etwas googelst, bekommst du neben den normalen Ergebnissen auch eine Box mit aktuellen News angezeigt. Wenn du Transfermarkt als bevorzugte Quelle hinterlegst, tauchen unsere Inhalte dort h\u00e4ufiger f\u00fcr dich auf.<br \/>\n                                <a href=\"https:\/\/www.google.com\/preferences\/source?q=transfermarkt.de\" target=\"_blank\" rel=\"noopener noreferrer nofollow\" onclick=\"tmEvent(&#039;news&#039;,&#039;click&#039;,&#039;google-preferences&#039;);&#010;\"><br \/>\n                                    F\u00fcge Transfermarkt hier als bevorzugte Quelle hinzu.                                <\/a>\n                            <\/p>\n","protected":false},"excerpt":{"rendered":"Mit Mallorca abgestiegen\u00a0 \u00a9IMAGO Nach erneuten Berichten \u00fcber eine unsichere Zukunft von Ole Werner bei RB Leipzig taucht&hellip;\n","protected":false},"author":2,"featured_media":1089146,"comment_status":"","ping_status":"","sticky":false,"template":"","format":"standard","meta":{"footnotes":"","_share_on_mastodon":"0"},"categories":[1832],"tags":[299,3364,29,30,19172,71,111497,14828,1655,5083,859],"class_list":["post-1089145","post","type-post","status-publish","format-standard","has-post-thumbnail","category-leipzig","tag-bundesliga","tag-de","tag-deutschland","tag-germany","tag-laliga","tag-leipzig","tag-martin-demichelis","tag-ole-werner","tag-rb-leipzig","tag-rcd-mallorca","tag-sachsen"],"share_on_mastodon":{"url":"https:\/\/pubeurope.com\/@de\/116737641049338783","error":""},"_links":{"self":[{"href":"https:\/\/www.europesays.com\/de\/wp-json\/wp\/v2\/posts\/1089145","targetHints":{"allow":["GET"]}}],"collection":[{"href":"https:\/\/www.europesays.com\/de\/wp-json\/wp\/v2\/posts"}],"about":[{"href":"https:\/\/www.europesays.com\/de\/wp-json\/wp\/v2\/types\/post"}],"author":[{"embeddable":true,"href":"https:\/\/www.europesays.com\/de\/wp-json\/wp\/v2\/users\/2"}],"replies":[{"embeddable":true,"href":"https:\/\/www.europesays.com\/de\/wp-json\/wp\/v2\/comments?post=1089145"}],"version-history":[{"count":0,"href":"https:\/\/www.europesays.com\/de\/wp-json\/wp\/v2\/posts\/1089145\/revisions"}],"wp:featuredmedia":[{"embeddable":true,"href":"https:\/\/www.europesays.com\/de\/wp-json\/wp\/v2\/media\/1089146"}],"wp:attachment":[{"href":"https:\/\/www.europesays.com\/de\/wp-json\/wp\/v2\/media?parent=1089145"}],"wp:term":[{"taxonomy":"category","embeddable":true,"href":"https:\/\/www.europesays.com\/de\/wp-json\/wp\/v2\/categories?post=1089145"},{"taxonomy":"post_tag","embeddable":true,"href":"https:\/\/www.europesays.com\/de\/wp-json\/wp\/v2\/tags?post=1089145"}],"curies":[{"name":"wp","href":"https:\/\/api.w.org\/{rel}","templated":true}]}}