{"id":1089251,"date":"2026-06-12T15:35:21","date_gmt":"2026-06-12T15:35:21","guid":{"rendered":"https:\/\/www.europesays.com\/de\/1089251\/"},"modified":"2026-06-12T15:35:21","modified_gmt":"2026-06-12T15:35:21","slug":"geas-startet-warum-dobrindts-image-kratzer-bekommt","status":"publish","type":"post","link":"https:\/\/www.europesays.com\/de\/1089251\/","title":{"rendered":"Geas startet: Warum Dobrindts Image Kratzer bekommt"},"content":{"rendered":"<p>Asylreform Geas <\/p>\n<p>Dobrindts Image bekommt langsam Kratzer<\/p>\n<p>12.06.2026 &#8211; 17:21 UhrLesedauer: 7 Min.<\/p>\n<p><a href=\"#focus-0\" class=\"transition-colors block text-current relative\" data-sctrack=\"FocusGalleryImage.Reference\"><img fetchpriority=\"high\" data-testid=\"Opener.Image\"   loading=\"eager\" src=\"https:\/\/www.europesays.com\/de\/wp-content\/uploads\/2026\/06\/alexander-dobrindt-bundesminister-des-innern-bundespressekonferenz-in-berlin-vorstellung-statistik-p.jpeg\" alt=\"imago images 0858869408\" title=\"imago images 0858869408\" width=\"4000\" height=\"2250\" class=\"bg-[url:var(--lqipURL)] bg-cover bg-center flex h-full w-full max-w-full\" style=\"--lqipURL:url('https:\/\/images.t-online.de\/2026\/06\/ZgvgdSW7-OUN\/716x319:4000x2250\/fit-in\/150x0\/filters:blur(25)\/alexander-dobrindt-bundesminister-des-innern-bundespressekonferenz-in-berlin-vorstellung-statistik-politisch-motivierter-kriminalitaet-pmk-2025-berlin-berlin-deutschland-haus-der-bundespressekonferenz-alexander-dobrindt-federal-minister-of-the-interior-federal-press-conference-in-berlin-presentation-of-statistics-on-politically-motivated-crime-pmk-2025-berlin-berlin-germany-house-of-the-federal-press-conference.jpg')\" decoding=\"async\"\/><img loading=\"lazy\" src=\"https:\/\/www.t-online.de\/s\/paper\/_next\/static\/media\/zoom-in.f7dae02f.svg\" alt=\"Vergr\u00f6\u00dfern des Bildes\" title=\"Vergr\u00f6\u00dfern des Bildes\" class=\"block h-[calc(var(--height)_\/_16_*_1rem)] w-[calc(var(--width)_\/_16_*_1rem)] max-w-none absolute right-8 bottom-8 rounded-4 bg-snow p-8\" style=\"--width:32;--height:32\" decoding=\"async\"\/><\/a><\/p>\n<p>Bundesminister Alexander Dobrindt: Er hat die &#8222;Migrationswende&#8220; versprochen. (Quelle: IMAGO\/Chris Emil Janssen\/imago)<\/p>\n<p><img loading=\"lazy\" src=\"https:\/\/www.t-online.de\/s\/paper\/_next\/static\/media\/audio-volume.6689034c.svg\" alt=\"\" title=\"\" class=\"block h-[calc(var(--height)_\/_16_*_1rem)] w-[calc(var(--width)_\/_16_*_1rem)] max-w-none group-hover:brightness-0 group-hover:invert\" style=\"--width:16;--height:16\" decoding=\"async\"\/>Vorlesen<\/p>\n<p>Aktuelle Zeit:0:00Gesamtdauer:0:00<\/p>\n<p>1x<\/p>\n<p class=\"text-center\">Jetzt neu bei t-online:<\/p>\n<p class=\"text-center\">Schriftgr\u00f6\u00dfe anpassen!<\/p>\n<p><img loading=\"lazy\" src=\"https:\/\/www.t-online.de\/s\/paper\/_next\/static\/media\/font-sizes.32942e33.svg\" alt=\"\" title=\"\" class=\"block h-[calc(var(--height)_\/_16_*_1rem)] w-[calc(var(--width)_\/_16_*_1rem)] max-w-none group-hover:hidden group-aria-expanded:hidden\" style=\"--width:16;--height:16\" decoding=\"async\"\/><img loading=\"lazy\" src=\"https:\/\/www.t-online.de\/s\/paper\/_next\/static\/media\/font-sizes-dark-mode.e382645c.svg\" alt=\"\" title=\"\" class=\"block h-[calc(var(--height)_\/_16_*_1rem)] w-[calc(var(--width)_\/_16_*_1rem)] max-w-none hidden group-hover:block group-aria-expanded:block\" style=\"--width:16;--height:16\" decoding=\"async\"\/><img loading=\"lazy\" src=\"https:\/\/www.t-online.de\/s\/paper\/_next\/static\/media\/sharing-menu-icon.1eb71368.svg\" alt=\"\" title=\"\" class=\"block h-[calc(var(--height)_\/_16_*_1rem)] w-[calc(var(--width)_\/_16_*_1rem)] max-w-none group-hover:brightness-0 group-hover:invert\" style=\"--width:16;--height:16\" decoding=\"async\"\/>Artikel teilen<\/p>\n<p class=\"font-bold text-18 leading-17 user-text-lg:text-22 user-text-xl:text-24\">Die Geas-Reform tritt in Kraft. Mit ihr will Europa die Migrationspolitik neu ordnen. Bundesinnenminister Dobrindt feiert sich als Macher. Doch sein Image bekommt Kratzer.<\/p>\n<p class=\"text-18 leading-17 user-text-lg:text-22 user-text-xl:text-24\">Ein Spielzimmer, ein Gebetsraum und einige Mehrbettzimmer: Es ist karg und trist in der sogenannten Au\u00dfengrenzeinrichtung am <a class=\"transition-colors cursor-pointer text-inherit no-underline text-salemsfur md:hover:text-magenta md:hover:border-magenta md:focus:text-magenta border-current border-b border-solid break-words\" data-tracking=\"{&quot;action&quot;:&quot;click&quot;,&quot;category&quot;:&quot;intextLink&quot;,&quot;label&quot;:&quot;\/themen\/flughafen\/&quot;}\" href=\"https:\/\/www.t-online.de\/themen\/flughafen\/\" data-sctrack=\"BodyAnchor\" rel=\"nofollow noopener\" target=\"_blank\">Flughafen<\/a> Berlin-Brandenburg (BER). Der kleine Flachbau unweit des Flughafens ist nicht neu, er wird schon l\u00e4nger f\u00fcr die Unterbringung von Menschen ohne Aufenthaltsrecht genutzt. Nun gibt es mehr Pl\u00e4tze, es wurde etwas umger\u00e4umt, der Name ist ein anderer. &#8222;Keine Luxuseinrichtung&#8220; sei das hier, sagt Bundesinnenminister <a class=\"transition-colors cursor-pointer text-inherit no-underline text-salemsfur md:hover:text-magenta md:hover:border-magenta md:focus:text-magenta border-current border-b border-solid break-words\" data-tracking=\"{&quot;action&quot;:&quot;click&quot;,&quot;category&quot;:&quot;intextLink&quot;,&quot;label&quot;:&quot;\/themen\/alexander-dobrindt\/&quot;}\" href=\"https:\/\/www.t-online.de\/themen\/alexander-dobrindt\/\" data-sctrack=\"BodyAnchor\" rel=\"nofollow noopener\" target=\"_blank\">Alexander Dobrindt<\/a> (CSU), der am Freitag zur offiziellen Er\u00f6ffnung gekommen ist. Es sei &#8222;praktikabel&#8220; und &#8222;angemessen&#8220;.<\/p>\n<p class=\"text-18 leading-17 user-text-lg:text-22 user-text-xl:text-24\">Die Au\u00dfengrenzeinrichtung am Flughafen <a class=\"transition-colors cursor-pointer text-inherit no-underline text-salemsfur md:hover:text-magenta md:hover:border-magenta md:focus:text-magenta border-current border-b border-solid break-words\" data-tracking=\"{&quot;action&quot;:&quot;click&quot;,&quot;category&quot;:&quot;intextLink&quot;,&quot;label&quot;:&quot;\/themen\/ber\/&quot;}\" href=\"https:\/\/www.t-online.de\/themen\/ber\/\" data-sctrack=\"BodyAnchor\" rel=\"nofollow noopener\" target=\"_blank\">BER<\/a> ist ein kleines Puzzlest\u00fcck der <a class=\"transition-colors cursor-pointer text-inherit no-underline text-salemsfur md:hover:text-magenta md:hover:border-magenta md:focus:text-magenta border-current border-b border-solid break-words\" data-tracking=\"{&quot;action&quot;:&quot;click&quot;,&quot;category&quot;:&quot;intextLink&quot;,&quot;label&quot;:&quot;\/nachrichten\/ausland\/id_101293352\/neue-eu-asylregeln-start-mit-unsicherheiten-und-kritik.html&quot;}\" href=\"https:\/\/www.t-online.de\/nachrichten\/ausland\/id_101293352\/neue-eu-asylregeln-start-mit-unsicherheiten-und-kritik.html\" data-sctrack=\"BodyAnchor\" rel=\"nofollow noopener\" target=\"_blank\">Reform des Gemeinsamen Europ\u00e4ischen Asylsystems (Geas), die an diesem Freitag in Kraft tritt.<\/a> Weil sich k\u00fcnftig die Pr\u00fcfung von Asylantr\u00e4gen an den deutschen Flugh\u00e4fen \u00e4ndert, musste die Einrichtung an die neuen Erfordernisse angepasst werden. Doch die Ver\u00e4nderungen, die mit Geas kommen, sind viel weitreichender. Und sie werden auch zur Nagelprobe f\u00fcr Dobrindt. Denn der Erfolg der Reform ist auch f\u00fcr den Minister entscheidend.<\/p>\n<p><a href=\"#focus-1\" class=\"transition-colors block text-current relative\" data-sctrack=\"FocusGalleryImage.Reference\"><img   loading=\"lazy\" src=\"https:\/\/www.europesays.com\/de\/wp-content\/uploads\/2026\/06\/eroeffnung-der-aussengrenzeinrichtung-des-landes-brandenburg-am-flughafen-ber-foto-vom-12-062026-inn.jpeg\" alt=\"imago images 0858993237\" title=\"imago images 0858993237\" width=\"3134\" height=\"1763\" class=\"h-full w-full max-w-full rounded-8\" decoding=\"async\"\/><img loading=\"lazy\" src=\"https:\/\/www.t-online.de\/s\/paper\/_next\/static\/media\/zoom-in.f7dae02f.svg\" alt=\"Vergr\u00f6\u00dfern des Bildes\" title=\"Vergr\u00f6\u00dfern des Bildes\" class=\"block h-[calc(var(--height)_\/_16_*_1rem)] w-[calc(var(--width)_\/_16_*_1rem)] max-w-none absolute right-8 bottom-8 rounded-4 bg-snow p-8\" style=\"--width:32;--height:32\" decoding=\"async\"\/>Bundesinnenminister Alexander Dobrindt: Er ist bei der Er\u00f6ffnung der Au\u00dfengrenzeinrichtung am BER dabei. (Quelle: IMAGO\/Christian Ditsch\/imago)<\/a><\/p>\n<p>Asylreform hat gro\u00dfe Ziele<\/p>\n<p class=\"text-18 leading-17 user-text-lg:text-22 user-text-xl:text-24\">Mit Geas soll, so die Idee, Migration k\u00fcnftig besser gesteuert werden. Die Reform strebt eine gerechtere Verteilung von Asylsuchenden unter den Mitgliedstaaten an, soll die Kontrollen an den Au\u00dfengrenzen verbessern, die Asylverfahren mit einheitlichen Standards beschleunigen und zugleich die Solidarit\u00e4t innerhalb der EU st\u00e4rken.<\/p>\n<p class=\"text-18 leading-17 user-text-lg:text-22 user-text-xl:text-24\">Geas geht ein jahrelanger Streit zwischen EU-Staaten voraus. Denn f\u00fcr ein Asylverfahren ist immer das EU-Land zust\u00e4ndig, in dem ein Schutzsuchender zuerst registriert wurde. Das hei\u00dft, die Staaten an den EU-Au\u00dfengrenzen wie <a class=\"transition-colors cursor-pointer text-inherit no-underline text-salemsfur md:hover:text-magenta md:hover:border-magenta md:focus:text-magenta border-current border-b border-solid break-words\" data-tracking=\"{&quot;action&quot;:&quot;click&quot;,&quot;category&quot;:&quot;intextLink&quot;,&quot;label&quot;:&quot;\/themen\/italien\/&quot;}\" href=\"https:\/\/www.t-online.de\/themen\/italien\/\" data-sctrack=\"BodyAnchor\" rel=\"nofollow noopener\" target=\"_blank\">Italien<\/a> oder <a class=\"transition-colors cursor-pointer text-inherit no-underline text-salemsfur md:hover:text-magenta md:hover:border-magenta md:focus:text-magenta border-current border-b border-solid break-words\" data-tracking=\"{&quot;action&quot;:&quot;click&quot;,&quot;category&quot;:&quot;intextLink&quot;,&quot;label&quot;:&quot;\/themen\/griechenland\/&quot;}\" href=\"https:\/\/www.t-online.de\/themen\/griechenland\/\" data-sctrack=\"BodyAnchor\" rel=\"nofollow noopener\" target=\"_blank\">Griechenland<\/a>, in denen j\u00e4hrlich Tausende Migranten \u00fcbers <a class=\"transition-colors cursor-pointer text-inherit no-underline text-salemsfur md:hover:text-magenta md:hover:border-magenta md:focus:text-magenta border-current border-b border-solid break-words\" data-tracking=\"{&quot;action&quot;:&quot;click&quot;,&quot;category&quot;:&quot;intextLink&quot;,&quot;label&quot;:&quot;\/themen\/mittelmeer\/&quot;}\" href=\"https:\/\/www.t-online.de\/themen\/mittelmeer\/\" data-sctrack=\"BodyAnchor\" rel=\"nofollow noopener\" target=\"_blank\">Mittelmeer<\/a> ankommen, sind aufgrund dieser sogenannten Dublin-Regelung \u00fcberproportional belastet. Deutschland wiederum f\u00fchlt sich seit Jahren benachteiligt, weil es bei Asylsuchenden in Europa besonders beliebt ist.<\/p>\n<p class=\"text-18 leading-17 user-text-lg:text-22 user-text-xl:text-24\">An der Grundidee des Dublin-Systems \u00e4ndert auch die Geas-Reform nichts. Ein Solidarit\u00e4tsmechanismus soll allerdings sicherstellen, dass Migranten k\u00fcnftig gerechter zwischen den EU-Staaten verteilt werden. Die L\u00e4nder an den EU-Au\u00dfengrenzen sollen von den anderen Mitgliedsl\u00e4ndern zum Beispiel mit finanziellen Beitr\u00e4gen oder der \u00dcbernahme von Asylsuchenden entlastet werden. Deutschland etwa wurden die vielen Asylbewerber der Vergangenheit angerechnet, f\u00fcr die eigentlich andere L\u00e4nder zust\u00e4ndig gewesen w\u00e4ren.<\/p>\n<p>Geas l\u00f6st l\u00e4ngst nicht alle Probleme<\/p>\n<p class=\"text-18 leading-17 user-text-lg:text-22 user-text-xl:text-24\">Ob der Mechanismus den Streit dauerhaft befrieden wird, ist fraglich. &#8222;Der neue Solidarit\u00e4tsmechanismus ist ein Schritt in die richtige Richtung, doch der Grundkonflikt bleibt bestehen: Staaten an den Au\u00dfengrenzen f\u00fchlen sich weiterhin unfair belastet&#8220;, sagt Isabelle Sch\u00e4fer. Sie forscht am Zentrum f\u00fcr Migration der Deutschen Gesellschaft f\u00fcr Ausw\u00e4rtige Politik. Es sei aber zun\u00e4chst einmal positiv, dass sich die Mitgliedstaaten \u00fcberhaupt auf die Geas-Reform geeinigt h\u00e4tten, so Sch\u00e4fer weiter. &#8222;Diese Einigung zeigt, dass Zusammenarbeit m\u00f6glich ist, auch wenn viele Details noch unklar sind.&#8220;<\/p>\n","protected":false},"excerpt":{"rendered":"Asylreform Geas Dobrindts Image bekommt langsam Kratzer 12.06.2026 &#8211; 17:21 UhrLesedauer: 7 Min. Bundesminister Alexander Dobrindt: Er hat&hellip;\n","protected":false},"author":2,"featured_media":1089252,"comment_status":"","ping_status":"","sticky":false,"template":"","format":"standard","meta":{"footnotes":"","_share_on_mastodon":"0"},"categories":[3933],"tags":[3028,331,332,20,105463,231263,13410,296,19931,1173,774,29,548,663,158,3934,3935,1565,13,355,7882,700,14,15,12],"class_list":["post-1089251","post","type-post","status-publish","format-standard","has-post-thumbnail","category-eu","tag-3028","tag-aktuelle-nachrichten","tag-aktuelle-news","tag-alexander-dobrindt","tag-asylreform","tag-aussengrenzeinrichtung","tag-ber","tag-berlin","tag-bundesminister","tag-bundesregierung","tag-csu","tag-deutschland","tag-eu","tag-europa","tag-europaeische-union","tag-europe","tag-european-union","tag-griechenland","tag-headlines","tag-italien","tag-migrationspolitik","tag-mittelmeer","tag-nachrichten","tag-news","tag-schlagzeilen"],"share_on_mastodon":{"url":"https:\/\/pubeurope.com\/@de\/116737876894932662","error":""},"_links":{"self":[{"href":"https:\/\/www.europesays.com\/de\/wp-json\/wp\/v2\/posts\/1089251","targetHints":{"allow":["GET"]}}],"collection":[{"href":"https:\/\/www.europesays.com\/de\/wp-json\/wp\/v2\/posts"}],"about":[{"href":"https:\/\/www.europesays.com\/de\/wp-json\/wp\/v2\/types\/post"}],"author":[{"embeddable":true,"href":"https:\/\/www.europesays.com\/de\/wp-json\/wp\/v2\/users\/2"}],"replies":[{"embeddable":true,"href":"https:\/\/www.europesays.com\/de\/wp-json\/wp\/v2\/comments?post=1089251"}],"version-history":[{"count":0,"href":"https:\/\/www.europesays.com\/de\/wp-json\/wp\/v2\/posts\/1089251\/revisions"}],"wp:featuredmedia":[{"embeddable":true,"href":"https:\/\/www.europesays.com\/de\/wp-json\/wp\/v2\/media\/1089252"}],"wp:attachment":[{"href":"https:\/\/www.europesays.com\/de\/wp-json\/wp\/v2\/media?parent=1089251"}],"wp:term":[{"taxonomy":"category","embeddable":true,"href":"https:\/\/www.europesays.com\/de\/wp-json\/wp\/v2\/categories?post=1089251"},{"taxonomy":"post_tag","embeddable":true,"href":"https:\/\/www.europesays.com\/de\/wp-json\/wp\/v2\/tags?post=1089251"}],"curies":[{"name":"wp","href":"https:\/\/api.w.org\/{rel}","templated":true}]}}