{"id":1089295,"date":"2026-06-12T15:58:15","date_gmt":"2026-06-12T15:58:15","guid":{"rendered":"https:\/\/www.europesays.com\/de\/1089295\/"},"modified":"2026-06-12T15:58:15","modified_gmt":"2026-06-12T15:58:15","slug":"eine-woche-vor-ort-in-rommelshausen-tagebuch-einer-pop-up-redaktion-nachrichten-aus-kernen","status":"publish","type":"post","link":"https:\/\/www.europesays.com\/de\/1089295\/","title":{"rendered":"Eine Woche vor Ort in Rommelshausen: Tagebuch einer Pop-up-Redaktion &#8211; Nachrichten aus Kernen"},"content":{"rendered":"<p><strong>Kernen. <\/strong> \u201eHallo, Entschuldigung\u201c, erklingt eine helle Jungenstimme von unserer Eingangst\u00fcr her. Es ist Mittwoch, einer der sch\u00f6neren Tage in dieser  ersten Woche Redaktionsau\u00dfendauerdienst in der Stettener Stra\u00dfe 5 in Rommelshausen. Viele G\u00e4ste haben uns in diesen ersten paar Tagen schon besucht. Dass sich jetzt aber drei Grundsch\u00fcler von sich aus zu uns reintrauen und etwas zu erz\u00e4hlen haben \u2013 das war sicherlich das Highlight der Woche. <\/p>\n<p>Auch Grundsch\u00fcler finden <\/p>\n","protected":false},"excerpt":{"rendered":"Kernen. \u201eHallo, Entschuldigung\u201c, erklingt eine helle Jungenstimme von unserer Eingangst\u00fcr her. Es ist Mittwoch, einer der sch\u00f6neren Tage&hellip;\n","protected":false},"author":2,"featured_media":1089296,"comment_status":"","ping_status":"","sticky":false,"template":"","format":"standard","meta":{"footnotes":"","_share_on_mastodon":"0"},"categories":[1830],"tags":[1634,5507,3364,29,231266,6725,11867,30,14435,231267,68425,54222,14440,231268,1441,230833,231269,231270],"class_list":["post-1089295","post","type-post","status-publish","format-standard","has-post-thumbnail","category-stuttgart","tag-baden-wuerttemberg","tag-berichterstattung","tag-de","tag-deutschland","tag-fairteiler-kernen","tag-fellbach","tag-gemeinde","tag-germany","tag-kernen","tag-lynn-nagy","tag-pop-up","tag-pop-up-redaktion","tag-rommelshausen","tag-stettener-strasse-5","tag-stuttgart","tag-un_unterhalte-mich","tag-waiblinger-zeitung","tag-zuelal-acar"],"share_on_mastodon":{"url":"https:\/\/pubeurope.com\/@de\/116737966503895956","error":""},"_links":{"self":[{"href":"https:\/\/www.europesays.com\/de\/wp-json\/wp\/v2\/posts\/1089295","targetHints":{"allow":["GET"]}}],"collection":[{"href":"https:\/\/www.europesays.com\/de\/wp-json\/wp\/v2\/posts"}],"about":[{"href":"https:\/\/www.europesays.com\/de\/wp-json\/wp\/v2\/types\/post"}],"author":[{"embeddable":true,"href":"https:\/\/www.europesays.com\/de\/wp-json\/wp\/v2\/users\/2"}],"replies":[{"embeddable":true,"href":"https:\/\/www.europesays.com\/de\/wp-json\/wp\/v2\/comments?post=1089295"}],"version-history":[{"count":0,"href":"https:\/\/www.europesays.com\/de\/wp-json\/wp\/v2\/posts\/1089295\/revisions"}],"wp:featuredmedia":[{"embeddable":true,"href":"https:\/\/www.europesays.com\/de\/wp-json\/wp\/v2\/media\/1089296"}],"wp:attachment":[{"href":"https:\/\/www.europesays.com\/de\/wp-json\/wp\/v2\/media?parent=1089295"}],"wp:term":[{"taxonomy":"category","embeddable":true,"href":"https:\/\/www.europesays.com\/de\/wp-json\/wp\/v2\/categories?post=1089295"},{"taxonomy":"post_tag","embeddable":true,"href":"https:\/\/www.europesays.com\/de\/wp-json\/wp\/v2\/tags?post=1089295"}],"curies":[{"name":"wp","href":"https:\/\/api.w.org\/{rel}","templated":true}]}}