{"id":1089547,"date":"2026-06-12T18:18:17","date_gmt":"2026-06-12T18:18:17","guid":{"rendered":"https:\/\/www.europesays.com\/de\/1089547\/"},"modified":"2026-06-12T18:18:17","modified_gmt":"2026-06-12T18:18:17","slug":"tennis-boris-becker-so-wird-zverev-auch-in-deutschland-beliebt-sportmix","status":"publish","type":"post","link":"https:\/\/www.europesays.com\/de\/1089547\/","title":{"rendered":"Tennis: Boris Becker: So wird Zverev auch in Deutschland beliebt! | Sportmix"},"content":{"rendered":"<p><a class=\"skip-content skip-content--link\" href=\"#in-content-skip-link-target-v-0-0\">TTS-Player \u00fcberspringen\u21b5<\/a><a id=\"in-content-skip-link-target-v-0-0\" class=\"skip-content--target-link-hidden skip-content skip-content--target-link\" href=\"#in-content-skip-link-target-v-0-0\">Artikel weiterlesen<\/a><\/p>\n<p><b>Becker-Botschaft an den neuen Champion! Alexander Zverev (29) hat mit seinem Triumph bei den French Open 2026 endlich seinen ersten Grand-Slam-Titel gewonnen. Doch ausgerechnet jetzt sagt Tennis-Ikone Boris Becker (58): Sascha muss mehr zeigen als nur <\/b><a href=\"https:\/\/sportbild.bild.de\/sportmix\/tennis\/tennis\/home-33310364.sport.html\" class=\"text-link\" rel=\"nofollow noopener\" target=\"_blank\"><b>Tennis<\/b><\/a><b>!<\/b><\/p>\n<p>Im Podcast \u201eBecker Petkovic\u201c mit Andrea Petkovic (38) spricht die deutsche Tennis-Legende \u00fcber Zverevs neue Rolle. Die Botschaft des sechsmaligen Grand-Slam-Siegers: Wer ganz oben steht, kann sich nicht mehr vor der \u00d6ffentlichkeit verstecken. Becker sagt: \u201eDie Fans wollen den Menschen Sascha Zverev besser verstehen. Sie sind jetzt offen, ihn zu umarmen, aber er muss ihnen ein bisschen was geben.\u201c<\/p>\n<p><img decoding=\"async\" width=\"992\" height=\"558\" alt=\"Alexander Zverev (29) gewann am vergangenen Sonntag die French Open\" src=\"https:\/\/www.europesays.com\/de\/wp-content\/uploads\/2026\/06\/019fd78af6339f1dbc1f2dd3a9c649f1,210c64e4.jpeg\"   class=\"landscape\" loading=\"lazy\"\/><\/p>\n<p class=\"fig__caption__text\">Alexander Zverev (29) gewann am vergangenen Sonntag die French Open<\/p>\n<p>Foto: Thibault Camus\/AP\/dpa<\/p>\n<p>Und weiter: \u201eEs kommt jetzt die Frage auf: Wer ist eigentlich der Mensch Sascha Zverev? Wir kennen den Tennisspieler, aber wie ist der Mensch? Er hat eine f\u00fcnfj\u00e4hrige Tochter &#8211; wie ist er als Vater? Welche Meinung hat er \u00fcber Politik? Wie tickt er au\u00dferhalb des Platzes? Liest er ein Buch? Da wei\u00df ich nicht, ob er sich in dieser Rolle wohlf\u00fchlt. Aber er hat keine andere Wahl: Er wird jetzt im Fokus der \u00d6ffentlichkeit stehen &#8211; ob er das will oder nicht\u201c<\/p>\n<p>\u201eDu musst dich damit auseinandersetzen\u201c<\/p>\n<p>Bislang habe Zverev, so Andrea Petkovic, vor allem Tennisspieler sein wollen. Einer, der lieber \u00fcber Matches, Aufschl\u00e4ge und Punkte spricht als \u00fcber sich selbst. Doch Becker glaubt: Das reicht jetzt nicht mehr. Seine klare Ansage: \u201eDu kannst als Superstar \u2013 und das ist Sascha Zverev jetzt im Tennis \u2013 nicht so tun, als g\u00e4be es dein Privatleben nicht. Du musst dich damit auseinandersetzen, kannst nichts negieren und nichts leugnen.\u201c<\/p>\n<p>Mehr zum Thema<\/p>\n<p>Gerade in Deutschland sieht Becker eine riesige Chance f\u00fcr Zverev. Bisher wurde er oft respektiert, aber nicht immer geliebt. Das k\u00f6nnte sich jetzt \u00e4ndern. Becker sagt, Zverev m\u00fcsse sich \u00f6ffnen, dann werde er in Deutschland \u201enicht nur respektiert, sondern auch geliebt\u201c.<\/p>\n<p>Auch im Umgang mit schwierigen Themen m\u00fcsse Zverev laut Becker anders werden. Er k\u00f6nne nicht nur \u00fcber Dinge sprechen, bei denen er sich wohlf\u00fchle. Auff\u00e4llig findet Becker zudem den Unterschied zwischen Zverevs Auftritten auf Englisch und Deutsch. Auf Englisch wirke er lockerer, charmanter, sympathischer. Auf Deutsch sei oft \u201eeine Bremse drin\u201c.<\/p>\n","protected":false},"excerpt":{"rendered":"TTS-Player \u00fcberspringen\u21b5Artikel weiterlesen Becker-Botschaft an den neuen Champion! Alexander Zverev (29) hat mit seinem Triumph bei den French&hellip;\n","protected":false},"author":2,"featured_media":1089548,"comment_status":"","ping_status":"","sticky":false,"template":"","format":"standard","meta":{"footnotes":"","_share_on_mastodon":"0"},"categories":[2],"tags":[331,3924,332,3922,10329,22190,3364,29,20798,30,22181,13,14,3923,15,3921,12,4206,10331],"class_list":["post-1089547","post","type-post","status-publish","format-standard","has-post-thumbnail","category-deutschland","tag-aktuelle-nachrichten","tag-aktuelle-nachrichten-aus-deutschland","tag-aktuelle-news","tag-aktuelle-news-aus-deutschland","tag-alexander-zverev","tag-becker-boris","tag-de","tag-deutschland","tag-french-open","tag-germany","tag-grand-slam-turniere","tag-headlines","tag-nachrichten","tag-nachrichten-aus-deutschland","tag-news","tag-news-aus-deutschland","tag-schlagzeilen","tag-tennis","tag-tennis-einzel"],"share_on_mastodon":{"url":"https:\/\/pubeurope.com\/@de\/116738517118167891","error":""},"_links":{"self":[{"href":"https:\/\/www.europesays.com\/de\/wp-json\/wp\/v2\/posts\/1089547","targetHints":{"allow":["GET"]}}],"collection":[{"href":"https:\/\/www.europesays.com\/de\/wp-json\/wp\/v2\/posts"}],"about":[{"href":"https:\/\/www.europesays.com\/de\/wp-json\/wp\/v2\/types\/post"}],"author":[{"embeddable":true,"href":"https:\/\/www.europesays.com\/de\/wp-json\/wp\/v2\/users\/2"}],"replies":[{"embeddable":true,"href":"https:\/\/www.europesays.com\/de\/wp-json\/wp\/v2\/comments?post=1089547"}],"version-history":[{"count":0,"href":"https:\/\/www.europesays.com\/de\/wp-json\/wp\/v2\/posts\/1089547\/revisions"}],"wp:featuredmedia":[{"embeddable":true,"href":"https:\/\/www.europesays.com\/de\/wp-json\/wp\/v2\/media\/1089548"}],"wp:attachment":[{"href":"https:\/\/www.europesays.com\/de\/wp-json\/wp\/v2\/media?parent=1089547"}],"wp:term":[{"taxonomy":"category","embeddable":true,"href":"https:\/\/www.europesays.com\/de\/wp-json\/wp\/v2\/categories?post=1089547"},{"taxonomy":"post_tag","embeddable":true,"href":"https:\/\/www.europesays.com\/de\/wp-json\/wp\/v2\/tags?post=1089547"}],"curies":[{"name":"wp","href":"https:\/\/api.w.org\/{rel}","templated":true}]}}