{"id":1089565,"date":"2026-06-12T18:28:28","date_gmt":"2026-06-12T18:28:28","guid":{"rendered":"https:\/\/www.europesays.com\/de\/1089565\/"},"modified":"2026-06-12T18:28:28","modified_gmt":"2026-06-12T18:28:28","slug":"rapp-abgang-steht-bevor-ksc-und-dresden-vor-einigung","status":"publish","type":"post","link":"https:\/\/www.europesays.com\/de\/1089565\/","title":{"rendered":"Rapp-Abgang steht bevor: KSC und Dresden vor Einigung"},"content":{"rendered":"<p class=\"mb-6 text-xs-varying md:text-m lg:text-l font-serif group-[.font-sans]:font-sans \">\n    Beim <a href=\"https:\/\/www.ka-news.de\/region\/karlsruhe\/ksc-geschichte-trainer-und-co-im-ueberblick-art-2806184\" target=\"_self\" class=\"underline \" rel=\"nofollow noopener\">KSC<\/a> steht durch den Trainerwechsel von <a href=\"https:\/\/www.ka-news.de\/ksc\/karlsruher-sc-ksc-trainer-christian-eichner-im-portraet-er-war-als-spieler-publikumsliebling-in-karlsruhe-8-4-26-102567361\" target=\"_self\" class=\"underline \" rel=\"nofollow noopener\">Christian Eichner<\/a> zu <a href=\"https:\/\/www.ka-news.de\/baden-wuerttemberg\/2-fussball-bundesliga-offiziell-senft-wird-neuer-trainer-beim-karlsruher-sc-114288436\" target=\"_self\" class=\"underline \" rel=\"nofollow noopener\">Maximilian Senft<\/a> im Sommer ein Umbruch an. <a href=\"https:\/\/www.ka-news.de\/ksc\/nicolai-rapp-auf-ksc-verkaufsliste-dynamo-dresden-hat-interesse-3-6-26-114352928\" target=\"_self\" class=\"underline \" rel=\"nofollow noopener\">Nicolai Rapp steht nach einer durchwachsenen Saison auf der Verkaufsliste<\/a>. Dynamo Dresden soll Interesse haben und kurz vor einer Finalisierung des Wechsels stehen.\n  <\/p>\n<p>            Rapp passt nicht ins neue Profil<\/p>\n<p class=\"mb-6 text-xs-varying md:text-m lg:text-l font-serif group-[.font-sans]:font-sans \">\n    Nach einem Bericht der \u201eBild\u201c-Zeitung geht es um eine Abl\u00f6sesumme im \u201eunteren sechsstelligen Bereich\u201c. Vor 2 Jahren kam der 29-J\u00e4hrige abl\u00f6sefrei von Werder Bremen in den Wildpark. Der geb\u00fcrtige Heidelberger wurde in seinen 70 Spielen f\u00fcr den <a href=\"https:\/\/www.ka-news.de\/ksc\" target=\"_self\" class=\"underline \" rel=\"nofollow noopener\">KSC<\/a> meist als Sechser eingesetzt, konnte allerdings auch den Innenverteidiger in der Dreierkette geben.\n  <\/p>\n<p>    <img decoding=\"async\" src=\"https:\/\/images.mgpd.de\/img\/113787744\/crop\/c16_9-w100\/1626855700\/1169999972\/dsc2997.jpg\" alt=\"Nicolai Rapp steht vor einem Wechsel nach Dresden. (Archivbild)\" title=\"Nicolai Rapp steht vor einem Wechsel nach Dresden. (Archivbild)\" loading=\"lazy\" class=\"h-full w-full object-cover\"\/><\/p>\n<p>      Icon vergr\u00f6\u00dfern<\/p>\n<p>    Nicolai Rapp steht vor einem Wechsel nach Dresden. (Archivbild)<br \/>\n    Foto: Michaela Anderer<\/p>\n<p>        Schlie\u00dfen <\/p>\n<p>      Icon Schlie\u00dfen<\/p>\n<p>        Icon vergr\u00f6\u00dfern<\/p>\n<p>        Icon verkleinern<\/p>\n<p>      Icon Pfeil bewegen<\/p>\n<p>    Nicolai Rapp steht vor einem Wechsel nach Dresden. (Archivbild)<br \/>\n    Foto: Michaela Anderer<\/p>\n<p class=\"mb-6 text-xs-varying md:text-m lg:text-l font-serif group-[.font-sans]:font-sans \">\n    Unter Christian Eichner war Rapp \u00fcber weite Teile Stammspieler, bis er in der abgelaufenen Saison von einer Verletzung zur\u00fcckgeworfen wurde. Der neue Trainer Senft setzt gerne auf junge Spieler und setzt auf hohes Pressing. <a href=\"https:\/\/www.ka-news.de\/ksc\/ksc-neue-aera-unter-maximilian-senft-bringt-frischen-wind-fuer-profis-114394456\" target=\"_self\" class=\"underline \" rel=\"nofollow noopener\">Der eher klassische ruppige Abr\u00e4umer Rapp passt eher nicht in dieses Profil<\/a>.\n  <\/p>\n","protected":false},"excerpt":{"rendered":"Beim KSC steht durch den Trainerwechsel von Christian Eichner zu Maximilian Senft im Sommer ein Umbruch an. Nicolai&hellip;\n","protected":false},"author":2,"featured_media":1089566,"comment_status":"","ping_status":"","sticky":false,"template":"","format":"standard","meta":{"footnotes":"","_share_on_mastodon":"0"},"categories":[1835],"tags":[9492,16611,3364,29,2386,3766,30,3850,221799,174833,859,2365,4667,231302],"class_list":["post-1089565","post","type-post","status-publish","format-standard","has-post-thumbnail","category-dresden","tag-bild-zeitung","tag-christian-eichner","tag-de","tag-deutschland","tag-dresden","tag-dynamo-dresden","tag-germany","tag-karlsruher-sc","tag-maximilian-senft","tag-nicolai-rapp","tag-sachsen","tag-sv-werder-bremen","tag-trainerwechsel","tag-verkaufsliste"],"share_on_mastodon":{"url":"","error":""},"_links":{"self":[{"href":"https:\/\/www.europesays.com\/de\/wp-json\/wp\/v2\/posts\/1089565","targetHints":{"allow":["GET"]}}],"collection":[{"href":"https:\/\/www.europesays.com\/de\/wp-json\/wp\/v2\/posts"}],"about":[{"href":"https:\/\/www.europesays.com\/de\/wp-json\/wp\/v2\/types\/post"}],"author":[{"embeddable":true,"href":"https:\/\/www.europesays.com\/de\/wp-json\/wp\/v2\/users\/2"}],"replies":[{"embeddable":true,"href":"https:\/\/www.europesays.com\/de\/wp-json\/wp\/v2\/comments?post=1089565"}],"version-history":[{"count":0,"href":"https:\/\/www.europesays.com\/de\/wp-json\/wp\/v2\/posts\/1089565\/revisions"}],"wp:featuredmedia":[{"embeddable":true,"href":"https:\/\/www.europesays.com\/de\/wp-json\/wp\/v2\/media\/1089566"}],"wp:attachment":[{"href":"https:\/\/www.europesays.com\/de\/wp-json\/wp\/v2\/media?parent=1089565"}],"wp:term":[{"taxonomy":"category","embeddable":true,"href":"https:\/\/www.europesays.com\/de\/wp-json\/wp\/v2\/categories?post=1089565"},{"taxonomy":"post_tag","embeddable":true,"href":"https:\/\/www.europesays.com\/de\/wp-json\/wp\/v2\/tags?post=1089565"}],"curies":[{"name":"wp","href":"https:\/\/api.w.org\/{rel}","templated":true}]}}