{"id":1089637,"date":"2026-06-12T19:07:14","date_gmt":"2026-06-12T19:07:14","guid":{"rendered":"https:\/\/www.europesays.com\/de\/1089637\/"},"modified":"2026-06-12T19:07:14","modified_gmt":"2026-06-12T19:07:14","slug":"marius-borg-hoiby-warum-der-sohn-von-mette-marit-bei-der-urteilsverkuendung-fehlt-unterhaltung","status":"publish","type":"post","link":"https:\/\/www.europesays.com\/de\/1089637\/","title":{"rendered":"Marius Borg H\u00f8iby: Warum der Sohn von Mette-Marit bei der Urteilsverk\u00fcndung fehlt | Unterhaltung"},"content":{"rendered":"<p><a class=\"skip-content skip-content--link\" href=\"#in-content-skip-link-target-v-0-0\">TTS-Player \u00fcberspringen\u21b5<\/a><a id=\"in-content-skip-link-target-v-0-0\" class=\"skip-content--target-link-hidden skip-content skip-content--target-link\" href=\"#in-content-skip-link-target-v-0-0\">Artikel weiterlesen<\/a><\/p>\n<p>Oslo (Norwegen) \u2013 <b>Sieben Wochen Prozess. 40 Anklagepunkte. Vier Vergewaltigungsvorw\u00fcrfe. Und eine Monarchie im Krisenmodus. Marius Borg H\u00f8iby (29), der Sohn von Kronprinzessin Mette-Marit (52), sitzt seit Februar in Untersuchungshaft. Doch wenn am Montag, 15. Juni, um 08.30 Uhr das Urteil f\u00e4llt, ist Marius nicht anwesend. Er wird \u00fcber Video-Link zugeschaltet. <\/b><\/p>\n<p>Seine Anw\u00e4ltin Ellen Holager Andenaes sagte gegen\u00fcber \u201eVG\u201c, dass er aus gesundheitlichen Gr\u00fcnden nicht erscheinen kann. An welcher Krankheit er leidet, wollte sie nicht sagen. Erst am vergangenen Mittwoch war <a href=\"https:\/\/www.bild.de\/themen\/personen\/marius-borg-hoiby-aktuelle-news-und-videos-kE2eKnnCBXgFY6nBHu8H\" class=\"text-link\" rel=\"nofollow noopener\" target=\"_blank\">Marius<\/a> im Krankenhaus f\u00fcr eine Art \u201eKrankschreibung\u201c. Das Gericht in Oslo teilte jedoch mit: \u201eDas hat keinerlei Konsequenzen, das Urteil wird verk\u00fcndet.\u201c <\/p>\n<p><img decoding=\"async\" width=\"992\" height=\"1487\" alt=\"Marius ist der \u00e4lteste Sohn der norwegischen Kronprinzessin Mette-Marit (52). Zusammen mit Kronprinz Haakon (52) hat sie noch zwei weitere Kinder. Hier sind sie zu dritt 2016 auf einem Event in Oslo\" src=\"https:\/\/www.europesays.com\/de\/wp-content\/uploads\/2026\/06\/f8475816a2fea1f72ad8c528a15907fb,9a1b6958.jpeg\"   class=\"dynamic\" loading=\"lazy\"\/><\/p>\n<p class=\"fig__caption__text\">Marius ist der \u00e4lteste Sohn der norwegischen Kronprinzessin Mette-Marit (52). Zusammen mit Kronprinz Haakon (52) hat sie noch zwei weitere Kinder. Hier sind sie zu dritt 2016 auf einem Event in Oslo<\/p>\n<p>Foto: action press<\/p>\n<p>Marius drohen sieben Jahre Haft<\/p>\n<p>Die norwegische Justiz wirft ihm eine ganze Serie schwerer Straftaten vor \u2013 darunter Vergewaltigung, Gewalt gegen Ex-Partnerinnen, Verst\u00f6\u00dfe gegen Kontaktverbote sowie Drogendelikte. <\/p>\n<p>Mehr zum Thema<\/p>\n<p>Der Prozess entwickelte sich schnell zum \u201eProzess des Jahrhunderts\u201c in Norwegen. Wochenlang sagten Zeugen, Ex-Freundinnen und Ermittler aus. Die Staatsanwaltschaft zeichnete das Bild eines Mannes, der \u00fcber Jahre hinweg Frauen verletzt und Grenzen \u00fcberschritten haben soll.<\/p>\n<p>Was <a href=\"https:\/\/www.bild.de\/unterhaltung\/royals-adel\/marius-bangt-um-kranke-mama-mette-marit-es-koennte-das-letzte-mal-sein-6a2913722f1d399245058983\" class=\"text-link\" rel=\"nofollow noopener\" target=\"_blank\">Marius<\/a> nun droht? Vor allem eine mehrj\u00e4hrige Freiheitsstrafe. Die Staatsanwaltschaft hat vor Gericht 7 Jahre und 7 Monate Haft gefordert. Bei einer Verurteilung in den schwersten Anklagepunkten k\u00f6nnte die Strafe in der Gr\u00f6\u00dfenordnung liegen, die die Staatsanwaltschaft fordert. Sprich: mehrere Jahre Gef\u00e4ngnis.<\/p>\n<p><img decoding=\"async\" width=\"992\" height=\"661\" alt=\"Eine Zeichnung von Marius vor Gericht. Im Saal waren keine Bilder erlaubt\" src=\"https:\/\/www.europesays.com\/de\/wp-content\/uploads\/2026\/06\/ab73bda4476ab80b8cbf461049384641,86683232.jpeg\"   class=\"dynamic\" loading=\"lazy\"\/><\/p>\n<p class=\"fig__caption__text\">Eine Zeichnung von Marius vor Gericht. Im Saal waren keine Bilder erlaubt<\/p>\n<p>Foto: Ane Hem\/NTB\/dpa<\/p>\n<p>Marius bestreitet die Vorw\u00fcrfe<\/p>\n<p>Bei einer teilweisen Verurteilung w\u00e4re eine deutlich niedrigere Haftstrafe m\u00f6glich. Wird er bei den schwersten Vorw\u00fcrfen freigesprochen, f\u00e4llt die Strafe deutlich milder aus. Sie w\u00fcrde sich dann auf die Delikte beschr\u00e4nken, die er einger\u00e4umt hat oder die das Gericht als bewiesen ansieht. Da Marius bereits seit <a href=\"https:\/\/www.bild.de\/unterhaltung\/royals-adel\/marius-borg-hiby-planscht-im-knast-pool-gefaengnisleiter-erklaert-foto-6a27b6438d84dbd8a4ed9b47\" class=\"text-link\" rel=\"nofollow noopener\" target=\"_blank\">Monaten in Untersuchungshaft <\/a>sitzt, w\u00fcrde diese Zeit auf eine sp\u00e4tere Freiheitsstrafe angerechnet werden.<\/p>\n<p>H\u00f8iby bestreitet die Vergewaltigungsvorw\u00fcrfe. Einige weniger schwere Delikte r\u00e4umte er jedoch ein, darunter Drogendelikte und Verst\u00f6\u00dfe gegen Auflagen. Seine Anw\u00e4lte fordern deshalb eine deutlich mildere Strafe.<\/p>\n","protected":false},"excerpt":{"rendered":"TTS-Player \u00fcberspringen\u21b5Artikel weiterlesen Oslo (Norwegen) \u2013 Sieben Wochen Prozess. 40 Anklagepunkte. Vier Vergewaltigungsvorw\u00fcrfe. Und eine Monarchie im Krisenmodus.&hellip;\n","protected":false},"author":2,"featured_media":1089638,"comment_status":"","ping_status":"","sticky":false,"template":"","format":"standard","meta":{"footnotes":"","_share_on_mastodon":"0"},"categories":[3],"tags":[1916,13,1919,1915,14,15,1917,12,1918,138370,10,8,9,11,103,104],"class_list":["post-1089637","post","type-post","status-publish","format-standard","has-post-thumbnail","category-welt","tag-haakon-von-norwegen","tag-headlines","tag-hoiby-marius-borg","tag-mette-marit","tag-nachrichten","tag-news","tag-norwegische-royals","tag-schlagzeilen","tag-sohn","tag-team-first","tag-top-news","tag-top-meldungen","tag-topmeldungen","tag-topnews","tag-welt","tag-world"],"share_on_mastodon":{"url":"https:\/\/pubeurope.com\/@de\/116738711134515832","error":""},"_links":{"self":[{"href":"https:\/\/www.europesays.com\/de\/wp-json\/wp\/v2\/posts\/1089637","targetHints":{"allow":["GET"]}}],"collection":[{"href":"https:\/\/www.europesays.com\/de\/wp-json\/wp\/v2\/posts"}],"about":[{"href":"https:\/\/www.europesays.com\/de\/wp-json\/wp\/v2\/types\/post"}],"author":[{"embeddable":true,"href":"https:\/\/www.europesays.com\/de\/wp-json\/wp\/v2\/users\/2"}],"replies":[{"embeddable":true,"href":"https:\/\/www.europesays.com\/de\/wp-json\/wp\/v2\/comments?post=1089637"}],"version-history":[{"count":0,"href":"https:\/\/www.europesays.com\/de\/wp-json\/wp\/v2\/posts\/1089637\/revisions"}],"wp:featuredmedia":[{"embeddable":true,"href":"https:\/\/www.europesays.com\/de\/wp-json\/wp\/v2\/media\/1089638"}],"wp:attachment":[{"href":"https:\/\/www.europesays.com\/de\/wp-json\/wp\/v2\/media?parent=1089637"}],"wp:term":[{"taxonomy":"category","embeddable":true,"href":"https:\/\/www.europesays.com\/de\/wp-json\/wp\/v2\/categories?post=1089637"},{"taxonomy":"post_tag","embeddable":true,"href":"https:\/\/www.europesays.com\/de\/wp-json\/wp\/v2\/tags?post=1089637"}],"curies":[{"name":"wp","href":"https:\/\/api.w.org\/{rel}","templated":true}]}}