{"id":1089806,"date":"2026-06-12T20:41:22","date_gmt":"2026-06-12T20:41:22","guid":{"rendered":"https:\/\/www.europesays.com\/de\/1089806\/"},"modified":"2026-06-12T20:41:22","modified_gmt":"2026-06-12T20:41:22","slug":"ludwigshafen-die-pfalzbau-buehnen","status":"publish","type":"post","link":"https:\/\/www.europesays.com\/de\/1089806\/","title":{"rendered":"Ludwigshafen &#8211; Die Pfalzbau B\u00fchnen"},"content":{"rendered":"<p><img loading=\"lazy\" decoding=\"async\" src=\"https:\/\/www.europesays.com\/de\/wp-content\/uploads\/2026\/06\/1-25.jpg\" alt=\"1\" width=\"1000\" height=\"667\" class=\"alignnone size-full wp-image-641341\"  \/>Ludwigshafen \/ Metropolregion Rhein-Neckar. <strong>Das Programm der Pfalzbau B\u00fchnen Saison 2026\/27<\/strong><\/p>\n<p>Die Saison 2026\/27 der Pfalzbau B\u00fchnen lockt mit Deutschland- und Weltpremieren, hochkar\u00e4tigen nationalen und internationalen Gastspielen in Schauspiel und Tanz sowie mehreren Eigenproduktionen. Zu den t\u00e4nzerischen H\u00f6hepunkten z\u00e4hlen zweifellos die Festspieler\u00f6ffnung durch die G\u00f6teborgsOperans Danskompani und Auff\u00fchrungen des Balletts Rom sowie des Tanztheaters Wuppertal Pina Bausch. Auch der Theaterfr\u00fchling gl\u00e4nzt durch Tanzgastspiele wichtiger Ensembles aus Europa, Asien und den USA. Im Schauspiel konnte Intendant Tilman Gersch das Berliner Ensemble f\u00fcr eine Werkschau mit insgesamt vier Produktionen gewinnen. Auff\u00fchrungen aus Berlin und Hamburg und in der weiteren Spielzeit aus M\u00fcnchen, Wien und Berlin kommen hinzu. W\u00e4hrend der Festspiele finden im Rahmen der Reihe Salon populaire Lesungen bekannter Autor*innen und Schauspieler*innen wie Katharina Thalbach, Edgar Selge und Ursula Krechel statt und Carolin Emcke und Joschka Fischer werden zu Podiumsgespr\u00e4chen erwartet. After-Show-Lounges und \u2013Konzerte vervollst\u00e4ndigen das Programm.<\/p>\n<p><img loading=\"lazy\" decoding=\"async\" src=\"https:\/\/www.europesays.com\/de\/wp-content\/uploads\/2026\/06\/TilmannGersch.png\" alt=\"TilmannGersch\" width=\"900\" height=\"594\" class=\"alignnone size-full wp-image-641340\"  \/><br \/>In einer Pressekonferenz stellten Oberb\u00fcrgermeister Prof. Dr. Klaus Blettner und Intendant Tilman Gersch das bunte und facettenreiche Programm der Pfalzbau B\u00fchnen in der Saison 2026\/27 vor. 80 Gastspiele und Eigenproduktionen aus allen Sparten werden in der n\u00e4chsten Saison pr\u00e4sentiert, darunter mehrere Weltpremieren und Deutsche Erstauff\u00fchrungen. Das Tanzprogramm der Saison wird von der BASF SE gesponsert und erm\u00f6glicht so trotz knapper Finanzen hochkar\u00e4tige Veranstaltungen.<\/p>\n<p><img loading=\"lazy\" decoding=\"async\" src=\"https:\/\/www.europesays.com\/de\/wp-content\/uploads\/2026\/06\/1-24.jpg\" alt=\"1\" width=\"1000\" height=\"667\" class=\"alignnone size-full wp-image-641338\"  \/><br \/>Im Schauspielprogramm der Festspiele findet sich dieses Mal wieder eine Werkschau: Das Berliner Ensemble kommt mit drei Produktionen nach Ludwigshafen, neben dem Kafka-Abend K. von Regiestar Berrie Kosky Jens Harzers eindrucksvollem Oscar-Wilde-Solo De Profundis und Zuckmayers Hauptmann von K\u00f6penick \u2013 ebenfalls als Ein-Personen-St\u00fcck mit Max Hopp. Dazu kommen Polleschs Manzini-Studien von der Volksb\u00fchne Berlin sowie Arendt vom Thalia Theater Hamburg mit Corinna Harfouch in der Titelrolle. Hausherr Tilman Gersch steuert zwei Eigenproduktionen bei: Jelineks Prinzessinnen-Dramen mit Josephine Thiesen und Tobias Lutze und zum Saisonauftakt Jewgeni Schwarz\u2018 M\u00e4rchenst\u00fcck Der Drache mit der B\u00fcrgerb\u00fchne. Lesungen u.a. von Katharina Thalbach und Edgar Selge, Ursula Krechel und Marie B\u00e4umer vervollst\u00e4ndigen das Programm. In der weiteren Spielzeit werden Gastspiele der M\u00fcnchner Kammerspiele, des Wiener Burgtheaters, des RambaZamba Theaters und des Deutschen Theaters Berlin gezeigt.<\/p>\n<p>Das Tanzprogramm der Festspiele beginnt mit einer Weltpremiere, deren Endproben auf den Pfalzbau B\u00fchnen stattfinden: Die G\u00f6teborgsOperans Danskompani zeigt neben einer Choreographie von Botis Seva die Urauff\u00fchrung See you Sunday von Sarah Balzinger und Isaiah Wilson. Die Stuttgarter WINNDance Company pr\u00e4sentiert u.a. Choreographien von John Neumeier und Imre und Marne von Opstal, gro\u00dfe Compagnien wie die Danza Contemporan\u00e9a de Cuba, das Ballett der Opera di Roma und zum glanzvollen Ausklang des Tanztheaters Wuppertal Pina Bausch setzen Ma\u00dfst\u00e4be. In der folgenden Saison gastieren im<br \/>Rahmen des vom Land Rheinland-Pfalz gef\u00f6rderten Theaterfr\u00fchlings Ludwigshafen (11. M\u00e4rz bis 18. Juni 2027) das Ballet du Grand Th\u00e9\u00e2tre de Gen\u00e8ve, Aterballetto mit einem Tanzst\u00fcck \u00fcber den Filmkomponisten Ennio Morricone, Parsons Dance New York, das Ballet national de Marseille und Les Ballets de Monte Carlo mit der modernen Interpretation des Ballett-Klassi\u00ackers Ma Bayad\u00e8re.  Hip-Hop-Tanztheater, Tanzperformances, ein circensischer Abend mit Tanz und Jonglage und die Deutschlandpremiere einer jungen Choreographen aus Taiwan gewidmeten Auff\u00fchrung setzen spannende aktuelle Akzente.<\/p>\n<p>Im Bereich Musiktheater wird die Kooperation mit dem Pfalztheater Kaiserslautern fortgesetzt, das in dieser Saison Klassiker wie Richard Strauss\u2018 Oper Der Rosenkavalier und Verdis Aida vorstellt, aber auch das Musical Kiss me, Kate, L\u00e9hars Operette Der Graf von Luxemburg (in der Regie von Tilman Gersch) sowie die selten gespielte komische Oper Ich, Ich, Ich (Je suis Narcissiste). Das Kindertheater bietet ein breites Angebot von Auff\u00fchrungen f\u00fcr Kinder aller Altersgruppen, darunter das Figurentheater Die Bank des teaters refleksion aus D\u00e4ne-mark, zwei Produktionen des Hessischen Landestheaters Marburg, Die drei ??? Kids: Der singende Geist von der Jungen Ulmer B\u00fchne und das reizende Puppenspiel Wie Kater Zorbas der kleinen M\u00f6we das Fliegen beibrachte von den Artisanen Berlin. Das Junge Musical der Pfalzbau B\u00fchnen hat bereits mit den Proben zum Musical Footloose begonnen. Konzerte und verschiedene kleinere Veranstaltungen erg\u00e4nzen das vielf\u00e4ltige Programm.<br \/><img loading=\"lazy\" decoding=\"async\" src=\"https:\/\/www.europesays.com\/de\/wp-content\/uploads\/2026\/06\/Blettner.jpg\" alt=\"Blettner\" width=\"1000\" height=\"667\" class=\"alignnone size-full wp-image-641339\"  \/><br \/>Oberb\u00fcrgermeister und Kulturdezernent Prof. Dr. Klaus Blettner zeigte sich erfreut \u00fcber die zahlreichen hochkar\u00e4tigen Auff\u00fchrungen des Spielplans der Pfalzbau B\u00fchnen aus dem In- und Ausland, aber auch \u00fcber die regionalen Angebote. \u201eDer Ruf unseres Theaters strahlt weit \u00fcber die Stadt hinaus und lockt regelm\u00e4\u00dfig Zuschauer aus der n\u00e4heren und weiteren Umgebung nach Ludwigshafen.\u201c hob er hervor.<br \/>Tilman Gersch zog das Fazit: \u201eZwei Weltpremieren im Tanz, eine Werkschau im Schauspiel! Ich freue mich auf eine gro\u00dfe \u00e4sthetische Vielfalt im Programm der Pfalzbau B\u00fchnen Ludwigshafen 2026\/27.\u201c<\/p>\n<p><a href=\"https:\/\/www.theater-im-pfalzbau.de\/\" rel=\"noopener nofollow\" target=\"_blank\">https:\/\/www.theater-im-pfalzbau.de\/<\/a><br \/>\u00a9 Tilo Stengel<br \/>\u00a9 Martin Hartmann<br \/>Theater im Pfalzbau <\/p>\n<p class=\"post-modified-info\">Zuletzt aktualisiert am 12. Juni 2026, 20:07<\/p>\n","protected":false},"excerpt":{"rendered":"Ludwigshafen \/ Metropolregion Rhein-Neckar. Das Programm der Pfalzbau B\u00fchnen Saison 2026\/27 Die Saison 2026\/27 der Pfalzbau B\u00fchnen lockt&hellip;\n","protected":false},"author":2,"featured_media":1089807,"comment_status":"","ping_status":"","sticky":false,"template":"","format":"standard","meta":{"footnotes":"","_share_on_mastodon":"0"},"categories":[1845],"tags":[5114,3100,1634,2294,3948,18412,296,3364,29,548,663,3934,1721,30,13,15352,1114,5212,131298,74139,25476,17614,2096,25488,25489,12368,14,14480,15,3748,97,23148,16935,43155,145196,107690,39206,7789,5206,28951,2802,1756,9387,12,3041,94,101185,64,61,49317,15609],"class_list":["post-1089806","post","type-post","status-publish","format-standard","has-post-thumbnail","category-mannheim","tag-angebot","tag-autor","tag-baden-wuerttemberg","tag-bank","tag-basf","tag-bereich","tag-berlin","tag-de","tag-deutschland","tag-eu","tag-europa","tag-europe","tag-finanzen","tag-germany","tag-headlines","tag-kaiserslautern","tag-kinder","tag-kooperation","tag-kulturdezernent","tag-land-rheinland-pfalz","tag-ludwigshafen","tag-luxemburg","tag-mannheim","tag-metropolregion","tag-metropolregion-rhein-neckar","tag-musical","tag-nachrichten","tag-neckar","tag-news","tag-oberbuergermeister","tag-oper","tag-personen","tag-pfalz","tag-pfalzbau","tag-pfalzbau-buehnen","tag-pfalztheater","tag-pressekonferenz","tag-programm","tag-rhein","tag-rhein-neckar","tag-rheinland","tag-rheinland-pfalz","tag-saison","tag-schlagzeilen","tag-stadt","tag-theater","tag-theater-im-pfalzbau","tag-usa","tag-vielfalt","tag-volksbuehne-berlin","tag-zuschauer"],"share_on_mastodon":{"url":"","error":"Validation failed: Text character limit of 500 exceeded"},"_links":{"self":[{"href":"https:\/\/www.europesays.com\/de\/wp-json\/wp\/v2\/posts\/1089806","targetHints":{"allow":["GET"]}}],"collection":[{"href":"https:\/\/www.europesays.com\/de\/wp-json\/wp\/v2\/posts"}],"about":[{"href":"https:\/\/www.europesays.com\/de\/wp-json\/wp\/v2\/types\/post"}],"author":[{"embeddable":true,"href":"https:\/\/www.europesays.com\/de\/wp-json\/wp\/v2\/users\/2"}],"replies":[{"embeddable":true,"href":"https:\/\/www.europesays.com\/de\/wp-json\/wp\/v2\/comments?post=1089806"}],"version-history":[{"count":0,"href":"https:\/\/www.europesays.com\/de\/wp-json\/wp\/v2\/posts\/1089806\/revisions"}],"wp:featuredmedia":[{"embeddable":true,"href":"https:\/\/www.europesays.com\/de\/wp-json\/wp\/v2\/media\/1089807"}],"wp:attachment":[{"href":"https:\/\/www.europesays.com\/de\/wp-json\/wp\/v2\/media?parent=1089806"}],"wp:term":[{"taxonomy":"category","embeddable":true,"href":"https:\/\/www.europesays.com\/de\/wp-json\/wp\/v2\/categories?post=1089806"},{"taxonomy":"post_tag","embeddable":true,"href":"https:\/\/www.europesays.com\/de\/wp-json\/wp\/v2\/tags?post=1089806"}],"curies":[{"name":"wp","href":"https:\/\/api.w.org\/{rel}","templated":true}]}}