{"id":1089877,"date":"2026-06-12T21:24:34","date_gmt":"2026-06-12T21:24:34","guid":{"rendered":"https:\/\/www.europesays.com\/de\/1089877\/"},"modified":"2026-06-12T21:24:34","modified_gmt":"2026-06-12T21:24:34","slug":"demichelis-fuer-werner-bei-rb-leipzig-kuendigt-sich-ein-spektakulaerer-trainerwechsel-an","status":"publish","type":"post","link":"https:\/\/www.europesays.com\/de\/1089877\/","title":{"rendered":"Demichelis f\u00fcr Werner: Bei RB Leipzig k\u00fcndigt sich ein spektakul\u00e4rer Trainerwechsel an"},"content":{"rendered":"<p>Ole Werner kam vor einem Jahr zu RB Leipzig. Der Trainer erreichte alle Saisonziele. Dennoch scheint der Klub ein vorzeitiges Ende der Zusammenarbeit anzustreben. Ein prominenter Nachfolger steht offenbar bereit.<\/p>\n<p class=\"is-first-paragraph\" data-external=\"Article.FirstParagraph\">Trainer Ole Werner steht trotz des Erreichens aller Saisonziele bei Fu\u00dfball-Bundesligist RB Leipzig nach nur einem Jahr offenbar vor dem Aus. Medienberichten zufolge soll der 45-j\u00e4hrige Argentinier Martin Demichelis zur neuen Saison den Dritten der abgelaufenen Meisterschaft \u00fcbernehmen. <\/p>\n<p>Laut der Zeitung \u201eMarca\u201c sei der Wechsel nach Leipzig offenbar in den vergangenen Stunden besiegelt worden. Wie Radio Marca Baleares berichtet, habe Demichelis eine Einigung mit RB erzielt, die nur noch der offiziellen Best\u00e4tigung beider Vereine bed\u00fcrfe. Laut Sky soll Demichelis Topkandidat bei RB sein, fix sei aber noch nichts. BolaVip aus Argentinien berichtete, dass RB bereit sei, drei Millionen Euro Abl\u00f6se zu zahlen. <\/p>\n<p>Der ehemalige Spieler und Nachwuchstrainer des FC Bayern M\u00fcnchen hatte seit Februar den spanischen Erstliga-Absteiger RCD Mallorca mit einem Vertrag zun\u00e4chst bis Saisonende trainiert. Diesen hatte er k\u00fcrzlich bis 2028 verl\u00e4ngert, offenbar allerdings mit einer Ausstiegsklausel. <\/p>\n<p>Unzufriedenheit mit Werner in der Chefetage<\/p>\n<p>Unzufriedenheit mit Werner, der in Leipzig noch einen Vertrag bis 30. Juni 2027 hat, soll es vor allem bei Aufsichtsratschef Oliver Mintzlaff und der globalen Fu\u00dfball-Abteilung um J\u00fcrgen Klopp und Mario Gomez gegeben haben. Die von Werner implementierte neue Spielidee \u00fcberzeugte dort nicht ganz. Zudem habe man zur Qualifikation in die Champions League dem Vernehmen nach zu viel Gl\u00fcck ben\u00f6tigt.<\/p>\n<p>Werner f\u00fchrte Leipzig mit einer in der Offensive auf Schl\u00fcsselpositionen neu besetzten Mannschaft auf Platz drei. Mit 65 Punkten verpasste man den eigenen Bundesliga-Rekord nur um zwei Z\u00e4hler. Im Sommer hatte Leipzig mit Xavi Simons, Lo\u00efs Openda und Benjamin Sesko Leistungstr\u00e4ger abgegeben.<\/p>\n<p>Leipzigs Sportchef Marcel Sch\u00e4fer war nach der erfolgreichen K\u00f6nigsklassen-Qualifikation noch gewillt, zeitnah mit Werner zu verl\u00e4ngern. Doch schon Anfang Juni ruderte der 41-J\u00e4hrige \u00f6ffentlich ein wenig zur\u00fcck und berief sich auf eine ausstehende Saisonanalyse.<\/p>\n<p>Diese ist nun offenbar abgeschlossen \u2013 mit einem wohl unerwarteten Ausgang f\u00fcr Werner. F\u00fcr den 38-J\u00e4hrigen hatte Leipzig erst im Sommer 2025 rund zwei Millionen Euro an Werder Bremen gezahlt. Zwar unterschrieb der Coach damals nur f\u00fcr zwei Jahre, die Intention war aber durchaus eine langfristige Zusammenarbeit.<\/p>\n<p>Werner war in Leipzig allerdings nicht erste Wahl. Cesc F\u00e0bregas sollte eigentlich verpflichtet werden, der Spanier blieb aber bei seinem Club Como 1907 und f\u00fchrte diesen in der abgelaufenen Spielzeit in die Champions League.<\/p>\n<p>lw\u00f6\/dpa<\/p>\n","protected":false},"excerpt":{"rendered":"Ole Werner kam vor einem Jahr zu RB Leipzig. Der Trainer erreichte alle Saisonziele. Dennoch scheint der Klub&hellip;\n","protected":false},"author":2,"featured_media":1089878,"comment_status":"","ping_status":"","sticky":false,"template":"","format":"standard","meta":{"footnotes":"","_share_on_mastodon":"0"},"categories":[1832],"tags":[3364,231369,29,58283,30,71,20926,1655,859,45],"class_list":["post-1089877","post","type-post","status-publish","format-standard","has-post-thumbnail","category-leipzig","tag-de","tag-demichelis","tag-deutschland","tag-fussballtrainer-ks","tag-germany","tag-leipzig","tag-martin","tag-rb-leipzig","tag-sachsen","tag-texttospeech"],"share_on_mastodon":{"url":"https:\/\/pubeurope.com\/@de\/116739248438867768","error":""},"_links":{"self":[{"href":"https:\/\/www.europesays.com\/de\/wp-json\/wp\/v2\/posts\/1089877","targetHints":{"allow":["GET"]}}],"collection":[{"href":"https:\/\/www.europesays.com\/de\/wp-json\/wp\/v2\/posts"}],"about":[{"href":"https:\/\/www.europesays.com\/de\/wp-json\/wp\/v2\/types\/post"}],"author":[{"embeddable":true,"href":"https:\/\/www.europesays.com\/de\/wp-json\/wp\/v2\/users\/2"}],"replies":[{"embeddable":true,"href":"https:\/\/www.europesays.com\/de\/wp-json\/wp\/v2\/comments?post=1089877"}],"version-history":[{"count":0,"href":"https:\/\/www.europesays.com\/de\/wp-json\/wp\/v2\/posts\/1089877\/revisions"}],"wp:featuredmedia":[{"embeddable":true,"href":"https:\/\/www.europesays.com\/de\/wp-json\/wp\/v2\/media\/1089878"}],"wp:attachment":[{"href":"https:\/\/www.europesays.com\/de\/wp-json\/wp\/v2\/media?parent=1089877"}],"wp:term":[{"taxonomy":"category","embeddable":true,"href":"https:\/\/www.europesays.com\/de\/wp-json\/wp\/v2\/categories?post=1089877"},{"taxonomy":"post_tag","embeddable":true,"href":"https:\/\/www.europesays.com\/de\/wp-json\/wp\/v2\/tags?post=1089877"}],"curies":[{"name":"wp","href":"https:\/\/api.w.org\/{rel}","templated":true}]}}