{"id":1089960,"date":"2026-06-12T22:09:15","date_gmt":"2026-06-12T22:09:15","guid":{"rendered":"https:\/\/www.europesays.com\/de\/1089960\/"},"modified":"2026-06-12T22:09:15","modified_gmt":"2026-06-12T22:09:15","slug":"ruhrschnellweg-bei-muelheim-ab-12-juni-zehn-tage-lang-gesperrt","status":"publish","type":"post","link":"https:\/\/www.europesays.com\/de\/1089960\/","title":{"rendered":"Ruhrschnellweg bei M\u00fclheim ab 12. Juni zehn Tage lang gesperrt"},"content":{"rendered":"<p>          Aktuelle Verkehrslage in NRW        Ruhrschnellweg bei M\u00fclheim ab heute zehn Tage lang gesperrt<\/p>\n<p class=\"text-50 desktop:text-70 park-container-small px-6 mb-10 desktop:mb-14\">Update | D\u00fcsseldorf \u00b7 <strong data-cy=\"intro\" data-readtime-content=\"\">T\u00e4glich nutzen bis zu 90.000 Fahrzeuge den Ruhrschnellweg, der ist aber nun bei M\u00fclheim tagelang gesperrt. Und: Auch rund um den D\u00fcsseldorfer Flughafen sollte man mehr Zeit einplanen: Seit dem 11. Juni ist die A44 in dem Bereich f\u00fcr mehrere Tage dicht. Alle News im Blog.<\/strong><\/p>\n<p>                        <a class=\"absolute bottom-0 inset-x-0 z-10 group\/link before:float-left after:clear-both flex justify-end items-end print:hidden\" href=\"https:\/\/rp-online.de\/imgs\/32\/2\/2\/9\/1\/6\/0\/8\/3\/7\/tok_4af284d6e9a80543510d9e7bf57e309e\/w1900_h1179_x1024_y635_DPA_dpa_urn_newsml_dpa.com_20090101_260527-935-1369590-v1-s2048-76e91d5d765bc72b.jpeg\" title=\"Vergr\u00f6\u00dferte Ansicht\" aria-describedby=\"park-figure-\" data-enlargable=\"image\" rel=\"nofollow noopener\" target=\"_blank\"><\/p>\n<p>                            <\/a><\/p>\n<p>                <img class=\"inset-0 w-full h-full object-cover opacity-0 transition-opacity animated\" onload=\"this.style.opacity = '1';\" src=\"https:\/\/www.europesays.com\/de\/wp-content\/uploads\/2026\/06\/w2048_h1271_x1024_y635_DPA_dpa_urn_newsml_dpa.com_20090101_260527-935-1369590-v1-s2048-76e91d5d765bc.jpeg\"   alt=\"An einer Autobahnauffahrt wird auf eine Sperrung hingewiesen (Symbolbild).\" width=\"2048\" height=\"1271\" fetchpriority=\"high\" decoding=\"async\" data-park-image-img=\"\"\/><\/p>\n<p class=\"block font-sans text-30 text-black-almost dark:text-white-almost desktop:text-40 desktop:[.floated_&amp;]:text-30 mt-3 desktop:[.floated_&amp;]:mt-3 desktop:mt-4\" data-readtime-content=\"\">\n        An einer Autobahnauffahrt wird auf eine Sperrung hingewiesen (Symbolbild).\n    <\/p>\n<p>    Foto: Bernd W\u00fcstneck\/dpa-Zentralbild\/d\/Bernd W\u00fcstneck  <\/p>\n<p>                  (alb\/felt\/top\/amro\/kag\/albu\/nix\/dpa)<\/p>\n","protected":false},"excerpt":{"rendered":"Aktuelle Verkehrslage in NRW Ruhrschnellweg bei M\u00fclheim ab heute zehn Tage lang gesperrt Update | D\u00fcsseldorf \u00b7 T\u00e4glich&hellip;\n","protected":false},"author":2,"featured_media":1089961,"comment_status":"","ping_status":"","sticky":false,"template":"","format":"standard","meta":{"footnotes":"","_share_on_mastodon":"0"},"categories":[1843],"tags":[48,4074,147,3364,29,30,207261,692,1268,8970,1209,158282,67221,20214,20213,601,207262,67499,207260,12863],"class_list":["post-1089960","post","type-post","status-publish","format-standard","has-post-thumbnail","category-muenster","tag-48","tag-adac","tag-ausland","tag-de","tag-deutschland","tag-germany","tag-gruendonnerstagsverkehr","tag-hamburg","tag-muenchen","tag-muenster","tag-nordrhein-westfalen","tag-rechnet","tag-rueckreiseverkehr","tag-stauprognose","tag-staus","tag-verkehr","tag-verkehrsdichte","tag-verkehrsinformationen","tag-verkehrsreichste","tag-voraussichtlich"],"share_on_mastodon":{"url":"https:\/\/pubeurope.com\/@de\/116739426687143744","error":""},"_links":{"self":[{"href":"https:\/\/www.europesays.com\/de\/wp-json\/wp\/v2\/posts\/1089960","targetHints":{"allow":["GET"]}}],"collection":[{"href":"https:\/\/www.europesays.com\/de\/wp-json\/wp\/v2\/posts"}],"about":[{"href":"https:\/\/www.europesays.com\/de\/wp-json\/wp\/v2\/types\/post"}],"author":[{"embeddable":true,"href":"https:\/\/www.europesays.com\/de\/wp-json\/wp\/v2\/users\/2"}],"replies":[{"embeddable":true,"href":"https:\/\/www.europesays.com\/de\/wp-json\/wp\/v2\/comments?post=1089960"}],"version-history":[{"count":0,"href":"https:\/\/www.europesays.com\/de\/wp-json\/wp\/v2\/posts\/1089960\/revisions"}],"wp:featuredmedia":[{"embeddable":true,"href":"https:\/\/www.europesays.com\/de\/wp-json\/wp\/v2\/media\/1089961"}],"wp:attachment":[{"href":"https:\/\/www.europesays.com\/de\/wp-json\/wp\/v2\/media?parent=1089960"}],"wp:term":[{"taxonomy":"category","embeddable":true,"href":"https:\/\/www.europesays.com\/de\/wp-json\/wp\/v2\/categories?post=1089960"},{"taxonomy":"post_tag","embeddable":true,"href":"https:\/\/www.europesays.com\/de\/wp-json\/wp\/v2\/tags?post=1089960"}],"curies":[{"name":"wp","href":"https:\/\/api.w.org\/{rel}","templated":true}]}}