{"id":1089988,"date":"2026-06-12T22:26:18","date_gmt":"2026-06-12T22:26:18","guid":{"rendered":"https:\/\/www.europesays.com\/de\/1089988\/"},"modified":"2026-06-12T22:26:18","modified_gmt":"2026-06-12T22:26:18","slug":"baden-wuerttemberg-grossfahndung-nach-sexualdelikten-zwei-maenner-festgenommen","status":"publish","type":"post","link":"https:\/\/www.europesays.com\/de\/1089988\/","title":{"rendered":"Baden-W\u00fcrttemberg: Gro\u00dffahndung nach Sexualdelikten\u00a0\u2013 zwei M\u00e4nner festgenommen"},"content":{"rendered":"<p class=\"is-first-paragraph\" data-external=\"Article.FirstParagraph\">Nachdem eine 13-J\u00e4hrige und mehrere Frauen in N\u00fcrtingen (Kreis Esslingen) mutma\u00dflich Opfer von Sexualdelikten geworden sind, hat die Polizei zwei M\u00e4nner festgenommen. N\u00e4here Angaben zu ihnen machte eine Sprecherin zun\u00e4chst nicht. Es werde noch ermittelt. Mindestens einer der beiden soll Mittwoch und Donnerstag mehrere Frauen und die Jugendliche auf sexuelle Weise angegriffen beziehungsweise bel\u00e4stigt haben.<\/p>\n<p>Polizei und Staatsanwaltschaft hatten Donnerstag mitgeteilt, dass ein bis dato Unbekannter die 13-J\u00e4hrige auf einem Feldweg attackiert habe. Einen Tag sp\u00e4ter sei eine 57 Jahre alte Frau auf demselben Feldweg von einem Mann wohl in sexuell motivierter Absicht vom Fahrrad gezogen und angegangen worden.<\/p>\n<p>Im Nachgang habe sich eine 47-J\u00e4hrige bei der Polizei gemeldet und einen \u00e4hnlichen Vorfall geschildert, teilten die Beh\u00f6rden mit. Eine 35-J\u00e4hrige habe online eine Anzeige erstattet, weil sie ein Radfahrer im Vorbeifahren unsittlich ber\u00fchrt habe. \u201eAuch diese beiden Taten werden dem Angreifer zugerechnet.\u201c<\/p>\n<p>Die Polizei leitete den Angaben zufolge eine Gro\u00dffahndung ein, an der unter anderem ein Hubschrauber und verdeckte Ermittler beteiligt waren. Am Vormittag h\u00e4tten die Einsatzkr\u00e4fte in N\u00fcrtingen einen Tatverd\u00e4chtigen und einen Begleiter vorl\u00e4ufig festgenommen. Die Sprecherin k\u00fcndigte weitere Informationen an, sobald diese ver\u00f6ffentlicht werden k\u00f6nnten.<\/p>\n","protected":false},"excerpt":{"rendered":"Nachdem eine 13-J\u00e4hrige und mehrere Frauen in N\u00fcrtingen (Kreis Esslingen) mutma\u00dflich Opfer von Sexualdelikten geworden sind, hat die&hellip;\n","protected":false},"author":2,"featured_media":1089989,"comment_status":"","ping_status":"","sticky":false,"template":"","format":"standard","meta":{"footnotes":"","_share_on_mastodon":"0"},"categories":[5],"tags":[55963,331,332,3364,29,188942,7142,30,13,231386,14,15,110,12082,12,45],"class_list":["post-1089988","post","type-post","status-publish","format-standard","has-post-thumbnail","category-nachrichten","tag-sexualdelikte","tag-aktuelle-nachrichten","tag-aktuelle-news","tag-de","tag-deutschland","tag-esslingen-am-neckar","tag-fahndung","tag-germany","tag-headlines","tag-hubschrauber-ks","tag-nachrichten","tag-news","tag-newsteam","tag-nuertingen","tag-schlagzeilen","tag-texttospeech"],"share_on_mastodon":{"url":"https:\/\/pubeurope.com\/@de\/116739492348141711","error":""},"_links":{"self":[{"href":"https:\/\/www.europesays.com\/de\/wp-json\/wp\/v2\/posts\/1089988","targetHints":{"allow":["GET"]}}],"collection":[{"href":"https:\/\/www.europesays.com\/de\/wp-json\/wp\/v2\/posts"}],"about":[{"href":"https:\/\/www.europesays.com\/de\/wp-json\/wp\/v2\/types\/post"}],"author":[{"embeddable":true,"href":"https:\/\/www.europesays.com\/de\/wp-json\/wp\/v2\/users\/2"}],"replies":[{"embeddable":true,"href":"https:\/\/www.europesays.com\/de\/wp-json\/wp\/v2\/comments?post=1089988"}],"version-history":[{"count":0,"href":"https:\/\/www.europesays.com\/de\/wp-json\/wp\/v2\/posts\/1089988\/revisions"}],"wp:featuredmedia":[{"embeddable":true,"href":"https:\/\/www.europesays.com\/de\/wp-json\/wp\/v2\/media\/1089989"}],"wp:attachment":[{"href":"https:\/\/www.europesays.com\/de\/wp-json\/wp\/v2\/media?parent=1089988"}],"wp:term":[{"taxonomy":"category","embeddable":true,"href":"https:\/\/www.europesays.com\/de\/wp-json\/wp\/v2\/categories?post=1089988"},{"taxonomy":"post_tag","embeddable":true,"href":"https:\/\/www.europesays.com\/de\/wp-json\/wp\/v2\/tags?post=1089988"}],"curies":[{"name":"wp","href":"https:\/\/api.w.org\/{rel}","templated":true}]}}