{"id":109000,"date":"2025-05-14T03:57:12","date_gmt":"2025-05-14T03:57:12","guid":{"rendered":"https:\/\/www.europesays.com\/de\/109000\/"},"modified":"2025-05-14T03:57:12","modified_gmt":"2025-05-14T03:57:12","slug":"hanau-bei-frankfurt-ermittlungen-nach-toedlichem-wohnungs-vorfall","status":"publish","type":"post","link":"https:\/\/www.europesays.com\/de\/109000\/","title":{"rendered":"Hanau bei Frankfurt: Ermittlungen nach t\u00f6dlichem Wohnungs-Vorfall"},"content":{"rendered":"<p>Staatsanwaltschaft ermittelt <\/p>\n<p>Mann stirbt nach Vorfall in Wohnung \u2013 Tatverd\u00e4chtiger in Haft<\/p>\n<p>14.05.2025 &#8211; 05:22 UhrLesedauer: 1 Min.<\/p>\n<p><a href=\"#focus-0\" class=\"transition-colors duration-200 focus-within:text-magenta block text-current relative\" data-sctrack=\"FocusGalleryImage.Reference\"><img fetchpriority=\"high\" data-testid=\"Opener.Image\" style=\"--lqipURL:url('https:\/\/images.t-online.de\/2025\/05\/6D667o5VPov5\/0x183:3514x1977\/fit-in\/150x0\/filters:blur(25)\/handschellen-am-polizei-einsatzguertel-symbolbild-insgesamt-wurden-waehrend-des-einsatzes-in-bremen-42-personen-kontrolliert.jpg')\"   loading=\"eager\" src=\"https:\/\/www.europesays.com\/de\/wp-content\/uploads\/2025\/05\/handschellen-am-polizei-einsatzguertel-symbolbild-insgesamt-wurden-waehrend-des-einsatzes-in-bremen-.jpeg\" alt=\"Handschellen am Polizei-Einsatzg\u00fcrtel (Symbolbild): Insgesamt wurden w\u00e4hrend des Einsatzes in Bremen 42 Personen kontrolliert.\" title=\"Handschellen am Polizei-Einsatzg\u00fcrtel (Symbolbild): Insgesamt wurden w\u00e4hrend des Einsatzes in Bremen 42 Personen kontrolliert.\" width=\"3514\" height=\"1977\" class=\"bg-[url:var(--lqipURL)] bg-cover bg-center flex w-full max-w-full h-full\" decoding=\"async\"\/><img style=\"--width:32;--height:32\" loading=\"lazy\" src=\"https:\/\/www.europesays.com\/de\/wp-content\/uploads\/2025\/04\/1745049674_75_zoom-in.f7dae02f.svg.svg+xml\" alt=\"Vergr\u00f6\u00dfern des Bildes\" title=\"Vergr\u00f6\u00dfern des Bildes\" class=\"&#10;        block&#10;        h-[calc(var(--height)_\/_16_*_1rem)]&#10;        w-[calc(var(--width)_\/_16_*_1rem)]&#10;        max-w-none&#10;        absolute bottom-8 right-8 rounded-4 bg-snow p-8\" decoding=\"async\"\/><\/a><\/p>\n<p>Handschellen am Polizei-Einsatzg\u00fcrtel (Symbolbild): Die Polizei konnte noch in der Nacht einen Tatverd\u00e4chtigen festnehmen. (Quelle: IMAGO\/Maximilian Koch\/imago-images-bilder)<\/p>\n<p class=\"font-bold text-18 leading-17\">Zeugen meldeten Hilferufe aus einer Hanauer Wohnung. Als die Polizei eintraf, fanden Beamte einen schwer verletzten Mann vor. F\u00fcr ihn kam jede Hilfe zu sp\u00e4t.<\/p>\n<p class=\"text-18 leading-17\">In Hanau hat ein n\u00e4chtlicher Polizeieinsatz ein t\u00f6dliches Ende genommen. Zeugen meldeten gegen 23.30 Uhr verzweifelte Hilferufe aus einer Wohnung. Als die Polizei eintraf, fanden die Beamten einen schwer verletzten Mann vor. F\u00fcr ihn kam jede Hilfe zu sp\u00e4t.<\/p>\n<p class=\"text-18 leading-17\">Die Staatsanwaltschaft und die Kriminalpolizei Hanau haben die Ermittlungen wegen des Verdachts eines T\u00f6tungsdeliktes aufgenommen. Der 38-J\u00e4hrige erlag trotz sofort eingeleiteter Reanimationsma\u00dfnahmen seinen Verletzungen noch am Tatort. Die Polizei konnte einen 39 Jahre alten Tatverd\u00e4chtigen vorl\u00e4ufig festnehmen.<\/p>\n<p class=\"text-18 leading-17\">Am Tatort dauern umfangreiche Spurensicherungs- und Ermittlungsma\u00dfnahmen an. Das Landeskriminalamt und die Rechtsmedizin Frankfurt am Main sind in die Untersuchungen eingebunden. Die genauen Hintergr\u00fcnde sowie die Umst\u00e4nde des Todes sind nun Teil der laufenden Ermittlungen.<\/p>\n","protected":false},"excerpt":{"rendered":"Staatsanwaltschaft ermittelt Mann stirbt nach Vorfall in Wohnung \u2013 Tatverd\u00e4chtiger in Haft 14.05.2025 &#8211; 05:22 UhrLesedauer: 1 Min.&hellip;\n","protected":false},"author":2,"featured_media":103293,"comment_status":"","ping_status":"","sticky":false,"template":"","format":"standard","meta":{"footnotes":""},"categories":[1829],"tags":[3176,29,2050,2051,30,24207,2052,36033,121,1997],"class_list":{"0":"post-109000","1":"post","2":"type-post","3":"status-publish","4":"format-standard","5":"has-post-thumbnail","7":"category-frankfurt-am-main","8":"tag-3176","9":"tag-deutschland","10":"tag-frankfurt","11":"tag-frankfurt-am-main","12":"tag-germany","13":"tag-hanau","14":"tag-hessen","15":"tag-hilferuf","16":"tag-polizei","17":"tag-staatsanwaltschaft"},"share_on_mastodon":{"url":"https:\/\/pubeurope.com\/@de\/114504181027009653","error":""},"_links":{"self":[{"href":"https:\/\/www.europesays.com\/de\/wp-json\/wp\/v2\/posts\/109000","targetHints":{"allow":["GET"]}}],"collection":[{"href":"https:\/\/www.europesays.com\/de\/wp-json\/wp\/v2\/posts"}],"about":[{"href":"https:\/\/www.europesays.com\/de\/wp-json\/wp\/v2\/types\/post"}],"author":[{"embeddable":true,"href":"https:\/\/www.europesays.com\/de\/wp-json\/wp\/v2\/users\/2"}],"replies":[{"embeddable":true,"href":"https:\/\/www.europesays.com\/de\/wp-json\/wp\/v2\/comments?post=109000"}],"version-history":[{"count":0,"href":"https:\/\/www.europesays.com\/de\/wp-json\/wp\/v2\/posts\/109000\/revisions"}],"wp:featuredmedia":[{"embeddable":true,"href":"https:\/\/www.europesays.com\/de\/wp-json\/wp\/v2\/media\/103293"}],"wp:attachment":[{"href":"https:\/\/www.europesays.com\/de\/wp-json\/wp\/v2\/media?parent=109000"}],"wp:term":[{"taxonomy":"category","embeddable":true,"href":"https:\/\/www.europesays.com\/de\/wp-json\/wp\/v2\/categories?post=109000"},{"taxonomy":"post_tag","embeddable":true,"href":"https:\/\/www.europesays.com\/de\/wp-json\/wp\/v2\/tags?post=109000"}],"curies":[{"name":"wp","href":"https:\/\/api.w.org\/{rel}","templated":true}]}}