{"id":1090041,"date":"2026-06-12T22:54:18","date_gmt":"2026-06-12T22:54:18","guid":{"rendered":"https:\/\/www.europesays.com\/de\/1090041\/"},"modified":"2026-06-12T22:54:18","modified_gmt":"2026-06-12T22:54:18","slug":"kammerorchester-laedt-zum-konzert-wochenanzeiger","status":"publish","type":"post","link":"https:\/\/www.europesays.com\/de\/1090041\/","title":{"rendered":"Kammerorchester l\u00e4dt zum Konzert | Wochenanzeiger"},"content":{"rendered":"<p class=\"article-text\">Das Kammerorchester Neuperlach m\u00f6chte auf sein diesj\u00e4hriges Fr\u00fchjahrskonzert hinweisen, das am Samstag, 20. Juni, in der Evangelisch-Reformierten Kirche an der Kurt-Eisner-Stra\u00dfe 52 in M\u00fcnchen-Neuperlach stattfindet. Los geht es um 19.30 Uhr. <br \/>Den Besucher erwartet ein abwechslungsreiches und stimmungsvolles Programm mit klassischer Musik aus verschiedenen Epochen. Erklingen werden Musikst\u00fccke und Lieder von Wolfgang Amadeus Mozart, Franz Schubert, Felix Mendelssohn Bartholdy, Richard Wagner, Ludwig van Beethoven, Carl Maria von Weber und weiteren Komponisten &#8211; teils in neuen und eigens f\u00fcr Streichorchester arrangierten Fassungen. Der Eintritt ist frei.<\/p>\n","protected":false},"excerpt":{"rendered":"Das Kammerorchester Neuperlach m\u00f6chte auf sein diesj\u00e4hriges Fr\u00fchjahrskonzert hinweisen, das am Samstag, 20. Juni, in der Evangelisch-Reformierten Kirche&hellip;\n","protected":false},"author":2,"featured_media":1090042,"comment_status":"","ping_status":"","sticky":false,"template":"","format":"standard","meta":{"footnotes":"","_share_on_mastodon":"0"},"categories":[1827],"tags":[772,29,30,2489,1268,6534],"class_list":["post-1090041","post","type-post","status-publish","format-standard","has-post-thumbnail","category-muenchen","tag-bayern","tag-deutschland","tag-germany","tag-kirche-gesellschaft","tag-muenchen","tag-neuperlach"],"share_on_mastodon":{"url":"https:\/\/pubeurope.com\/@de\/116739602431555754","error":""},"_links":{"self":[{"href":"https:\/\/www.europesays.com\/de\/wp-json\/wp\/v2\/posts\/1090041","targetHints":{"allow":["GET"]}}],"collection":[{"href":"https:\/\/www.europesays.com\/de\/wp-json\/wp\/v2\/posts"}],"about":[{"href":"https:\/\/www.europesays.com\/de\/wp-json\/wp\/v2\/types\/post"}],"author":[{"embeddable":true,"href":"https:\/\/www.europesays.com\/de\/wp-json\/wp\/v2\/users\/2"}],"replies":[{"embeddable":true,"href":"https:\/\/www.europesays.com\/de\/wp-json\/wp\/v2\/comments?post=1090041"}],"version-history":[{"count":0,"href":"https:\/\/www.europesays.com\/de\/wp-json\/wp\/v2\/posts\/1090041\/revisions"}],"wp:featuredmedia":[{"embeddable":true,"href":"https:\/\/www.europesays.com\/de\/wp-json\/wp\/v2\/media\/1090042"}],"wp:attachment":[{"href":"https:\/\/www.europesays.com\/de\/wp-json\/wp\/v2\/media?parent=1090041"}],"wp:term":[{"taxonomy":"category","embeddable":true,"href":"https:\/\/www.europesays.com\/de\/wp-json\/wp\/v2\/categories?post=1090041"},{"taxonomy":"post_tag","embeddable":true,"href":"https:\/\/www.europesays.com\/de\/wp-json\/wp\/v2\/tags?post=1090041"}],"curies":[{"name":"wp","href":"https:\/\/api.w.org\/{rel}","templated":true}]}}