{"id":1090164,"date":"2026-06-13T00:09:19","date_gmt":"2026-06-13T00:09:19","guid":{"rendered":"https:\/\/www.europesays.com\/de\/1090164\/"},"modified":"2026-06-13T00:09:19","modified_gmt":"2026-06-13T00:09:19","slug":"gelsenkirchen-ruecktritt-von-afd-buergermeister-gefordert","status":"publish","type":"post","link":"https:\/\/www.europesays.com\/de\/1090164\/","title":{"rendered":"Gelsenkirchen: R\u00fccktritt von AfD-B\u00fcrgermeister gefordert"},"content":{"rendered":"<p class=\"text_ohne_einzug richtext text-em-55 !leading-serif mx-6 desktop:mx-0\">Die AfD-Landtagsabgeordnete Enxhi Seli-Zacharias hat auf ihrem Instagram-Kanal ein Video ver\u00f6ffentlicht, in dem sie Migranten aus <a href=\"https:\/\/rp-online.de\/thema\/gelsenkirchen\/\" rel=\"nofollow noopener\" target=\"_blank\">Gelsenkirchen<\/a> im Stadtteil \u00dcckendorf dazu aufforderte, die Stra\u00dfe zu putzen. Der stellvertretende B\u00fcrgermeister der Stadt, Norbert <a href=\"https:\/\/rp-online.de\/thema\/emmerich\/\" rel=\"nofollow noopener\" target=\"_blank\">Emmerich<\/a>, war auch mit von der Partie. Das vor etwa einer Woche gepostete Video erlangte gro\u00dfe Aufmerksamkeit und sorgte bundesweit f\u00fcr Entsetzen. Jetzt werden R\u00fccktrittsforderungen gegen Seli-Zacharias und Emmerich seitens der Kreisverb\u00e4nde der Linken und Gr\u00fcnen in Gelsenkirchen laut. Auch das Landesnetzwerk der Sinti und Roma fordert Konsequenzen. Zuvor hatte der WDR berichtet.<\/p>\n<p>Kreisverb\u00e4nde von Linken und Gr\u00fcnen fordern R\u00fccktritt      <\/p>\n<p class=\"richtext text-em-55 !leading-serif mx-6 desktop:mx-0\">Die Gr\u00fcne Gelsenkirchen ver\u00f6ffentlichte am Mittwoch eine Pressemitteilung, in der sie zum R\u00fccktritt der beiden AfD-Politiker aufrief. \u201eEnxhi Seli-Zacharias steht dem Ausschuss f\u00fcr Sicherheit und Ordnung vor. Wer sich gleichzeitig an einer Aktion beteiligt, bei der B\u00fcrgerinnen und B\u00fcrger auf offener Stra\u00dfe bedr\u00e4ngt, gefilmt und \u00f6ffentlich vorgef\u00fchrt werden, besch\u00e4digt aus unserer Sicht das Vertrauen, das f\u00fcr die Aus\u00fcbung eines solchen Amtes erforderlich ist\u201c, schreiben sie. Dasselbe gelte f\u00fcr Norbert Emmerich.<\/p>\n<p class=\"richtext text-em-55 !leading-serif mx-6 desktop:mx-0\">Auch die Linke in Gelsenkirchen ver\u00f6ffentlichte ein Statement. \u201eDie AfD Gelsenkirchen setzt mit rassistischen und menschenverachtenden Videos in Gelsenkirchen-\u00dcckendorf einen neuen Tiefpunkt\u201c, hei\u00dft es dort. Sie fordert ebenfalls einen R\u00fccktritt sowie strafrechtliche Konsequenzen.<\/p>\n<p>Anzeige gegen Seli-Zacharias      <\/p>\n<p class=\"text_ohne_einzug richtext text-em-55 !leading-serif mx-6 desktop:mx-0\">Das Landesnetzwerk der Sinti und Roma gegen Antiziganismus in NRW soll die Forderungen bereits in die Tat umgesetzt haben. Nach Angaben des WDR haben sie Anzeige gegen Seli-Zacharias aufgrund von Volksverhetzung gestellt. Ein m\u00f6glicher Prozess stehe noch aus.<\/p>\n<p class=\"richtext text-em-55 !leading-serif mx-6 desktop:mx-0\">Das Video ist mittlerweile von <a href=\"https:\/\/rp-online.de\/thema\/instagram\/\" rel=\"nofollow noopener\" target=\"_blank\">Instagram<\/a> gesperrt worden und nicht mehr in den sozialen Medien aufzufinden. Seli-Zacharias erkl\u00e4rte im Interview mit dem WDR, sie habe mit dem Video lediglich auf die Probleme im Stadtteil aufmerksam machen wollen. Die Menschen h\u00e4tten ihr zufolge die Stra\u00dfe aus freien St\u00fccken sauber gemacht, nachdem sie sie von den Problemen in Kenntnis gesetzt h\u00e4tte. Zeugen und Betroffene schilderten dem Sender jedoch, sie w\u00e4ren eingesch\u00fcchtert und dazu gezwungen worden.<\/p>\n","protected":false},"excerpt":{"rendered":"Die AfD-Landtagsabgeordnete Enxhi Seli-Zacharias hat auf ihrem Instagram-Kanal ein Video ver\u00f6ffentlicht, in dem sie Migranten aus Gelsenkirchen im&hellip;\n","protected":false},"author":2,"featured_media":1090165,"comment_status":"","ping_status":"","sticky":false,"template":"","format":"standard","meta":{"footnotes":"","_share_on_mastodon":"0"},"categories":[1834],"tags":[186,3364,29,231418,3688,3658,30,61275,231419,1209,1763,231420,231416,231417,131919],"class_list":["post-1090164","post","type-post","status-publish","format-standard","has-post-thumbnail","category-essen","tag-afd","tag-de","tag-deutschland","tag-enxhi","tag-essen","tag-gelsenkirchen","tag-germany","tag-konsequenzen","tag-norbert-emmerich","tag-nordrhein-westfalen","tag-ruecktritt","tag-ruecktrittsforderungen","tag-seli","tag-ueckendorf","tag-zacharias"],"share_on_mastodon":{"url":"https:\/\/pubeurope.com\/@de\/116739897152626481","error":""},"_links":{"self":[{"href":"https:\/\/www.europesays.com\/de\/wp-json\/wp\/v2\/posts\/1090164","targetHints":{"allow":["GET"]}}],"collection":[{"href":"https:\/\/www.europesays.com\/de\/wp-json\/wp\/v2\/posts"}],"about":[{"href":"https:\/\/www.europesays.com\/de\/wp-json\/wp\/v2\/types\/post"}],"author":[{"embeddable":true,"href":"https:\/\/www.europesays.com\/de\/wp-json\/wp\/v2\/users\/2"}],"replies":[{"embeddable":true,"href":"https:\/\/www.europesays.com\/de\/wp-json\/wp\/v2\/comments?post=1090164"}],"version-history":[{"count":0,"href":"https:\/\/www.europesays.com\/de\/wp-json\/wp\/v2\/posts\/1090164\/revisions"}],"wp:featuredmedia":[{"embeddable":true,"href":"https:\/\/www.europesays.com\/de\/wp-json\/wp\/v2\/media\/1090165"}],"wp:attachment":[{"href":"https:\/\/www.europesays.com\/de\/wp-json\/wp\/v2\/media?parent=1090164"}],"wp:term":[{"taxonomy":"category","embeddable":true,"href":"https:\/\/www.europesays.com\/de\/wp-json\/wp\/v2\/categories?post=1090164"},{"taxonomy":"post_tag","embeddable":true,"href":"https:\/\/www.europesays.com\/de\/wp-json\/wp\/v2\/tags?post=1090164"}],"curies":[{"name":"wp","href":"https:\/\/api.w.org\/{rel}","templated":true}]}}