{"id":1090216,"date":"2026-06-13T00:39:27","date_gmt":"2026-06-13T00:39:27","guid":{"rendered":"https:\/\/www.europesays.com\/de\/1090216\/"},"modified":"2026-06-13T00:39:27","modified_gmt":"2026-06-13T00:39:27","slug":"neues-geruecht-zu-the-batman-2-wird-dieser-marvel-star-doch-nicht-zu-harvey-dent-kino-news","status":"publish","type":"post","link":"https:\/\/www.europesays.com\/de\/1090216\/","title":{"rendered":"Neues Ger\u00fccht zu &#8222;The Batman 2&#8220;: Wird dieser Marvel-Star doch nicht zu Harvey Dent? &#8211; Kino News"},"content":{"rendered":"<p>Bekannt ist bereits, dass Sebastian Stan, Scarlett Johansson und Charles Dance in \u201eThe Batman 2\u201c mitspielen werden. Neuen Ger\u00fcchten zufolge sollen sie dabei aber in andere Rollen schl\u00fcpfen, als zuvor gedacht.<\/p>\n<p>    <img loading=\"lazy\" decoding=\"async\" class=\"article-figure-img\" width=\"654\" height=\"368\" src=\"https:\/\/www.europesays.com\/de\/wp-content\/uploads\/2026\/06\/00e849dabbdec748f0b4a95828a8df9e.jpg\"\/><\/p>\n<p>        Warner Bros.<\/p>\n<p class=\"bo-p\">W\u00e4re alles nach Plan verlaufen, h\u00e4tten wir \u201e<a href=\"https:\/\/www.filmstarts.de\/kritiken\/303960.html\" class=\"bo-link\" rel=\"nofollow noopener\" target=\"_blank\">The Batman 2<\/a>\u201c l\u00e4ngst auf der gro\u00dfen Leinwand sehen k\u00f6nnen. Die Fortsetzung des von Kritik und Publikum gleicherma\u00dfen gefeierten Superhelden-Abenteuers war urspr\u00fcnglich f\u00fcr Oktober 2025 angek\u00fcndigt. Doch daraus wurde nichts: Nachdem der Kinostart zun\u00e4chst auf 2026 verschoben wurde, soll das Sequel mittlerweile erst 2027 erscheinen.<\/p>\n<p class=\"bo-p\">Als Gr\u00fcnde f\u00fcr die Verz\u00f6gerung gelten unter anderem die hohen Anspr\u00fcche von Regisseur und Drehbuchautor <a href=\"https:\/\/www.filmstarts.de\/personen\/47801.html\" class=\"bo-link\" rel=\"nofollow noopener\" target=\"_blank\">Matt Reeves<\/a>. Dem Filmemacher zufolge nahm die Entwicklung des Drehbuchs deutlich mehr Zeit in Anspruch als urspr\u00fcnglich geplant, da er die Geschichte erst dann freigeben wollte, wenn sie seinen Vorstellungen vollst\u00e4ndig entspricht. Hinzu sollen zeitweise Probleme bei der Besetzung gekommen sein. Diese H\u00fcrden scheint \u201eThe Batman 2\u201c inzwischen jedoch \u00fcberwunden zu haben.<\/p>\n<p class=\"bo-p\">Denn mittlerweile wurden gleich mehrere hochkar\u00e4tige Neuzug\u00e4nge f\u00fcr die Fortsetzung best\u00e4tigt. <b>So sto\u00dfen <\/b><a href=\"https:\/\/www.filmstarts.de\/personen\/115090.html\" class=\"bo-link\" rel=\"nofollow noopener\" target=\"_blank\"><b>Sebastian Stan<\/b><\/a><b> (\u201eThe First Avenger\u201c), <\/b><a href=\"https:\/\/www.filmstarts.de\/personen\/27868.html\" class=\"bo-link\" rel=\"nofollow noopener\" target=\"_blank\"><b>Scarlett Johansson<\/b><\/a><b> (\u201eAvengers: Endgame\u201c) und \u201eGame Of Thrones\u201c-Star <\/b><a href=\"https:\/\/www.filmstarts.de\/personen\/6450.html\" class=\"bo-link\" rel=\"nofollow noopener\" target=\"_blank\"><b>Charles Dance<\/b><\/a><b> zum Cast. Zwar wurden ihre Rollen bislang nicht offiziell bekannt gegeben, doch in den vergangenen Monaten machten bereits zahlreiche Ger\u00fcchte die Runde. <\/b>Offenbar lagen viele davon jedoch daneben.<\/p>\n<p>Wird Sebastian Stan doch nicht zu Harvey Dent?<\/p>\n<p class=\"bo-p\">Wie der gut vernetzte Hollywood-Insider Jeff Sneider nun in seinem Newsletter TheInSneider berichtet, <b>sollen Johansson, Stan und Dance entgegen fr\u00fcheren Spekulationen nicht die Mitglieder der Dent-Familie verk\u00f6rpern.<\/b> Stattdessen habe Sneider aus Insiderkreisen erfahren, dass <b>Sebastian Stan nicht als Harvey Dent alias Two-Face zu sehen sein wird, sondern als der ber\u00fcchtigte Serienkiller Victor Zsasz.<\/b><\/p>\n<p>                                <img loading=\"lazy\" decoding=\"async\" class=\"article-figure-img\" der=\"\" serienkiller=\"\" victor=\"\" zsasz=\"\" src=\"https:\/\/www.europesays.com\/de\/wp-content\/uploads\/2026\/06\/3a38e8b98cd8b4b7d18a575a0824f518.jpg\" width=\"640\" height=\"320\" alt=\"Der Serienkiller Victor Zsasz\"\/><\/p>\n<p>                                    DC<\/p>\n<p>                    Der Serienkiller Victor Zsasz<\/p>\n<p class=\"bo-p\">In den Comics war Victor Zsasz einst ein wohlhabender und erfolgreicher Gesch\u00e4ftsmann. Nachdem er sein Verm\u00f6gen durch Wetten verloren hatte und zudem den Tod seiner Eltern verkraften musste, sah er keinen Ausweg mehr und plante, sich das Leben zu nehmen. Doch als ein Obdachloser versuchte, ihn auf der Br\u00fccke auszurauben, von der er springen wollte, \u00e4nderte sich sein Weltbild. Zsasz \u00fcberw\u00e4ltigte und t\u00f6tete den Mann und entwickelte anschlie\u00dfend die \u00dcberzeugung, ihm damit ein \u201eGeschenk\u201c gemacht zu haben, indem er ihn von einem bedeutungslosen Leben befreite. Von diesem Gedanken getrieben begann er, weitere Menschen zu ermorden, die seiner Ansicht nach keinen Wert mehr in ihrem Leben sahen.<\/p>\n<p class=\"bo-p\">Interessanterweise soll Harvey Dent laut Sneiders Informationen dennoch in \u201eThe Batman 2\u201c auftreten. <b>Die Rolle des sp\u00e4teren Two-Face werde demnach jedoch nicht von Sebastian Stan \u00fcbernommen, sondern von <\/b><a href=\"https:\/\/www.filmstarts.de\/personen\/514081.html\" class=\"bo-link\" rel=\"nofollow noopener\" target=\"_blank\"><b>Brian Tyree Henry<\/b><\/a><b> (\u201eBullet Train\u201c)<\/b>, der ebenfalls bereits f\u00fcr den Film best\u00e4tigt wurde.<\/p>\n<p>Wen verk\u00f6rpern Scarlett Johansson und Charles Dance?<\/p>\n<p class=\"bo-p\">Welche Figuren Scarlett Johansson und Charles Dance spielen werden, bleibt dagegen weiterhin ein Geheimnis. Laut Sneider halten seine Quellen die konkreten Rollen noch unter Verschluss. Allerdings <b>sollen beide keine bekannten Charaktere aus dem Batman-Kosmos verk\u00f6rpern, sondern vielmehr neu interpretierte Figuren, die Elemente verschiedener Comic-Charaktere miteinander verbinden.<\/b><\/p>\n<p class=\"bo-p\">Wie so oft bei Insiderberichten gilt jedoch: Solange keine offizielle Best\u00e4tigung seitens des Studios oder der Beteiligten erfolgt, sollten die Informationen mit Vorsicht betrachtet werden. Bislang handelt es sich weiterhin lediglich um Ger\u00fcchte.<\/p>\n<p class=\"bo-p\">Apropos DC-B\u00f6sewichte: Im kommenden \u201eSupergirl\u201c-Film wird Jason Momoa den au\u00dferirdischen Biker und Kopfgeldj\u00e4ger Lobo spielen. Der Schauspieler kann sich offenbar sogar einen Solo-Film \u00fcber die Kultfigur vorstellen \u2013 allerdings nur unter einer bestimmten Bedingung. Welche das ist, erfahrt ihr im nachfolgenden Artikel.<\/p>\n<p>    <a class=\"cms-see-also\" data-title=\"Auch interessant\" href=\"https:\/\/www.filmstarts.de\/nachrichten\/1000208540.html\" rel=\"nofollow noopener\" target=\"_blank\">&#8222;Das ist alles, was ich will&#8220;: Unter dieser Bedingung kann sich Jason Momoa einen Solofilm \u00fcber legend\u00e4ren &#8222;Superman&#8220;-B\u00f6sewicht vorstellen<\/a><\/p>\n<p class=\"bo-p\">Unsere Seite bietet dir t\u00e4glich die neuesten Nachrichten \u00fcber Kino, Serien und Fernsehen. F\u00fcge FILMSTARTS bei Google als bevorzugte Quelle hinzu, um unsere Artikel dort h\u00e4ufiger angezeigt zu bekommen, wenn du nach einem bestimmten Thema suchst \u2013 so bleibst du immer auf dem Laufenden.<\/p>\n","protected":false},"excerpt":{"rendered":"Bekannt ist bereits, dass Sebastian Stan, Scarlett Johansson und Charles Dance in \u201eThe Batman 2\u201c mitspielen werden. Neuen&hellip;\n","protected":false},"author":2,"featured_media":1090217,"comment_status":"","ping_status":"","sticky":false,"template":"","format":"standard","meta":{"footnotes":"","_share_on_mastodon":"0"},"categories":[1771],"tags":[1778,29,214,30,95,1777,215],"class_list":["post-1090216","post","type-post","status-publish","format-standard","has-post-thumbnail","category-kino","tag-cinema","tag-deutschland","tag-entertainment","tag-germany","tag-kino","tag-movie","tag-unterhaltung"],"share_on_mastodon":{"url":"https:\/\/pubeurope.com\/@de\/116740015401174483","error":""},"_links":{"self":[{"href":"https:\/\/www.europesays.com\/de\/wp-json\/wp\/v2\/posts\/1090216","targetHints":{"allow":["GET"]}}],"collection":[{"href":"https:\/\/www.europesays.com\/de\/wp-json\/wp\/v2\/posts"}],"about":[{"href":"https:\/\/www.europesays.com\/de\/wp-json\/wp\/v2\/types\/post"}],"author":[{"embeddable":true,"href":"https:\/\/www.europesays.com\/de\/wp-json\/wp\/v2\/users\/2"}],"replies":[{"embeddable":true,"href":"https:\/\/www.europesays.com\/de\/wp-json\/wp\/v2\/comments?post=1090216"}],"version-history":[{"count":0,"href":"https:\/\/www.europesays.com\/de\/wp-json\/wp\/v2\/posts\/1090216\/revisions"}],"wp:featuredmedia":[{"embeddable":true,"href":"https:\/\/www.europesays.com\/de\/wp-json\/wp\/v2\/media\/1090217"}],"wp:attachment":[{"href":"https:\/\/www.europesays.com\/de\/wp-json\/wp\/v2\/media?parent=1090216"}],"wp:term":[{"taxonomy":"category","embeddable":true,"href":"https:\/\/www.europesays.com\/de\/wp-json\/wp\/v2\/categories?post=1090216"},{"taxonomy":"post_tag","embeddable":true,"href":"https:\/\/www.europesays.com\/de\/wp-json\/wp\/v2\/tags?post=1090216"}],"curies":[{"name":"wp","href":"https:\/\/api.w.org\/{rel}","templated":true}]}}