{"id":1090229,"date":"2026-06-13T00:46:19","date_gmt":"2026-06-13T00:46:19","guid":{"rendered":"https:\/\/www.europesays.com\/de\/1090229\/"},"modified":"2026-06-13T00:46:19","modified_gmt":"2026-06-13T00:46:19","slug":"g7-treffen-merz-sendet-trump-persoenlichen-geburtstagsbrief-und-will-geheimes-geschenk-ueberreichen","status":"publish","type":"post","link":"https:\/\/www.europesays.com\/de\/1090229\/","title":{"rendered":"G7-Treffen: Merz sendet Trump pers\u00f6nlichen Geburtstagsbrief\u00a0\u2013 und will geheimes Geschenk \u00fcberreichen"},"content":{"rendered":"<p>Kurz vor dem G7\u2011Gipfel l\u00e4sst Kanzler Merz Trump einen handschriftlichen Geburtstagsgru\u00df ins Wei\u00dfe Haus bringen \u2013 und reist selbst mit einem geheim gehaltenen Pr\u00e4sent an. Trotz zuletzt frostiger T\u00f6ne gilt ein bilaterales Gespr\u00e4ch weiter als m\u00f6glich.<\/p>\n<p class=\"is-first-paragraph\" data-external=\"Article.FirstParagraph\">Bundeskanzler Friedrich Merz hat US-Pr\u00e4sident Donald Trump einen handschriftlichen Brief mit Gl\u00fcckw\u00fcnschen zum 80. Geburtstag geschrieben. Er werde im Wei\u00dfen Haus von einem Boten \u00fcberreicht, hei\u00dft es aus Regierungskreisen in Berlin. <\/p>\n<p>Am kommenden Montag \u00fcberreicht Merz dem US-Pr\u00e4sidenten au\u00dferdem beim G7-Gipfel im franz\u00f6sischen \u00c9vian am Genfer See pers\u00f6nlich ein Geschenk. Was es ist, wurde noch nicht verraten.<\/p>\n<p>Trump feiert seinen 80. Geburtstag am Sonntag vor dem Wei\u00dfen Haus in Washington mit vielen G\u00e4sten und einem K\u00e4figkampf. Er spricht von \u201eder gro\u00dfartigsten Show der Welt\u201c. Direkt im Anschluss reist er zum G7-Gipfel nach Frankreich, wo er am Abend mit Merz und den anderen Staats- und Regierungschefs der Gruppe wirtschaftsstarker westlicher Demokratien zusammentreffen wird.<\/p>\n<p>Von Merz ist Trump bereits bei dessen ersten USA-Besuchen reich beschenkt worden. Bei seinem Antrittsbesuch vor fast genau einem Jahr brachte Merz eine Kopie der Geburtsurkunde von Trumps Gro\u00dfvaters aus Kallstadt in der Pfalz und einen Golfschl\u00e4ger als Gastgeschenk mit. Im M\u00e4rz schenkte der Kanzler Trump bei seinem dritten Washington-Besuch seit Amtsantritt die Nachbildung eines Freundschafts- und Handelsvertrags zwischen den USA und Preu\u00dfen aus dem Jahr 1785.<\/p>\n<p>Merz und Trump hatten im vergangenen Jahr einen sehr guten Start miteinander. Zuletzt ist das Verh\u00e4ltnis der beiden nach deutlicher Kritik des Kanzlers am Iran-Krieg aber erheblich abgek\u00fchlt. Als Reaktion k\u00fcndigte der US-Pr\u00e4sident den Abzug von Truppen aus Deutschland an. Ein bilaterales Treffen der beiden am Rande des G7-Gipfels gilt zwar als wahrscheinlich, ist aber noch nicht sicher.<\/p>\n<p>Der franz\u00f6sische Pr\u00e4sident Macron wird am Montagabend neben Trump und Merz auch die Staats- und Regierungschefs der anderen G7-Staaten empfangen, darunter die Regierungschefs von Italien, Gro\u00dfbritannien, Kanada und Japan. Zu einigen Programmteilen sind auch die Staats- und Regierungschefs aus Brasilien, S\u00fcdkorea, \u00c4gypten, Indien und Kenia eingeladen.<\/p>\n<p>dpa\/nw<\/p>\n","protected":false},"excerpt":{"rendered":"Kurz vor dem G7\u2011Gipfel l\u00e4sst Kanzler Merz Trump einen handschriftlichen Geburtstagsgru\u00df ins Wei\u00dfe Haus bringen \u2013 und reist&hellip;\n","protected":false},"author":2,"featured_media":1090230,"comment_status":"","ping_status":"","sticky":false,"template":"","format":"standard","meta":{"footnotes":"","_share_on_mastodon":"0"},"categories":[2],"tags":[29,114,183,64538,30,13327,13,182,14,15,110,12,45,10,8,9,11,113],"class_list":["post-1090229","post","type-post","status-publish","format-standard","has-post-thumbnail","category-deutschland","tag-deutschland","tag-donald-geb-1946","tag-friedrich-cdu","tag-g7-ks","tag-germany","tag-geschenke","tag-headlines","tag-merz","tag-nachrichten","tag-news","tag-newsteam","tag-schlagzeilen","tag-texttospeech","tag-top-news","tag-top-meldungen","tag-topmeldungen","tag-topnews","tag-trump"],"share_on_mastodon":{"url":"https:\/\/pubeurope.com\/@de\/116740042671486670","error":""},"_links":{"self":[{"href":"https:\/\/www.europesays.com\/de\/wp-json\/wp\/v2\/posts\/1090229","targetHints":{"allow":["GET"]}}],"collection":[{"href":"https:\/\/www.europesays.com\/de\/wp-json\/wp\/v2\/posts"}],"about":[{"href":"https:\/\/www.europesays.com\/de\/wp-json\/wp\/v2\/types\/post"}],"author":[{"embeddable":true,"href":"https:\/\/www.europesays.com\/de\/wp-json\/wp\/v2\/users\/2"}],"replies":[{"embeddable":true,"href":"https:\/\/www.europesays.com\/de\/wp-json\/wp\/v2\/comments?post=1090229"}],"version-history":[{"count":0,"href":"https:\/\/www.europesays.com\/de\/wp-json\/wp\/v2\/posts\/1090229\/revisions"}],"wp:featuredmedia":[{"embeddable":true,"href":"https:\/\/www.europesays.com\/de\/wp-json\/wp\/v2\/media\/1090230"}],"wp:attachment":[{"href":"https:\/\/www.europesays.com\/de\/wp-json\/wp\/v2\/media?parent=1090229"}],"wp:term":[{"taxonomy":"category","embeddable":true,"href":"https:\/\/www.europesays.com\/de\/wp-json\/wp\/v2\/categories?post=1090229"},{"taxonomy":"post_tag","embeddable":true,"href":"https:\/\/www.europesays.com\/de\/wp-json\/wp\/v2\/tags?post=1090229"}],"curies":[{"name":"wp","href":"https:\/\/api.w.org\/{rel}","templated":true}]}}