{"id":109025,"date":"2025-05-14T04:11:13","date_gmt":"2025-05-14T04:11:13","guid":{"rendered":"https:\/\/www.europesays.com\/de\/109025\/"},"modified":"2025-05-14T04:11:13","modified_gmt":"2025-05-14T04:11:13","slug":"wieso-graffitikuenstler-tasso-das-federvieh-auf-einer-giebelwand-verewigt","status":"publish","type":"post","link":"https:\/\/www.europesays.com\/de\/109025\/","title":{"rendered":"Wieso Graffitik\u00fcnstler Tasso das Federvieh auf einer Giebelwand verewigt"},"content":{"rendered":"<p class=\"bold\">\n\t\t\t\t\t\t\t\t\t\tSt\u00f6rche, die ein Nest bauen und ihre Jungen versorgen, fehlen bisher in Meerane im Stadtbild. Das hat mit Tasso ein Graffiti-K\u00fcnstler ge\u00e4ndert. \u00dcbrigens durchaus mit einem Hintergedanken. Warum?\t\t\t\t<\/p>\n<p>\t\t\t\t Sie geh\u00f6ren zum Stadtbild und zum Stadtgespr\u00e4ch: In Glauchau, Waldenburg und Crimmitschau haben sich im Fr\u00fchjahr unter anderem wieder Storchen-Paare niedergelassen, die mit dem Br\u00fcten oder sogar schon mit dem F\u00fcttern der Jungv\u00f6gel begonnen haben.<\/p>\n<p>\t\t<img decoding=\"async\" class=\"fp-plus-logo\" src=\"https:\/\/www.europesays.com\/de\/wp-content\/uploads\/2025\/04\/fpplus.svg.svg+xml\" alt=\"Freie Presse plus Logo\"\/><\/p>\n<p>Registrieren und testen.<\/p>\n<p>Jetzt mit Ihrer Registrierung 1 Monat gratis testen und alle Beitr\u00e4ge lesen.<\/p>\n<p>Schon Abonnent? Melden Sie sich mit ihren Zugangsdaten an.<\/p>\n","protected":false},"excerpt":{"rendered":"St\u00f6rche, die ein Nest bauen und ihre Jungen versorgen, fehlen bisher in Meerane im Stadtbild. Das hat mit&hellip;\n","protected":false},"author":2,"featured_media":109026,"comment_status":"","ping_status":"","sticky":false,"template":"","format":"standard","meta":{"footnotes":""},"categories":[1775],"tags":[1793,29,214,30,5331,1794,215],"class_list":{"0":"post-109025","1":"post","2":"type-post","3":"status-publish","4":"format-standard","5":"has-post-thumbnail","7":"category-kunst-und-design","8":"tag-art-and-design","9":"tag-deutschland","10":"tag-entertainment","11":"tag-germany","12":"tag-immobilien","13":"tag-kunst-und-design","14":"tag-unterhaltung"},"share_on_mastodon":{"url":"https:\/\/pubeurope.com\/@de\/114504236075271233","error":""},"_links":{"self":[{"href":"https:\/\/www.europesays.com\/de\/wp-json\/wp\/v2\/posts\/109025","targetHints":{"allow":["GET"]}}],"collection":[{"href":"https:\/\/www.europesays.com\/de\/wp-json\/wp\/v2\/posts"}],"about":[{"href":"https:\/\/www.europesays.com\/de\/wp-json\/wp\/v2\/types\/post"}],"author":[{"embeddable":true,"href":"https:\/\/www.europesays.com\/de\/wp-json\/wp\/v2\/users\/2"}],"replies":[{"embeddable":true,"href":"https:\/\/www.europesays.com\/de\/wp-json\/wp\/v2\/comments?post=109025"}],"version-history":[{"count":0,"href":"https:\/\/www.europesays.com\/de\/wp-json\/wp\/v2\/posts\/109025\/revisions"}],"wp:featuredmedia":[{"embeddable":true,"href":"https:\/\/www.europesays.com\/de\/wp-json\/wp\/v2\/media\/109026"}],"wp:attachment":[{"href":"https:\/\/www.europesays.com\/de\/wp-json\/wp\/v2\/media?parent=109025"}],"wp:term":[{"taxonomy":"category","embeddable":true,"href":"https:\/\/www.europesays.com\/de\/wp-json\/wp\/v2\/categories?post=109025"},{"taxonomy":"post_tag","embeddable":true,"href":"https:\/\/www.europesays.com\/de\/wp-json\/wp\/v2\/tags?post=109025"}],"curies":[{"name":"wp","href":"https:\/\/api.w.org\/{rel}","templated":true}]}}