{"id":1090299,"date":"2026-06-13T01:28:26","date_gmt":"2026-06-13T01:28:26","guid":{"rendered":"https:\/\/www.europesays.com\/de\/1090299\/"},"modified":"2026-06-13T01:28:26","modified_gmt":"2026-06-13T01:28:26","slug":"ausblick-daimler-truck-auf-der-iaa-transportation-2026-in-hannover","status":"publish","type":"post","link":"https:\/\/www.europesays.com\/de\/1090299\/","title":{"rendered":"Ausblick: Daimler Truck auf der IAA Transportation 2026 in Hannover"},"content":{"rendered":"<p class=\"isSelectedEnd\"><a href=\"https:\/\/mbpassion.de\/category\/konzern\/\" data-internallinksmanager029f6b8e52c=\"44\" title=\"Mercedes-Benz\" rel=\"nofollow noopener\" target=\"_blank\">Mercedes-Benz<\/a> Trucks will auf der IAA Transportation 2026 zentrale Fortschritte bei alternativen Antriebstechnologien vorstellen. Im Mittelpunkt stehen neue batterieelektrische und wasserstoffbetriebene Nutzfahrzeuge sowie Weiterentwicklungen bei Sicherheitssystemen f\u00fcr den Stra\u00dfeng\u00fcterverkehr.<\/p>\n<p><a href=\"https:\/\/www.europesays.com\/de\/wp-content\/uploads\/2026\/06\/mbpassion.de-ausblick-daimler-truck-auf-der-iaa-transportation-2026-in-hannover-cms-30.jpeg\"><img loading=\"lazy\" decoding=\"async\" class=\"aligncenter size-full wp-image-489443\" src=\"https:\/\/www.europesays.com\/de\/wp-content\/uploads\/2026\/06\/mbpassion.de-ausblick-daimler-truck-auf-der-iaa-transportation-2026-in-hannover-cms-30.jpeg\" alt=\"\" width=\"1920\" height=\"1440\"  \/><\/a><\/p>\n<p>Neuer eActros Lowliner f\u00fcr Volumentransporte<\/p>\n<p class=\"isSelectedEnd\">Ein Schwerpunkt ist die Einf\u00fchrung des neuen <a href=\"https:\/\/mbpassion.de\/2024\/11\/serienproduktion-des-eactros-600-gestartet\/\" data-internallinksmanager029f6b8e52c=\"163\" title=\"eActros\" rel=\"nofollow noopener\" target=\"_blank\">eActros<\/a> Lowliner. Die elektrische Sattelzugmaschine wurde speziell f\u00fcr sogenannte Volumentransporte entwickelt, bei denen ein besonders gro\u00dfes Ladevolumen ben\u00f6tigt wird. Durch ihre niedrige Aufsattelh\u00f6he eignet sich das Fahrzeug f\u00fcr den Einsatz mit Mega-Trailern, die einen gr\u00f6\u00dferen Innenraum bieten. Der Hersteller plant, die ersten Modelle ab dem dritten Quartal 2026 in Europa anzubieten. Die Serienproduktion soll im zweiten Quartal <a href=\"https:\/\/mbpassion.de\/2026\/02\/mercedes-bestaetigt-zahlreiche-neue-modelle-fuer-2026-und-27\/\" data-internallinksmanager029f6b8e52c=\"210\" title=\"2027\" rel=\"nofollow noopener\" target=\"_blank\">2027<\/a> im Werk <a href=\"https:\/\/mbpassion.de\/2023\/05\/bei-verlobung-hochzeit-dabei-sein-im-werk-woerth-moeglich\/\" data-internallinksmanager029f6b8e52c=\"165\" title=\"W\u00f6rth\" rel=\"nofollow noopener\" target=\"_blank\">W\u00f6rth<\/a> am Rhein beginnen.<\/p>\n<p class=\"isSelectedEnd\">Der eActros Lowliner wird mit zwei oder drei Lithium-Eisenphosphat-Batteriepaketen erh\u00e4ltlich sein. Die Variante mit drei Batterien verf\u00fcgt \u00fcber eine installierte Kapazit\u00e4t von 621 Kilowattstunden und soll Reichweiten von rund 500 Kilometern erm\u00f6glichen. Die Ausf\u00fchrung mit zwei Batterien bietet aufgrund des geringeren Fahrzeuggewichts eine h\u00f6here Nutzlast.<\/p>\n<p><a href=\"https:\/\/www.europesays.com\/de\/wp-content\/uploads\/2026\/06\/mbpassion.de-ausblick-daimler-truck-auf-der-iaa-transportation-2026-in-hannover-cms-25.jpeg\"><img loading=\"lazy\" decoding=\"async\" class=\"aligncenter size-full wp-image-489448\" src=\"https:\/\/www.europesays.com\/de\/wp-content\/uploads\/2026\/06\/mbpassion.de-ausblick-daimler-truck-auf-der-iaa-transportation-2026-in-hannover-cms-25.jpeg\" alt=\"\" width=\"1920\" height=\"1278\"  \/><\/a><\/p>\n<p>Weltumrundung mit batterieelektrischem Lkw geplant<\/p>\n<p class=\"isSelectedEnd\">Neben dem neuen Fahrzeugmodell k\u00fcndigte Mercedes-Benz Trucks ein au\u00dfergew\u00f6hnliches Projekt an: Der Berufskraftfahrer und Content Creator Tobias Wagner, bekannt als \u201eElektrotrucker\u201c, will mit einem batterieelektrischen eActros 600 die erste Weltumrundung mit einem E-Lkw absolvieren. Die rund einj\u00e4hrige <a href=\"https:\/\/mbpassion.de\/2024\/01\/der-roadtrip-im-eqe-350-ueber-gibraltar-ronda-nach-cordoba\/\" data-internallinksmanager029f6b8e52c=\"86\" title=\"Roadtrip\" rel=\"nofollow noopener\" target=\"_blank\">Reise<\/a> soll \u00fcber etwa 45.000 Kilometer durch mehr als 35 L\u00e4nder f\u00fchren. Geplant sind maximal 80 Ladestopps. Startpunkt der Expedition wird die IAA Transportation in Hannover sein.<\/p>\n<p class=\"isSelectedEnd\">Mit der Reise soll die Alltagstauglichkeit batterieelektrischer Fernverkehrs-Lkw unter unterschiedlichen klimatischen und infrastrukturellen Bedingungen demonstriert werden. Gleichzeitig sollen Erfahrungen \u00fcber den Ausbaubedarf der Ladeinfrastruktur gesammelt werden.<\/p>\n<p><a href=\"https:\/\/www.europesays.com\/de\/wp-content\/uploads\/2026\/06\/mbpassion.de-ausblick-daimler-truck-auf-der-iaa-transportation-2026-in-hannover-cms-24.jpeg\"><img loading=\"lazy\" decoding=\"async\" class=\"aligncenter size-full wp-image-489449\" src=\"https:\/\/www.europesays.com\/de\/wp-content\/uploads\/2026\/06\/mbpassion.de-ausblick-daimler-truck-auf-der-iaa-transportation-2026-in-hannover-cms-24.jpeg\" alt=\"\" width=\"1920\" height=\"1080\"  \/><\/a><\/p>\n<p>Wasserstoff-Lkw geht in den Praxiseinsatz<\/p>\n<p class=\"isSelectedEnd\">Auch Wasserstoff bleibt Teil der Antriebsstrategie des Herstellers. Auf der IAA wird Mercedes-Benz Trucks den NextGenH2 Truck pr\u00e4sentieren, ein Brennstoffzellenfahrzeug f\u00fcr den Fernverkehr. Das Modell nutzt Fl\u00fcssigwasserstoff und soll Reichweiten von deutlich mehr als 1.000 Kilometern mit einer Tankf\u00fcllung erm\u00f6glichen. Zudem verspricht der Hersteller kurze Betankungszeiten.<\/p>\n<p class=\"isSelectedEnd\">Ab Ende 2026 plant Daimler Truck eine Kleinserie von rund 100 Fahrzeugen, die zun\u00e4chst bei Kunden in Deutschland eingesetzt werden sollen. Als erster Anwender wird der Logistikdienstleister Dachser den NextGenH2 Truck im Fernverkehr testen. Die ersten Fahrzeuge sollen am Standort Karlsruhe in bestehende nationale und internationale Transportnetze integriert werden.<\/p>\n<p><a href=\"https:\/\/www.europesays.com\/de\/wp-content\/uploads\/2026\/06\/mbpassion.de-ausblick-daimler-truck-auf-der-iaa-transportation-2026-in-hannover-cms-28.jpeg\"><img loading=\"lazy\" decoding=\"async\" class=\"aligncenter size-full wp-image-489445\" src=\"https:\/\/www.europesays.com\/de\/wp-content\/uploads\/2026\/06\/mbpassion.de-ausblick-daimler-truck-auf-der-iaa-transportation-2026-in-hannover-cms-28.jpeg\" alt=\"\" width=\"1920\" height=\"1280\"  \/><\/a><\/p>\n<p>Neue Assistenzsysteme f\u00fcr mehr Sicherheit<\/p>\n<p class=\"isSelectedEnd\">Dar\u00fcber hinaus k\u00fcndigte Mercedes-Benz Trucks neue Sicherheitsfunktionen f\u00fcr den Kreuzungsbereich an. Die Systeme sollen potenzielle Kollisionen mit anderen Verkehrsteilnehmern fr\u00fchzeitig erkennen und im Bedarfsfall unterst\u00fctzend eingreifen.<\/p>\n<p class=\"isSelectedEnd\">Nach Angaben des Unternehmens basieren die Entwicklungen auf Erkenntnissen aus der Analyse realer Unfallereignisse. Ziel sei es, die Zahl schwerer Verkehrsunf\u00e4lle weiter zu reduzieren und neue Sicherheitstechnologien m\u00f6glichst fr\u00fchzeitig in die Serienproduktion zu \u00fcberf\u00fchren.<\/p>\n<p><a href=\"https:\/\/www.europesays.com\/de\/wp-content\/uploads\/2026\/06\/mbpassion.de-ausblick-daimler-truck-auf-der-iaa-transportation-2026-in-hannover-cms-26.jpeg\"><img loading=\"lazy\" decoding=\"async\" class=\"aligncenter size-full wp-image-489447\" src=\"https:\/\/www.europesays.com\/de\/wp-content\/uploads\/2026\/06\/mbpassion.de-ausblick-daimler-truck-auf-der-iaa-transportation-2026-in-hannover-cms-26.jpeg\" alt=\"\" width=\"1920\" height=\"1280\"  \/><\/a><\/p>\n<p>Breite Technologieoffensive f\u00fcr den Fernverkehr<\/p>\n<p>Mit den angek\u00fcndigten Neuheiten verfolgt Mercedes-Benz Trucks das Ziel, unterschiedliche technologische Ans\u00e4tze f\u00fcr einen emissions\u00e4rmeren G\u00fcterverkehr weiterzuentwickeln. Neben batterieelektrischen Fahrzeugen sieht das Unternehmen insbesondere im Wasserstoffantrieb Potenzial f\u00fcr Anwendungen mit hohen Reichweitenanforderungen im Fernverkehr. Die IAA Transportation 2026 dient dabei als zentrale Plattform, um die n\u00e4chsten Schritte der Unternehmensstrategie zu pr\u00e4sentieren.<\/p>\n<p>Bilder: Daimler Truck AG<\/p>\n<p>\u00a0<\/p>\n","protected":false},"excerpt":{"rendered":"Mercedes-Benz Trucks will auf der IAA Transportation 2026 zentrale Fortschritte bei alternativen Antriebstechnologien vorstellen. Im Mittelpunkt stehen neue&hellip;\n","protected":false},"author":2,"featured_media":1090300,"comment_status":"","ping_status":"","sticky":false,"template":"","format":"standard","meta":{"footnotes":"","_share_on_mastodon":"0"},"categories":[1836],"tags":[2925,16902,3364,29,231437,231438,3600,30,46,38033,231439,231440,1962,1411,34211],"class_list":["post-1090299","post","type-post","status-publish","format-standard","has-post-thumbnail","category-hannover","tag-daimler","tag-daimler-truck","tag-de","tag-deutschland","tag-eactros","tag-elektrotrucker","tag-fernverkehr","tag-germany","tag-hannover","tag-iaa","tag-iaa-2026","tag-iaa-hannover","tag-lkw","tag-niedersachsen","tag-truck"],"share_on_mastodon":{"url":"https:\/\/pubeurope.com\/@de\/116740209628694682","error":""},"_links":{"self":[{"href":"https:\/\/www.europesays.com\/de\/wp-json\/wp\/v2\/posts\/1090299","targetHints":{"allow":["GET"]}}],"collection":[{"href":"https:\/\/www.europesays.com\/de\/wp-json\/wp\/v2\/posts"}],"about":[{"href":"https:\/\/www.europesays.com\/de\/wp-json\/wp\/v2\/types\/post"}],"author":[{"embeddable":true,"href":"https:\/\/www.europesays.com\/de\/wp-json\/wp\/v2\/users\/2"}],"replies":[{"embeddable":true,"href":"https:\/\/www.europesays.com\/de\/wp-json\/wp\/v2\/comments?post=1090299"}],"version-history":[{"count":0,"href":"https:\/\/www.europesays.com\/de\/wp-json\/wp\/v2\/posts\/1090299\/revisions"}],"wp:featuredmedia":[{"embeddable":true,"href":"https:\/\/www.europesays.com\/de\/wp-json\/wp\/v2\/media\/1090300"}],"wp:attachment":[{"href":"https:\/\/www.europesays.com\/de\/wp-json\/wp\/v2\/media?parent=1090299"}],"wp:term":[{"taxonomy":"category","embeddable":true,"href":"https:\/\/www.europesays.com\/de\/wp-json\/wp\/v2\/categories?post=1090299"},{"taxonomy":"post_tag","embeddable":true,"href":"https:\/\/www.europesays.com\/de\/wp-json\/wp\/v2\/tags?post=1090299"}],"curies":[{"name":"wp","href":"https:\/\/api.w.org\/{rel}","templated":true}]}}