{"id":1090328,"date":"2026-06-13T01:45:17","date_gmt":"2026-06-13T01:45:17","guid":{"rendered":"https:\/\/www.europesays.com\/de\/1090328\/"},"modified":"2026-06-13T01:45:17","modified_gmt":"2026-06-13T01:45:17","slug":"mit-dem-neuen-gemeinsamen-europaeischen-asylsystem-entfernt-sich-die-europaeische","status":"publish","type":"post","link":"https:\/\/www.europesays.com\/de\/1090328\/","title":{"rendered":"Mit dem neuen Gemeinsamen Europ\u00e4ischen Asylsystem entfernt sich die Europ\u00e4ische &#8230;"},"content":{"rendered":"<p class=\"date\">12.06.2026 \u2013 15:42<\/p>\n<p class=\"customer\">\n                        <a class=\"story-customer\" title=\"weiter zum newsroom von Frankfurter Rundschau\" href=\"https:\/\/www.presseportal.de\/nr\/10349\" rel=\"nofollow noopener\" target=\"_blank\">Frankfurter Rundschau<\/a>\n                    <\/p>\n<p><a data-category=\"citylink-story-view\" data-action=\"click\" data-label=\"Citylink in Meldungsansicht\" class=\"story-city event-trigger\" href=\"https:\/\/www.presseportal.de\/regional\/Frankfurt\" title=\"News aus Frankfurt \" rel=\"nofollow noopener\" target=\"_blank\">Frankfurt<\/a> (ots)<\/p>\n<p>Europa schottet sich weiter ab und schr\u00e4nkt die Rechte Gefl\u00fcchteter massiv ein. Daf\u00fcr steht das Gemeinsame Europ\u00e4ische Asylsystem (Geas), das am Freitag in Kraft trat. Doch bei aller berechtigten Kritik muss auch eines anerkannt werden: Es steckt ein richtiger Gedanke hinter Geas. N\u00e4mlich mehr Europa in der Fl\u00fcchtlingspolitik.<\/p>\n<p>Migration ist ein globales Thema, das auf Dauer nicht von einzelnen Staaten bew\u00e4ltigt werden kann, sondern nur von einer geschlossen agierenden Europ\u00e4ischen Union. Das war die Erkenntnis, die die Staats- und Regierungschefs veranlasste, 1999 im finnischen Tampere das Ziel einer gemeinsamen Asyl- und Einwanderungspolitik zu vereinbaren.<\/p>\n<p>(&#8230;.)<\/p>\n<p>Heute kann von mehr Europa keine Rede mehr sein. Der Regierungswechsel in Budapest vom rechten Autokraten Viktor Orb\u00e1n zum liberalen Europafreund P\u00e9ter Magyar \u00e4ndert nichts daran, dass Ungarn von gemeinsamer Asylpolitik nichts wissen will. Andere L\u00e4nder d\u00fcrften folgen.<\/p>\n<p>Von einer Politik, die effektive Verfahren und den Schutz der Menschenrechte in Einklang bringt, ist die EU 27 Jahre nach Tampere weit entfernt. Dabei w\u00fcrde sie in einer Zeit, da so viele Menschen wie nie aus ihrer Heimat fl\u00fcchten m\u00fcssen, dringend ben\u00f6tigt.<\/p>\n<p class=\"contact-headline\">Pressekontakt:<\/p>\n<p class=\"contact-text\">Frankfurter Rundschau<br \/>Ressort Politik<br \/>Telefon: 069\/2199-3222<\/p>\n<p class=\"originator\">Original-Content von: Frankfurter Rundschau, \u00fcbermittelt durch news aktuell<\/p>\n","protected":false},"excerpt":{"rendered":"12.06.2026 \u2013 15:42 Frankfurter Rundschau Frankfurt (ots) Europa schottet sich weiter ab und schr\u00e4nkt die Rechte Gefl\u00fcchteter massiv&hellip;\n","protected":false},"author":2,"featured_media":428773,"comment_status":"","ping_status":"","sticky":false,"template":"","format":"standard","meta":{"footnotes":"","_share_on_mastodon":"0"},"categories":[1829],"tags":[29,2050,2051,30,2052,16,178,180,179,181,21905],"class_list":["post-1090328","post","type-post","status-publish","format-standard","has-post-thumbnail","category-frankfurt-am-main","tag-deutschland","tag-frankfurt","tag-frankfurt-am-main","tag-germany","tag-hessen","tag-politik","tag-presse","tag-pressemeldung","tag-pressemitteilung","tag-pressemitteilungen","tag-presseschau"],"share_on_mastodon":{"url":"https:\/\/pubeurope.com\/@de\/116740274858024623","error":""},"_links":{"self":[{"href":"https:\/\/www.europesays.com\/de\/wp-json\/wp\/v2\/posts\/1090328","targetHints":{"allow":["GET"]}}],"collection":[{"href":"https:\/\/www.europesays.com\/de\/wp-json\/wp\/v2\/posts"}],"about":[{"href":"https:\/\/www.europesays.com\/de\/wp-json\/wp\/v2\/types\/post"}],"author":[{"embeddable":true,"href":"https:\/\/www.europesays.com\/de\/wp-json\/wp\/v2\/users\/2"}],"replies":[{"embeddable":true,"href":"https:\/\/www.europesays.com\/de\/wp-json\/wp\/v2\/comments?post=1090328"}],"version-history":[{"count":0,"href":"https:\/\/www.europesays.com\/de\/wp-json\/wp\/v2\/posts\/1090328\/revisions"}],"wp:featuredmedia":[{"embeddable":true,"href":"https:\/\/www.europesays.com\/de\/wp-json\/wp\/v2\/media\/428773"}],"wp:attachment":[{"href":"https:\/\/www.europesays.com\/de\/wp-json\/wp\/v2\/media?parent=1090328"}],"wp:term":[{"taxonomy":"category","embeddable":true,"href":"https:\/\/www.europesays.com\/de\/wp-json\/wp\/v2\/categories?post=1090328"},{"taxonomy":"post_tag","embeddable":true,"href":"https:\/\/www.europesays.com\/de\/wp-json\/wp\/v2\/tags?post=1090328"}],"curies":[{"name":"wp","href":"https:\/\/api.w.org\/{rel}","templated":true}]}}