{"id":1090359,"date":"2026-06-13T02:06:22","date_gmt":"2026-06-13T02:06:22","guid":{"rendered":"https:\/\/www.europesays.com\/de\/1090359\/"},"modified":"2026-06-13T02:06:22","modified_gmt":"2026-06-13T02:06:22","slug":"fc-bayern-lennart-karl-ueberrascht-nach-wm-aus-mit-auftritt-in-muenchen","status":"publish","type":"post","link":"https:\/\/www.europesays.com\/de\/1090359\/","title":{"rendered":"FC Bayern: Lennart Karl \u00fcberrascht nach WM-Aus mit Auftritt in M\u00fcnchen"},"content":{"rendered":"<p>Nach geplatztem WM-Traum <\/p>\n<p>Bayern-Star \u00fcberrascht bei Meisterfinale der Basketballer<\/p>\n<ul class=\"grid grid-flow-col gap-4\" aria-label=\"Autorenbilder\">\n<li class=\"leading-0\"><img data-tb-author-image=\"\"  loading=\"lazy\" src=\"https:\/\/www.europesays.com\/de\/wp-content\/uploads\/2026\/06\/1781316379_17_image.jpg\" alt=\"\" title=\"\" width=\"40\" height=\"40\" class=\"\" decoding=\"async\"\/><\/li>\n<\/ul>\n<p>Aktualisiert am 13.06.2026 &#8211; 00:22 UhrLesedauer: 2 Min.<\/p>\n<p><a href=\"#focus-0\" class=\"transition-colors block text-current relative\" data-sctrack=\"FocusGalleryImage.Reference\"><img fetchpriority=\"high\" data-testid=\"Opener.Image\"   loading=\"eager\" src=\"https:\/\/www.europesays.com\/de\/wp-content\/uploads\/2026\/06\/lennart-karl-bayern-muenchen-mit-freundin-zoe-kaeppele-basketball-bbl-saison-2025-2026-play-off-fina.jpeg\" alt=\"imago images 1078434864\" title=\"imago images 1078434864\" width=\"4000\" height=\"2250\" class=\"bg-[url:var(--lqipURL)] bg-cover bg-center flex h-full w-full max-w-full\" style=\"--lqipURL:url('https:\/\/images.t-online.de\/2026\/06\/TCuuukmzJtFp\/378x203:4000x2250\/fit-in\/150x0\/filters:blur(25)\/lennart-karl-bayern-muenchen-mit-freundin-zoe-kaeppele-basketball-bbl-saison-2025-2026-play-off-finale-spiel-1-fc-bayern-muenchen-alba-berlin-am-12-062026-s-a-p-g-a-r-d-en-a-lennart-karl-bayern-muenchen-with-girlfriend-zoe-kaeppele-basketball-bbl-saison-2025-2026-play-off-finale-spiel-1-fc-bayern-muenchen-alba-berlin-am-12-06-2026-s-a-p-g-a-r-d-en-a.jpg')\" decoding=\"async\"\/><img loading=\"lazy\" src=\"https:\/\/www.t-online.de\/s\/paper\/_next\/static\/media\/zoom-in.f7dae02f.svg\" alt=\"Vergr\u00f6\u00dfern des Bildes\" title=\"Vergr\u00f6\u00dfern des Bildes\" class=\"block h-[calc(var(--height)_\/_16_*_1rem)] w-[calc(var(--width)_\/_16_*_1rem)] max-w-none absolute right-8 bottom-8 rounded-4 bg-snow p-8\" style=\"--width:32;--height:32\" decoding=\"async\"\/><\/a><\/p>\n<p>Lennart Karl: Der Bayern-Star musste verletzt von der Nationalmannschaft abreisen und zeigte sich in M\u00fcnchen gemeinsam mit seiner Freundin Zoe K\u00e4ppele in M\u00fcnchen. (Quelle: IMAGO\/Frank Hoermann \/ SVEN SIMON\/imago)<\/p>\n<p><img loading=\"lazy\" src=\"https:\/\/www.t-online.de\/s\/paper\/_next\/static\/media\/audio-volume.6689034c.svg\" alt=\"\" title=\"\" class=\"block h-[calc(var(--height)_\/_16_*_1rem)] w-[calc(var(--width)_\/_16_*_1rem)] max-w-none group-hover:brightness-0 group-hover:invert\" style=\"--width:16;--height:16\" decoding=\"async\"\/>Vorlesen<\/p>\n<p>Aktuelle Zeit:0:00Gesamtdauer:0:00<\/p>\n<p>1x<\/p>\n<p class=\"text-center\">Jetzt neu bei t-online:<\/p>\n<p class=\"text-center\">Schriftgr\u00f6\u00dfe anpassen!<\/p>\n<p><img loading=\"lazy\" src=\"https:\/\/www.t-online.de\/s\/paper\/_next\/static\/media\/font-sizes.32942e33.svg\" alt=\"\" title=\"\" class=\"block h-[calc(var(--height)_\/_16_*_1rem)] w-[calc(var(--width)_\/_16_*_1rem)] max-w-none group-hover:hidden group-aria-expanded:hidden\" style=\"--width:16;--height:16\" decoding=\"async\"\/><img loading=\"lazy\" src=\"https:\/\/www.t-online.de\/s\/paper\/_next\/static\/media\/font-sizes-dark-mode.e382645c.svg\" alt=\"\" title=\"\" class=\"block h-[calc(var(--height)_\/_16_*_1rem)] w-[calc(var(--width)_\/_16_*_1rem)] max-w-none hidden group-hover:block group-aria-expanded:block\" style=\"--width:16;--height:16\" decoding=\"async\"\/><img loading=\"lazy\" src=\"https:\/\/www.t-online.de\/s\/paper\/_next\/static\/media\/sharing-menu-icon.1eb71368.svg\" alt=\"\" title=\"\" class=\"block h-[calc(var(--height)_\/_16_*_1rem)] w-[calc(var(--width)_\/_16_*_1rem)] max-w-none group-hover:brightness-0 group-hover:invert\" style=\"--width:16;--height:16\" decoding=\"async\"\/>Artikel teilen<\/p>\n<p class=\"font-bold text-18 leading-17 user-text-lg:text-22 user-text-xl:text-24\">Vor knapp einer Woche platzte der WM-Traum f\u00fcr Lennart Karl mit einem Muskelb\u00fcndelriss. Nun tauchte der Bayern-Star \u00fcberraschend wieder in M\u00fcnchen auf.<\/p>\n<p class=\"text-18 leading-17 user-text-lg:text-22 user-text-xl:text-24\"><a class=\"transition-colors cursor-pointer text-inherit no-underline text-salemsfur md:hover:text-magenta md:hover:border-magenta md:focus:text-magenta border-current border-b border-solid break-words\" data-tracking=\"{&quot;action&quot;:&quot;click&quot;,&quot;category&quot;:&quot;intextLink&quot;,&quot;label&quot;:&quot;\/themen\/lennart-karl\/&quot;}\" href=\"https:\/\/www.t-online.de\/themen\/lennart-karl\/\" data-sctrack=\"BodyAnchor\" rel=\"nofollow noopener\" target=\"_blank\">Lennart Karl<\/a> hat sich am Freitagabend \u00fcberraschend beim ersten Finalspiel der Basketballer des FC Bayern um die deutsche Meisterschaft gezeigt. Der Jungstar der Fu\u00dfballer des FC Bayern und der deutschen Nationalmannschaft schaute sich das erste Playoffduell des FCBB mit Erzrivale Alba Berlin gemeinsam mit seiner Freundin Zoe K\u00e4ppele an. Das Paar verfolgte den 102:94-Sieg der Bayern \u2013 genau wie Bayern-Pr\u00e4sident Herbert Hainer, Klubpatron Uli Hoene\u00df und Ex-Sportvorstand <a class=\"transition-colors cursor-pointer text-inherit no-underline text-salemsfur md:hover:text-magenta md:hover:border-magenta md:focus:text-magenta border-current border-b border-solid break-words\" data-tracking=\"{&quot;action&quot;:&quot;click&quot;,&quot;category&quot;:&quot;intextLink&quot;,&quot;label&quot;:&quot;\/themen\/matthias-sammer\/&quot;}\" href=\"https:\/\/www.t-online.de\/themen\/matthias-sammer\/\" data-sctrack=\"BodyAnchor\" rel=\"nofollow noopener\" target=\"_blank\">Matthias Sammer<\/a> \u2013 direkt am Spielfeldrand im VIP-Block.<\/p>\n<p>Im Video | Das ist der ber\u00fchmte Ex von Lennart Karls Freundin<\/p>\n<p><img loading=\"lazy\" src=\"https:\/\/www.t-online.de\/s\/paper\/_next\/static\/media\/loading-indicator-magenta.1f35d8de.svg\" alt=\"Video l\u00e4dt\" title=\"Video l\u00e4dt\" class=\"block h-[calc(var(--height)_\/_16_*_1rem)] w-[calc(var(--width)_\/_16_*_1rem)] max-w-none undefined\" style=\"--width:32;--height:32\" decoding=\"async\"\/>Player wird geladen<\/p>\n<p class=\"text-18 leading-17 user-text-lg:text-22 user-text-xl:text-24\">Vor knapp einer Woche war Karls gro\u00dfer WM-Traum auf ganz bittere Art und Weise geplatzt. Nachdem er im Abschlusstraining vor dem letzten Testspiel gegen die USA (2:1) einen Muskelb\u00fcndelriss erlitt, musste er aus dem Lager der deutschen Nationalelf in Chicago vorzeitig zur\u00fcck nach M\u00fcnchen reisen. Dort suchte er im <a class=\"transition-colors cursor-pointer text-inherit no-underline text-salemsfur md:hover:text-magenta md:hover:border-magenta md:focus:text-magenta border-current border-b border-solid break-words\" data-tracking=\"{&quot;action&quot;:&quot;click&quot;,&quot;category&quot;:&quot;intextLink&quot;,&quot;label&quot;:&quot;\/themen\/sap\/&quot;}\" href=\"https:\/\/www.t-online.de\/themen\/sap\/\" data-sctrack=\"BodyAnchor\" rel=\"nofollow noopener\" target=\"_blank\">SAP<\/a> Garden nun etwas Ablenkung.<\/p>\n<p>Karl gibt Update zu seiner Verletzung<\/p>\n<p class=\"text-18 leading-17 user-text-lg:text-22 user-text-xl:text-24\">In der ersten Viertelpause \u00e4u\u00dferte sich der 18-J\u00e4hrige auch kurz zu seiner Verletzung. &#8222;Ich habe schon noch Schmerzen, aber da muss ich jetzt durch. Ich werde noch st\u00e4rker zur\u00fcckkommen&#8220;, sagte Karl. Als kleines Trostpflaster bekam er vom Hallensprecher ein Trikot von den Bayern-Basketballern mit seinem Namen darauf \u00fcberreicht.<\/p>\n<p><a href=\"#focus-1\" class=\"transition-colors block text-current relative\" data-sctrack=\"FocusGalleryImage.Reference\"><img   loading=\"lazy\" src=\"https:\/\/www.europesays.com\/de\/wp-content\/uploads\/2026\/06\/lennart-karl-bayern-muenchen-bekommt-ein-basketball-trikot-basketball-bbl-saison-2025-2026-play-off-.jpeg\" alt=\"imago images 1078435327\" title=\"imago images 1078435327\" width=\"4000\" height=\"2250\" class=\"h-full w-full max-w-full rounded-8\" decoding=\"async\"\/><img loading=\"lazy\" src=\"https:\/\/www.t-online.de\/s\/paper\/_next\/static\/media\/zoom-in.f7dae02f.svg\" alt=\"Vergr\u00f6\u00dfern des Bildes\" title=\"Vergr\u00f6\u00dfern des Bildes\" class=\"block h-[calc(var(--height)_\/_16_*_1rem)] w-[calc(var(--width)_\/_16_*_1rem)] max-w-none absolute right-8 bottom-8 rounded-4 bg-snow p-8\" style=\"--width:32;--height:32\" decoding=\"async\"\/>Lennart Karl: Der Bayern-Star musste verletzt von der Nationalmannschaft abreisen und zeigte sich in M\u00fcnchen gemeinsam mit seiner Freundin Zoe K\u00e4ppele in M\u00fcnchen. (Quelle: IMAGO\/Frank Hoermann \/ SVEN SIMON\/imago)<\/a><\/p>\n<p class=\"text-18 leading-17 user-text-lg:text-22 user-text-xl:text-24\">Er sei zur Erstbehandlung nach M\u00fcnchen zur\u00fcckgekommen und habe danach jetzt erstmal Urlaub bekommen, verriet Karl. In diesen ersten Tagen k\u00f6nne er in der Reha schlie\u00dflich ohnehin nicht viel machen, au\u00dfer der Verletzung Zeit geben, um zu heilen. Erst danach beginnt dann irgendwann wieder die Aufbauphase.<\/p>\n<p class=\"text-18 leading-17 user-text-lg:text-22 user-text-xl:text-24\">So wird Karl auch am Sonntag (19 Uhr im <a class=\"transition-colors cursor-pointer text-inherit no-underline text-salemsfur md:hover:text-magenta md:hover:border-magenta md:focus:text-magenta border-current border-b border-solid break-words\" data-tracking=\"{&quot;action&quot;:&quot;click&quot;,&quot;category&quot;:&quot;intextLink&quot;,&quot;label&quot;:&quot;\/sport\/live-ticker\/heute\/&quot;}\" href=\"https:\/\/www.t-online.de\/sport\/live-ticker\/heute\/\" data-sctrack=\"BodyAnchor\" rel=\"nofollow noopener\" target=\"_blank\">Liveticker<\/a> bei t-online) beim Auftaktspiel der deutschen Nationalelf nur die Zuschauerrolle bleiben. Dass er trotzdem schon wieder lachen kann und zuversichtlich in die Zukunft blickt, das zeigte er schon am Freitagabend bei seinem Besuch bei den Bayern-Basketballern, die der \u00fcberragende Andi Obst mit 33 Punkten zum Sieg f\u00fchrte. Dem FCBB fehlen in der Best-of-five-Serie nun noch zwei weitere, um die Saison mit dem Meistertitel abzuschlie\u00dfen. Spiel zwei findet schon am Sonntag (15.30 Uhr) erneut in M\u00fcnchen statt.<\/p>\n","protected":false},"excerpt":{"rendered":"Nach geplatztem WM-Traum Bayern-Star \u00fcberrascht bei Meisterfinale der Basketballer Aktualisiert am 13.06.2026 &#8211; 00:22 UhrLesedauer: 2 Min. Lennart&hellip;\n","protected":false},"author":2,"featured_media":1090360,"comment_status":"","ping_status":"","sticky":false,"template":"","format":"standard","meta":{"footnotes":"","_share_on_mastodon":"0"},"categories":[136],"tags":[2471,772,29,458,30,34756,64373,57302,231446,1268,231448,265,2182,231447],"class_list":["post-1090359","post","type-post","status-publish","format-standard","has-post-thumbnail","category-sport","tag-alba-berlin","tag-bayern","tag-deutschland","tag-fc-bayern-muenchen","tag-germany","tag-herbert-hainer","tag-lennart-karl","tag-matthias-sammer","tag-meisterfinale","tag-muenchen","tag-muskelbuendelriss","tag-sport","tag-uli-hoeness","tag-zoe-kaeppele"],"share_on_mastodon":{"url":"https:\/\/pubeurope.com\/@de\/116740358994553405","error":""},"_links":{"self":[{"href":"https:\/\/www.europesays.com\/de\/wp-json\/wp\/v2\/posts\/1090359","targetHints":{"allow":["GET"]}}],"collection":[{"href":"https:\/\/www.europesays.com\/de\/wp-json\/wp\/v2\/posts"}],"about":[{"href":"https:\/\/www.europesays.com\/de\/wp-json\/wp\/v2\/types\/post"}],"author":[{"embeddable":true,"href":"https:\/\/www.europesays.com\/de\/wp-json\/wp\/v2\/users\/2"}],"replies":[{"embeddable":true,"href":"https:\/\/www.europesays.com\/de\/wp-json\/wp\/v2\/comments?post=1090359"}],"version-history":[{"count":0,"href":"https:\/\/www.europesays.com\/de\/wp-json\/wp\/v2\/posts\/1090359\/revisions"}],"wp:featuredmedia":[{"embeddable":true,"href":"https:\/\/www.europesays.com\/de\/wp-json\/wp\/v2\/media\/1090360"}],"wp:attachment":[{"href":"https:\/\/www.europesays.com\/de\/wp-json\/wp\/v2\/media?parent=1090359"}],"wp:term":[{"taxonomy":"category","embeddable":true,"href":"https:\/\/www.europesays.com\/de\/wp-json\/wp\/v2\/categories?post=1090359"},{"taxonomy":"post_tag","embeddable":true,"href":"https:\/\/www.europesays.com\/de\/wp-json\/wp\/v2\/tags?post=1090359"}],"curies":[{"name":"wp","href":"https:\/\/api.w.org\/{rel}","templated":true}]}}