{"id":1090543,"date":"2026-06-13T03:58:12","date_gmt":"2026-06-13T03:58:12","guid":{"rendered":"https:\/\/www.europesays.com\/de\/1090543\/"},"modified":"2026-06-13T03:58:12","modified_gmt":"2026-06-13T03:58:12","slug":"untersuchungshaft-fuer-wiederholungstaeter-nw-de","status":"publish","type":"post","link":"https:\/\/www.europesays.com\/de\/1090543\/","title":{"rendered":"Untersuchungshaft f\u00fcr Wiederholungst\u00e4ter | nw.de"},"content":{"rendered":"<p id=\"absatz1\" class=\"em_text\">Bielefeld (ots) &#8211; <br \/>FR \/ Bielefeld \/ Mitte &#8211; Am Mittwoch, 10.06.2026, stahl ein Ladendieb mutma\u00dflich in mehreren Gesch\u00e4ften in der Innenstadt. Der Dieb wurde gefasst und ging in Haft.<\/p>\n<p id=\"absatz2\" class=\"em_text\">Gegen 18:00 Uhr wurde die Polizei dar\u00fcber informiert, dass ein aggressiver 47-j\u00e4hriger Mann ohne festen Wohnsitz beim Ladendiebstahl erwischt wurde. In seinen Taschen fanden sich diverse Paare Socken und drei Flakons Parfum. Mitarbeiter des Gesch\u00e4fts an der Bahnhofstra\u00dfe, in H\u00f6he der Arndstra\u00dfe, hatten den polizeibekannten und drogenabh\u00e4ngigen Mann festgehalten, nachdem er mit seiner Beute den Laden verlassen hatte.<\/p>\n<p id=\"absatz4\" class=\"em_text\">Bei seiner Durchsuchung stellten die Polizisten weiteres Diebesgut aus mehreren Bielefelder Gesch\u00e4ften sicher und nahmen ihn vorl\u00e4ufig fest. Vier sichergestellte Baseballkappen konnten einem Sportgesch\u00e4ft zugeordnet werden.<\/p>\n<p id=\"absatz5\" class=\"em_text\">Zu zwei sichergestellten Paketen Kaffeebohnen und 18 Dosen Energydrink konnte bislang kein gesch\u00e4digtes Gesch\u00e4ft ermittelt werden.<\/p>\n<p id=\"absatz6\" class=\"em_text\">Der 47-J\u00e4hrige steht zudem im Verdacht, bereits vier Tage zuvor, in dem Gesch\u00e4ft in dem er nun erwischt wurde, Parf\u00fcm und Bekleidung gestohlen zu haben.<\/p>\n<p id=\"absatz7\" class=\"em_text\">In R\u00fccksprache mit der Staatsanwaltschaft wurde die Untersuchungshaft f\u00fcr den Dieb beantragt. Ein Haftrichter erlie\u00df am Donnerstag antragsgem\u00e4\u00df den Untersuchungshaftbefehl, da von einer gewerbsm\u00e4\u00dfigen Tatausf\u00fchrung des 47-J\u00e4hrigen mit britischer Staatsangeh\u00f6rigkeit ausgegangen wird.<\/p>\n<p id=\"absatz8\" class=\"em_text\">Quelle: <a href=\"https:\/\/www.presseportal.de\/blaulicht\/pm\/12522\/6293219\" rel=\"nofollow noopener\" target=\"_blank\">https:\/\/www.presseportal.de\/blaulicht\/pm\/12522\/6293219<\/a> <\/p>\n","protected":false},"excerpt":{"rendered":"Bielefeld (ots) &#8211; FR \/ Bielefeld \/ Mitte &#8211; Am Mittwoch, 10.06.2026, stahl ein Ladendieb mutma\u00dflich in mehreren&hellip;\n","protected":false},"author":2,"featured_media":215667,"comment_status":"","ping_status":"","sticky":false,"template":"","format":"standard","meta":{"footnotes":"","_share_on_mastodon":"0"},"categories":[1841],"tags":[13299,1605,214718,3364,29,30,1584,1209,176,121,20035,4853],"class_list":["post-1090543","post","type-post","status-publish","format-standard","has-post-thumbnail","category-bielefeld","tag-bahnhofstrasse","tag-bielefeld","tag-bielefeld-mitte","tag-de","tag-deutschland","tag-germany","tag-kriminalitaet","tag-nordrhein-westfalen","tag-nrw","tag-polizei","tag-serie_polizeibericht","tag-untersuchungshaft"],"share_on_mastodon":{"url":"","error":""},"_links":{"self":[{"href":"https:\/\/www.europesays.com\/de\/wp-json\/wp\/v2\/posts\/1090543","targetHints":{"allow":["GET"]}}],"collection":[{"href":"https:\/\/www.europesays.com\/de\/wp-json\/wp\/v2\/posts"}],"about":[{"href":"https:\/\/www.europesays.com\/de\/wp-json\/wp\/v2\/types\/post"}],"author":[{"embeddable":true,"href":"https:\/\/www.europesays.com\/de\/wp-json\/wp\/v2\/users\/2"}],"replies":[{"embeddable":true,"href":"https:\/\/www.europesays.com\/de\/wp-json\/wp\/v2\/comments?post=1090543"}],"version-history":[{"count":0,"href":"https:\/\/www.europesays.com\/de\/wp-json\/wp\/v2\/posts\/1090543\/revisions"}],"wp:featuredmedia":[{"embeddable":true,"href":"https:\/\/www.europesays.com\/de\/wp-json\/wp\/v2\/media\/215667"}],"wp:attachment":[{"href":"https:\/\/www.europesays.com\/de\/wp-json\/wp\/v2\/media?parent=1090543"}],"wp:term":[{"taxonomy":"category","embeddable":true,"href":"https:\/\/www.europesays.com\/de\/wp-json\/wp\/v2\/categories?post=1090543"},{"taxonomy":"post_tag","embeddable":true,"href":"https:\/\/www.europesays.com\/de\/wp-json\/wp\/v2\/tags?post=1090543"}],"curies":[{"name":"wp","href":"https:\/\/api.w.org\/{rel}","templated":true}]}}