{"id":1090568,"date":"2026-06-13T04:16:15","date_gmt":"2026-06-13T04:16:15","guid":{"rendered":"https:\/\/www.europesays.com\/de\/1090568\/"},"modified":"2026-06-13T04:16:15","modified_gmt":"2026-06-13T04:16:15","slug":"vor-duell-am-sonntag-curacao-droht-deutschland-sport","status":"publish","type":"post","link":"https:\/\/www.europesays.com\/de\/1090568\/","title":{"rendered":"Vor Duell am Sonntag: Cura\u00e7ao droht Deutschland! | Sport"},"content":{"rendered":"<p><a class=\"skip-content skip-content--link\" href=\"#in-content-skip-link-target-v-0-0\">TTS-Player \u00fcberspringen\u21b5<\/a><a id=\"in-content-skip-link-target-v-0-0\" class=\"skip-content--target-link-hidden skip-content skip-content--target-link\" href=\"#in-content-skip-link-target-v-0-0\">Artikel weiterlesen<\/a><\/p>\n<p data-21134c99=\"0-2543\"><b>Sonntag ist der gr\u00f6\u00dfte Tag f\u00fcr das kleinste Teilnehmerland aller Zeiten: Cura\u00e7ao feiert gegen Deutschland seine <\/b><a href=\"https:\/\/www.bild.de\/sport\/fussball\/fifa-wm-2026-QNToDBgFYEJ5vy2KN6mE\" class=\"text-link\" rel=\"nofollow noopener\" target=\"_blank\"><b>WM<\/b><\/a><b>-Premiere. Knapp 160.000 Einwohner hat der nur 444 km\u00b2 gro\u00dfe Inselstaat aus der Karibik (halb so gro\u00df wie Berlin) \u2013 und kesse Kicker.<\/b><\/p>\n<p>Mehr zum Thema<\/p>\n<p data-21134c99=\"0-2543\">Torh\u00fcter Eloy Room (37) gibt gegen\u00fcber BILD zu: \u201eF\u00fcr <a href=\"https:\/\/www.bild.de\/sport\/fussball\/wm-2026-die-geheimnisse-unseres-camps-so-exklusiv-wohnt-manuel-neuer-6a2b2e527e682fc37fbf6661\" class=\"text-link\" rel=\"nofollow noopener\" target=\"_blank\">Deutschland<\/a> ist es ein Spiel gegen die Niederlande II, weil unsere Spieler fast alle dort geboren wurden. Das sorgt f\u00fcr eine besondere Rivalit\u00e4t und Brisanz \u2013 und motiviert uns zus\u00e4tzlich.\u201c<\/p>\n<p data-21134c99=\"0-2543\">Achtung, Deutschland! Holland tarnt sich als Cura\u00e7ao! Im 26er-Kader gibt es nur einen Spieler, der in Cura\u00e7ao geboren wurde: Ex-Werder-Profi Tahith Chong (26). Sonst alle in unserem Nachbarland.<\/p>\n<p>Vor Duell am Sonntag: Cura\u00e7ao droht Deutschland!<\/p>\n<p data-21134c99=\"0-2543\">Als Abwehrspieler Roshon van Eijma (27) von BILD nach seinem Tipp gefragt wird, sagt er: \u201e2:0 f\u00fcr Cura\u00e7ao.\u201c Mitspieler Juri\u00ebn Gaari (32) k\u00fcndigt an: \u201eWir sind wie L\u00f6wen auf dem Platz, um mit den Gegnern zu k\u00e4mpfen.\u201c<\/p>\n<p data-21134c99=\"0-2543\">Trainer Dick Advocaat (78) f\u00fchrte die ehemalige niederl\u00e4ndische Kolonie sensationell zur WM. Zuvor war er u.\u00a0a. dreimal Bondscoach, erreichte mit den Niederlanden bei der WM 1994 in den USA das Viertelfinale, und schied gegen den sp\u00e4teren Weltmeister Brasilien aus. Advocaat war u.\u00a0a. ebenfalls Trainer in Gladbach.<\/p>\n<p data-21134c99=\"0-2543\">Advocaat startete die Mission WM 2026 f\u00fcr Cura\u00e7ao nat\u00fcrlich in Holland. Im feinen Seebad Noordwijk bezog der <a href=\"https:\/\/www.bild.de\/sport\/fussball\/wm-2026-bei-curacao-droht-zoff-um-trikot-von-antonio-ruediger-6a2ad78d6bb5c7fe2e1c2280\" class=\"text-link\" rel=\"nofollow noopener\" target=\"_blank\">WM<\/a>-Neuling Ende Mai sein erstes Trainingslager. \u201eDass es gleich zu Beginn gegen Deutschland geht, ist doch fantastisch. Da wissen wir sofort, wo wir stehen. Wir wollen in die n\u00e4chste Runde. Eine \u00dcberraschung ist immer m\u00f6glich. Und eine \u00dcberraschung kann schon reichen, um weiterzukommen\u201c, sagt Advocaat. \u201eWir sind nicht chancenlos. Es steckt sehr viel Ehrgeiz in dem Team. Und wenn du den hast, kannst du auch einiges erreichen.\u201c<\/p>\n<p>Mega-Show vor USA-Kracher: Katy Perry im Lametta-Hoola-Hoop<a class=\"anchor video-teaser__anchor\" href=\"https:\/\/www.bild.de\/sport\/fussball\/mega-show-vor-usa-kracher-katy-perry-performt-im-lametta-hoola-hoop-6a2cac7d6bb5c7fe2e1c4385\" rel=\"nofollow noopener\" target=\"_blank\"><img decoding=\"async\" width=\"992\" height=\"558\" alt=\"\" src=\"https:\/\/www.europesays.com\/de\/wp-content\/uploads\/2026\/06\/5295a945de5ddd033b7d8f4b17b9e2ec,2b8bfb41.jpeg\"   class=\"landscape teaser__image\" loading=\"lazy\"\/><\/a><\/p>\n<p>Quelle: Magenta Sport13.06.2026<\/p>\n<p data-21134c99=\"0-2543\">Advocaat ist ein Disziplin-Fanatiker. \u201eEs gibt bei uns klare Regeln, vor allem P\u00fcnktlichkeit ist ihm sehr wichtig\u201c, sagt Gaari. Deshalb wird der Trainer \u201ekleiner General\u201c genannt. Die Spieler folgen ihm. Weil der Niederl\u00e4nder mit ihnen Erfolg hat \u2013 und am Ende seiner Karriere etwas lockerer geworden ist. Beispiele: Er erlaubt, dass bei Trainingseinheiten und im Mannschaftsbus karibische Musik l\u00e4uft. Das Team hat sich eine gro\u00dfe schwarze Musikbox angeschafft. Nach der gegl\u00fcckten WM-Generalprobe gegen Aruba (4:0) lie\u00df sich Advocaat zusammen mit seinen Spielern auf einer B\u00fchne von den Fans feiern.<\/p>\n<p data-21134c99=\"0-2543\">Advocaat und seine Holl\u00e4nder, getarnt als Cura\u00e7ao. Werden sie am Sonntag f\u00fcr uns gef\u00e4hrlicher, als viele ahnen?<\/p>\n","protected":false},"excerpt":{"rendered":"TTS-Player \u00fcberspringen\u21b5Artikel weiterlesen Sonntag ist der gr\u00f6\u00dfte Tag f\u00fcr das kleinste Teilnehmerland aller Zeiten: Cura\u00e7ao feiert gegen Deutschland&hellip;\n","protected":false},"author":2,"featured_media":1090569,"comment_status":"","ping_status":"","sticky":false,"template":"","format":"standard","meta":{"footnotes":"","_share_on_mastodon":"0"},"categories":[2],"tags":[331,3924,332,3922,33895,3364,1260,29,123214,347,38029,30,13,14,3923,230822,15,3921,12],"class_list":["post-1090568","post","type-post","status-publish","format-standard","has-post-thumbnail","category-deutschland","tag-aktuelle-nachrichten","tag-aktuelle-nachrichten-aus-deutschland","tag-aktuelle-news","tag-aktuelle-news-aus-deutschland","tag-curacao","tag-de","tag-deutsche-nationalmannschaft","tag-deutschland","tag-dick-advocaat","tag-fussball","tag-fussball-wm-2026","tag-germany","tag-headlines","tag-nachrichten","tag-nachrichten-aus-deutschland","tag-nationalmannschaft-curacao","tag-news","tag-news-aus-deutschland","tag-schlagzeilen"],"share_on_mastodon":{"url":"https:\/\/pubeurope.com\/@de\/116740869619386161","error":""},"_links":{"self":[{"href":"https:\/\/www.europesays.com\/de\/wp-json\/wp\/v2\/posts\/1090568","targetHints":{"allow":["GET"]}}],"collection":[{"href":"https:\/\/www.europesays.com\/de\/wp-json\/wp\/v2\/posts"}],"about":[{"href":"https:\/\/www.europesays.com\/de\/wp-json\/wp\/v2\/types\/post"}],"author":[{"embeddable":true,"href":"https:\/\/www.europesays.com\/de\/wp-json\/wp\/v2\/users\/2"}],"replies":[{"embeddable":true,"href":"https:\/\/www.europesays.com\/de\/wp-json\/wp\/v2\/comments?post=1090568"}],"version-history":[{"count":0,"href":"https:\/\/www.europesays.com\/de\/wp-json\/wp\/v2\/posts\/1090568\/revisions"}],"wp:featuredmedia":[{"embeddable":true,"href":"https:\/\/www.europesays.com\/de\/wp-json\/wp\/v2\/media\/1090569"}],"wp:attachment":[{"href":"https:\/\/www.europesays.com\/de\/wp-json\/wp\/v2\/media?parent=1090568"}],"wp:term":[{"taxonomy":"category","embeddable":true,"href":"https:\/\/www.europesays.com\/de\/wp-json\/wp\/v2\/categories?post=1090568"},{"taxonomy":"post_tag","embeddable":true,"href":"https:\/\/www.europesays.com\/de\/wp-json\/wp\/v2\/tags?post=1090568"}],"curies":[{"name":"wp","href":"https:\/\/api.w.org\/{rel}","templated":true}]}}