{"id":1090680,"date":"2026-06-13T05:25:13","date_gmt":"2026-06-13T05:25:13","guid":{"rendered":"https:\/\/www.europesays.com\/de\/1090680\/"},"modified":"2026-06-13T05:25:13","modified_gmt":"2026-06-13T05:25:13","slug":"bundesliga-maenner-des-jsv-speyer-gegen-tsv-abensberg-frauen-gegen-jc-wiesbaden-judo","status":"publish","type":"post","link":"https:\/\/www.europesays.com\/de\/1090680\/","title":{"rendered":"Bundesliga: M\u00e4nner des JSV Speyer gegen TSV Abensberg, Frauen gegen JC Wiesbaden &#8211; Judo"},"content":{"rendered":"<p class=\"rhp-dpa-teaser\"><b>Die Frauen und M\u00e4nner des JSV Speyer machen es wieder doppelt. Ein Neuzugang f\u00e4llt aus. Wiesbaden setzt auf ein \u00e4hnliches Konzept wie die Domst\u00e4dterinnen.<\/b><\/p>\n<p> Zum zweiten Mal in dieser Saison hei\u00dft es Bundesliga-Doppelkampftag im Judomaxx: Am Samstag ab 17 Uhr treffen die Frauen des <a class=\"rtr-entity\" data-rtr-entity=\"JSV Speyer\" data-rtr-id=\"221ca2e961d456c037233c4f7fc79c7e6b30a4e5\" data-rtr-score=\"146.17767023850675\" data-rtr-etype=\"organisation\" data-rtr-index=\"9\" href=\"https:\/\/www.rheinpfalz.de\/themen\/jsv-speyer\" rel=\"nofollow noopener\" target=\"_blank\">JSV Speyer<\/a> auf den <a class=\"rtr-entity\" data-rtr-entity=\"JC Wiesbaden\" data-rtr-id=\"bedc987505a089599ecb5cf01fb874b6b5a91323\" data-rtr-score=\"85.39578292430004\" data-rtr-etype=\"organisation\" data-rtr-index=\"5\" href=\"https:\/\/www.rheinpfalz.de\/themen\/jc-wiesbaden\" rel=\"nofollow noopener\" target=\"_blank\">JC Wiesbaden<\/a>, die M\u00e4nner auf den deutschen Rekordmeister, den TSV Abensberg, Das Team aus <a class=\"rtr-entity\" data-rtr-entity=\"Bayern\" data-rtr-id=\"4205911f99ae6ee47d387df9b2d77db81edea768\" data-rtr-score=\"6.88299343242309\" data-rtr-etype=\"location\" data-rtr-index=\"15\" href=\"https:\/\/www.rheinpfalz.de\/themen\/bayern\" rel=\"nofollow noopener\" target=\"_blank\">Bayern<\/a> f\u00fchrt mit drei Siegen aus drei K\u00e4mpfen aktuell die Tabelle in der Bundesliga S\u00fcd an \u2013 eine schwere Aufgabe also f\u00fcr die JSV-M\u00e4nner. <\/p>\n<p>\u201eTrotz der Favoritenrolle der G\u00e4ste sind wir zuversichtlich, dass wir f\u00fcr enge K\u00e4mpfe sorgen k\u00f6nnen\u201c, so JSV-Teamchef <a class=\"rtr-entity\" data-rtr-entity=\"Michael G\u00f6rgen-Sprau\" data-rtr-id=\"540971e0b34fb52cff8937c2245ec5857aabfa0a\" data-rtr-score=\"24.7113722779122\" data-rtr-etype=\"person\" data-rtr-index=\"0\" href=\"https:\/\/www.rheinpfalz.de\/themen\/michael-goergen-sprau\" rel=\"nofollow noopener\" target=\"_blank\">Michael G\u00f6rgen-Sprau<\/a>. Sein Team ist gut aufgestellt \u2013 nur im Schwergewicht wird sich <a class=\"rtr-entity\" data-rtr-entity=\"Speyer\" data-rtr-id=\"b5d3359e293ae19c8ddc5ef3d0d0024fca1e3177\" data-rtr-score=\"48.65537504320774\" data-rtr-etype=\"location\" data-rtr-index=\"16\" href=\"http:\/\/rheinpfalz.de\/lokal\/speyer.html\" rel=\"nofollow noopener\" target=\"_blank\">Speyer<\/a> etwas einfallen m\u00fcssen, weil der neue Schwergewichtler Shalva Gureshidze mit einer Schulterverletzung l\u00e4nger ausf\u00e4llt. <\/p>\n<p>Hoffnungsschimmer M\u00fcller<\/p>\n<p>Ebenso weiterhin fehlt  Philip M\u00fcller \u2013 sein Comeback ist aber wenigstens absehbar. Nach seiner Operation  in der vergangenen Woche plant der JSV wieder mit ihm nach  der Sommerpause. Fabian H\u00e4\u00dfner, der beim letzten Kampf in R\u00fcsselsheim trotz einer Armverletzung antrat, hat sich in der Zwischenzeit gut erholt. <\/p>\n<p>Mit Irakli Kupatadze, Tengo Zirakashvili und Dimitri Gochilaidze ist die georgische Fraktion auch ohne Gureshidze gut vertreten. Der frischgebackene Europacupsieger und Dritter der deutschen Meisterschaft, Pierre Ederer, steht  am Samstag zur Verf\u00fcgung. Die gro\u00dfe Unbekannte ist wie so oft die Aufstellung des Gegners \u2013 angesichts des bevorstehenden Grand Prix und des aktuellen internationalen Trainingslagers in Kroatien scheint es denkbar, dass auf Abensberger Seite nicht alle Top-K\u00e4mpfer zur Verf\u00fcgung stehen. JSV-Teamchef G\u00f6rgen-Sprau geht jedoch davon aus, dass der Rekordmeister mit voller Kapelle antritt. Nach einigen engen K\u00e4mpfen in den letzten Jahren wird Abensberg die Speyerer ganz sicher nicht untersch\u00e4tzen.<\/p>\n<p>Training in Porec<\/p>\n<p>Die Speyerer Frauen greifen unterdessen f\u00fcr den Heimkampf auf einen gut besetzten Kader zur\u00fcck, sodass dem Trainerinnenteam verschiedene Optionen zur Verf\u00fcgung stehen. Dabei setzt Speyer auch auf Nachwuchsathletinnen. Viele junge Talente stehen bereit und erweitern die M\u00f6glichkeiten innerhalb des Aufgebots.<\/p>\n<p> Obwohl sich derzeit einige Athleten im Trainingslager in Porec befinden und einen vollen Terminplan haben, unterst\u00fctzen sie die Mannschaft am Wochenende. Auch das zeigt noch einmal den starken Teamgeist innerhalb des Vereins. Mit dem JC Wiesbaden kommt eine den Speyererinnen gut bekannte Mannschaft. <\/p>\n<p>Auch <a class=\"rtr-entity\" data-rtr-entity=\"Wiesbaden\" data-rtr-id=\"69d5fc480fc1fc03846b046ecde7f0a239cedbcb\" data-rtr-score=\"48.33805737988248\" data-rtr-etype=\"location\" data-rtr-index=\"12\" href=\"https:\/\/www.rheinpfalz.de\/themen\/wiesbaden\" rel=\"nofollow noopener\" target=\"_blank\">Wiesbaden<\/a> setzt auf seine Talente und verf\u00fcgt \u00fcber viele junge Athleten in seinen Reihen. In den bisherigen drei K\u00e4mpfen gab es f\u00fcr das Team aus der hessischen Landeshauptstadt einen Sieg und zwei Niederlagen. Die Mannschaft des JSV m\u00f6chte an die beiden gewonnenen Begegnungen ankn\u00fcpfen und freut sich gemeinsam mit der M\u00e4nnermannschaft auf einen starken und spannenden Heimkampftag, eine gute Stimmung in der Halle und viele Fans.<\/p>\n","protected":false},"excerpt":{"rendered":"Die Frauen und M\u00e4nner des JSV Speyer machen es wieder doppelt. Ein Neuzugang f\u00e4llt aus. Wiesbaden setzt auf&hellip;\n","protected":false},"author":2,"featured_media":1090681,"comment_status":"","ping_status":"","sticky":false,"template":"","format":"standard","meta":{"footnotes":"","_share_on_mastodon":"0"},"categories":[1847],"tags":[231496,772,3364,29,548,663,3934,30,13,2052,231495,72356,4060,72361,14,15,72357,231497,12,231494,17303,130204,4544],"class_list":["post-1090680","post","type-post","status-publish","format-standard","has-post-thumbnail","category-wiesbaden","tag-abensberg","tag-bayern","tag-de","tag-deutschland","tag-eu","tag-europa","tag-europe","tag-germany","tag-headlines","tag-hessen","tag-jc-wiesbaden","tag-jsv-speyer","tag-lokal","tag-michael-goergen-sprau","tag-nachrichten","tag-news","tag-philip-mueller","tag-porec","tag-schlagzeilen","tag-shalva-gureshidze","tag-speyer","tag-tsv-abensberg","tag-wiesbaden"],"share_on_mastodon":{"url":"https:\/\/pubeurope.com\/@de\/116741139924270057","error":""},"_links":{"self":[{"href":"https:\/\/www.europesays.com\/de\/wp-json\/wp\/v2\/posts\/1090680","targetHints":{"allow":["GET"]}}],"collection":[{"href":"https:\/\/www.europesays.com\/de\/wp-json\/wp\/v2\/posts"}],"about":[{"href":"https:\/\/www.europesays.com\/de\/wp-json\/wp\/v2\/types\/post"}],"author":[{"embeddable":true,"href":"https:\/\/www.europesays.com\/de\/wp-json\/wp\/v2\/users\/2"}],"replies":[{"embeddable":true,"href":"https:\/\/www.europesays.com\/de\/wp-json\/wp\/v2\/comments?post=1090680"}],"version-history":[{"count":0,"href":"https:\/\/www.europesays.com\/de\/wp-json\/wp\/v2\/posts\/1090680\/revisions"}],"wp:featuredmedia":[{"embeddable":true,"href":"https:\/\/www.europesays.com\/de\/wp-json\/wp\/v2\/media\/1090681"}],"wp:attachment":[{"href":"https:\/\/www.europesays.com\/de\/wp-json\/wp\/v2\/media?parent=1090680"}],"wp:term":[{"taxonomy":"category","embeddable":true,"href":"https:\/\/www.europesays.com\/de\/wp-json\/wp\/v2\/categories?post=1090680"},{"taxonomy":"post_tag","embeddable":true,"href":"https:\/\/www.europesays.com\/de\/wp-json\/wp\/v2\/tags?post=1090680"}],"curies":[{"name":"wp","href":"https:\/\/api.w.org\/{rel}","templated":true}]}}