{"id":1090843,"date":"2026-06-13T07:01:12","date_gmt":"2026-06-13T07:01:12","guid":{"rendered":"https:\/\/www.europesays.com\/de\/1090843\/"},"modified":"2026-06-13T07:01:12","modified_gmt":"2026-06-13T07:01:12","slug":"was-man-vor-dem-schwebebahnlauf-am-sonntag-wissen-muss","status":"publish","type":"post","link":"https:\/\/www.europesays.com\/de\/1090843\/","title":{"rendered":"Was man vor dem Schwebebahnlauf am Sonntag wissen muss"},"content":{"rendered":"<p class=\"text_ohne_einzug richtext text-em-55 !leading-serif mx-6 desktop:mx-0\">Morgen ist es so weit: Der 14. Schwebebahn-Lauf findet im Schwebebahn-Jubil\u00e4umsjahr statt. Die WZ hat die wichtigsten Infos rund um den Lauf noch einmal zusammengefasst.<\/p>\n<p class=\"text_ohne_einzug richtext text-em-55 !leading-serif mx-6 desktop:mx-0\">Bis einschlie\u00dflich heute kann man sich noch f\u00fcr den Schwebebahnlauf anmelden. Am Veranstaltungstag geht das nicht mehr. Bis zu 10\u2005000 Menschen k\u00f6nnen mitmachen. Eine Anmeldung ist ausschlie\u00dflich online \u00fcber www.schwebebahn-lauf.de m\u00f6glich. Es muss per Lastschrift bezahlt werden. <\/p>\n<p class=\"text_ohne_einzug richtext text-em-55 !leading-serif mx-6 desktop:mx-0\">Das Laufevent startet um 9.15 Uhr mit dem Halbmarathon (21,1 Kilometer). Teilnehmen k\u00f6nnen L\u00e4uferinnen und L\u00e4ufer ab 16 Jahren. Zehn Minuten sp\u00e4ter, um 9.25 Uhr startet der Sparkassen-Lauf \u00fcber 10 Kilometer. Auch hier betr\u00e4gt das Mindestalter 16 Jahre. Um 11.30 Uhr folgt die Siegerehrung f\u00fcr die beiden ersten L\u00e4ufe. Mit dem Bambini-Lauf ab 5 Jahren (Sch\u00fcler ausgeschlossen) geht es um 12 Uhr weiter. Der Startschuss f\u00fcr den Sch\u00fcler-Lauf (Mindestalter: 6 Jahre) \u00fcber 2 oder 4 Kilometer f\u00e4llt um 12.15 Uhr. Die Siegerehrung findet im Anschluss gegen 13 Uhr statt. Um 13.45 Uhr ist es dann so weit: Es wird mit der Startaufstellung f\u00fcr den Schwebebahnlauf \u00fcber die 5 Kilometer begonnen. Ab 14.10 Uhr starten die L\u00e4ufer dann in unterschiedlichen Bl\u00f6cken. Die Startzeiten finden Teilnehmer auf der Anmeldung. Eine Neuerung in diesem Jahr: Im letzten Startblock k\u00f6nnen Eltern gemeinsam mit ihren Kindern (ab Jahrgang 2018) laufen. Auch Kinderwagen sind erlaubt. <\/p>\n<p class=\"text_ohne_einzug richtext text-em-55 !leading-serif mx-6 desktop:mx-0\">Wer seine Startnummer noch nicht zugeschickt bekommen hat, kann diese nur am heutigen Samstag von 9 bis 16 Uhr im Veranstaltungszelt Schwebebahn-Lauf am Engelsgarten abholen. <\/p>\n<p class=\"text_ohne_einzug richtext text-em-55 !leading-serif mx-6 desktop:mx-0\">F\u00fcr das Laufevent m\u00fcssen nat\u00fcrlich auch in diesem Jahr Stra\u00dfen gesperrt werden. Die Friedrich-Engels-Allee wird zwischen Alter Markt und H\u00f6he Subway voll gesperrt. Die Sperrung gilt von Samstag, 13. Juni, um circa 23.30 Uhr bis Sonntag, 14. Juni, um circa 22 Uhr. Zus\u00e4tzlich werden die Wittensteinstra\u00dfe und Winklerstra\u00dfe am Sonntag von 8 bis 19 Uhr voll gesperrt.<\/p>\n<p class=\"text_ohne_einzug richtext text-em-55 !leading-serif mx-6 desktop:mx-0\">Auf der Laufstrecke gibt es mehrere Verpflegungspunkte. Beim 10-km-Lauf und beim Halbmarathon sind diese an der Wende H\u00f6he Subway und an der Wende H\u00f6he am Opernhaus. Beim 5-km-Lauf gibt es Verpflegung an der Wende H\u00f6he Subway. F\u00fcr alle Teilnehmenden gibt es zudem eine Verpflegung im Zielbereich, von Partnern wie Akzenta, Haaner Felsenquelle oder Erdinger Alkoholfrei.<\/p>\n<p class=\"text_ohne_einzug richtext text-em-55 !leading-serif mx-6 desktop:mx-0\">Es wird empfohlen, den \u00d6PNV zu nutzen \u2013 bestenfalls die Schwebebahn. Der Parkplatz am Opernhaus ist gesperrt. Empfohlene Parkm\u00f6glichkeiten: Bahnhof Vohwinkel, Bahnhof Unterbarmen, Conti-Park Parkhaus Steinweg\/ Alter Markt, Akzenta\/ Aldi (Unterd\u00f6rnen 61\u201363), Aldi (Bredde 36).<\/p>\n<p class=\"text_ohne_einzug richtext text-em-55 !leading-serif mx-6 desktop:mx-0\">Die Urkunde bekommt man digital mit einem QR-Code. Medaillen erh\u00e4lt man im Ziel, allerdings nur solange der Vorrat reicht. <\/p>\n","protected":false},"excerpt":{"rendered":"Morgen ist es so weit: Der 14. Schwebebahn-Lauf findet im Schwebebahn-Jubil\u00e4umsjahr statt. Die WZ hat die wichtigsten Infos&hellip;\n","protected":false},"author":2,"featured_media":1090844,"comment_status":"","ping_status":"","sticky":false,"template":"","format":"standard","meta":{"footnotes":"","_share_on_mastodon":"0"},"categories":[1840],"tags":[3592,3364,29,30,5783,5982,29896,15839,18094,15840,24593,40812,26833,1209,17128,63812,9717,4418],"class_list":["post-1090843","post","type-post","status-publish","format-standard","has-post-thumbnail","category-wuppertal","tag-anmeldung","tag-de","tag-deutschland","tag-germany","tag-gesperrt","tag-infos","tag-kilometer","tag-lauf","tag-laeufe","tag-laeufer","tag-laeuferinnen","tag-laufevent","tag-laufstrecke","tag-nordrhein-westfalen","tag-schwebebahn","tag-schwebebahnlauf","tag-uhr","tag-wuppertal"],"share_on_mastodon":{"url":"https:\/\/pubeurope.com\/@de\/116741517115060508","error":""},"_links":{"self":[{"href":"https:\/\/www.europesays.com\/de\/wp-json\/wp\/v2\/posts\/1090843","targetHints":{"allow":["GET"]}}],"collection":[{"href":"https:\/\/www.europesays.com\/de\/wp-json\/wp\/v2\/posts"}],"about":[{"href":"https:\/\/www.europesays.com\/de\/wp-json\/wp\/v2\/types\/post"}],"author":[{"embeddable":true,"href":"https:\/\/www.europesays.com\/de\/wp-json\/wp\/v2\/users\/2"}],"replies":[{"embeddable":true,"href":"https:\/\/www.europesays.com\/de\/wp-json\/wp\/v2\/comments?post=1090843"}],"version-history":[{"count":0,"href":"https:\/\/www.europesays.com\/de\/wp-json\/wp\/v2\/posts\/1090843\/revisions"}],"wp:featuredmedia":[{"embeddable":true,"href":"https:\/\/www.europesays.com\/de\/wp-json\/wp\/v2\/media\/1090844"}],"wp:attachment":[{"href":"https:\/\/www.europesays.com\/de\/wp-json\/wp\/v2\/media?parent=1090843"}],"wp:term":[{"taxonomy":"category","embeddable":true,"href":"https:\/\/www.europesays.com\/de\/wp-json\/wp\/v2\/categories?post=1090843"},{"taxonomy":"post_tag","embeddable":true,"href":"https:\/\/www.europesays.com\/de\/wp-json\/wp\/v2\/tags?post=1090843"}],"curies":[{"name":"wp","href":"https:\/\/api.w.org\/{rel}","templated":true}]}}