{"id":1091014,"date":"2026-06-13T08:40:17","date_gmt":"2026-06-13T08:40:17","guid":{"rendered":"https:\/\/www.europesays.com\/de\/1091014\/"},"modified":"2026-06-13T08:40:17","modified_gmt":"2026-06-13T08:40:17","slug":"sie-schleift-kopfsteinpflaster-glatt-ploetzlich-interessiert-sich-halb-deutschland-fuer-eine-maschine-aus-brandenburg","status":"publish","type":"post","link":"https:\/\/www.europesays.com\/de\/1091014\/","title":{"rendered":"Sie schleift Kopfsteinpflaster glatt: Pl\u00f6tzlich interessiert sich halb Deutschland f\u00fcr eine Maschine aus Brandenburg"},"content":{"rendered":"<p class=\"tspA8ka tspA8kb\">Heute Morgen war es wieder soweit: Monbijoubr\u00fccke runter, in den Kupfergraben eingebogen, und mein Fahrrad f\u00e4ngt sofort an zu tanzen. <\/p>\n<p class=\"tspA8ka\">Das Kopfsteinpflaster ist hier in der Berliner Innenstadt gut 150 Jahre alt und hat sich \u00fcber die Jahrzehnte verzogen. Einzelne Steine stehen hoch, andere sind abgesackt. Wer dar\u00fcber f\u00e4hrt, sp\u00fcrt jeden Meter in den Handgelenken.<\/p>\n","protected":false},"excerpt":{"rendered":"Heute Morgen war es wieder soweit: Monbijoubr\u00fccke runter, in den Kupfergraben eingebogen, und mein Fahrrad f\u00e4ngt sofort an&hellip;\n","protected":false},"author":2,"featured_media":1091015,"comment_status":"","ping_status":"","sticky":false,"template":"","format":"standard","meta":{"footnotes":"","_share_on_mastodon":"0"},"categories":[5],"tags":[331,332,1890,3364,29,527,30,13,14,15,12,101500,5004,524,634,107817,528,16811,861,5917,61744],"class_list":["post-1091014","post","type-post","status-publish","format-standard","has-post-thumbnail","category-nachrichten","tag-aktuelle-nachrichten","tag-aktuelle-news","tag-brandenburg","tag-de","tag-deutschland","tag-friedrichshain-kreuzberg","tag-germany","tag-headlines","tag-nachrichten","tag-news","tag-schlagzeilen","tag-schule-und-kita-in-potsdam","tag-staedtebau","tag-strasse","tag-strassenverkehr","tag-tanz-in-potsdam","tag-tempelhof-schoeneberg","tag-tempelhofer-feld","tag-thueringen","tag-treptow-koepenick","tag-werder-havel"],"share_on_mastodon":{"url":"https:\/\/pubeurope.com\/@de\/116741906710126627","error":""},"_links":{"self":[{"href":"https:\/\/www.europesays.com\/de\/wp-json\/wp\/v2\/posts\/1091014","targetHints":{"allow":["GET"]}}],"collection":[{"href":"https:\/\/www.europesays.com\/de\/wp-json\/wp\/v2\/posts"}],"about":[{"href":"https:\/\/www.europesays.com\/de\/wp-json\/wp\/v2\/types\/post"}],"author":[{"embeddable":true,"href":"https:\/\/www.europesays.com\/de\/wp-json\/wp\/v2\/users\/2"}],"replies":[{"embeddable":true,"href":"https:\/\/www.europesays.com\/de\/wp-json\/wp\/v2\/comments?post=1091014"}],"version-history":[{"count":0,"href":"https:\/\/www.europesays.com\/de\/wp-json\/wp\/v2\/posts\/1091014\/revisions"}],"wp:featuredmedia":[{"embeddable":true,"href":"https:\/\/www.europesays.com\/de\/wp-json\/wp\/v2\/media\/1091015"}],"wp:attachment":[{"href":"https:\/\/www.europesays.com\/de\/wp-json\/wp\/v2\/media?parent=1091014"}],"wp:term":[{"taxonomy":"category","embeddable":true,"href":"https:\/\/www.europesays.com\/de\/wp-json\/wp\/v2\/categories?post=1091014"},{"taxonomy":"post_tag","embeddable":true,"href":"https:\/\/www.europesays.com\/de\/wp-json\/wp\/v2\/tags?post=1091014"}],"curies":[{"name":"wp","href":"https:\/\/api.w.org\/{rel}","templated":true}]}}