{"id":1091031,"date":"2026-06-13T08:51:20","date_gmt":"2026-06-13T08:51:20","guid":{"rendered":"https:\/\/www.europesays.com\/de\/1091031\/"},"modified":"2026-06-13T08:51:20","modified_gmt":"2026-06-13T08:51:20","slug":"teil-eins-menschen-auf-sankt-pieschen-alle-unterschiedlich-alle-dabei","status":"publish","type":"post","link":"https:\/\/www.europesays.com\/de\/1091031\/","title":{"rendered":"Teil Eins \u2013 Menschen auf \u201aSankt Pieschen\u2018 \u2013 alle unterschiedlich, alle dabei."},"content":{"rendered":"\n<p>Wir haben auf Sankt Pieschen mal in die Runde gefragt und stellen hier \u00fcber die Woche verteilt ein paar der Beteiligten vor. <img fetchpriority=\"high\" decoding=\"async\" src=\"https:\/\/pieschen-aktuell.de\/wp-content\/uploads\/2026\/06\/2026_06_08_Stpieschen5-scaled-jpg.avif\" alt=\"Jule und Frieda genie\u00dfen das bunte Programm auf Sankt Pieschen. &quot;Sch\u00f6n, dass sich hier so viele unterschiedliche Menschen treffen&quot;, sagen sie. Foto: S. Reichel\" width=\"2560\" height=\"1440\" class=\"size-full wp-image-76225\"  \/>Jule und Frieda genie\u00dfen das bunte Programm auf Sankt Pieschen. \u201eSch\u00f6n, dass sich hier so viele unterschiedliche Menschen treffen\u201c, sagen sie. Foto: S. Reichel <\/p>\n<p>Person 1: Sankt Pieschen ist superbunt f\u00fcr uns. Und lebendig. Und \u00fcberraschend. An jeder Ecke wartet was anderes neues. <\/p>\n<p>Person 2: Ich find\u2019s sehr sch\u00f6n und ich bin \u00fcberrascht dass sich so viele unterschiedliche Menschen treffen, die hier sehr gerne hinkommen. Das ist wirklich toll, dass man hier eine Atmosph\u00e4re geschafft wurde, bei der so viele Leute Lust haben, herzukommen.<\/p>\n<p>Anzeige<\/p>\n<p><a class=\"gofollow\" data-track=\"MTI4LDcsNjA=\" href=\"https:\/\/pieschen-aktuell.de\/pieschen-aktuell-partner\/\" target=\"_blank\" rel=\"noopener nofollow\"><img loading=\"lazy\" decoding=\"async\" src=\"https:\/\/www.europesays.com\/de\/wp-content\/uploads\/2026\/06\/2026-06-02-AnzeigeVG-Biormarkt.jpg\" alt=\"Bio f\u00fcr alle - Verbrauchergemeinschaft Dresden\" width=\"300\" height=\"250\"\/><\/a> <\/p>\n<p>Person 1: Unser Highlight bis jetzt war das K\u00e4nguruhboxen (lachen). Da hat man so\u2019n Kost\u00fcm an, was ganz dick ist. Und dann boxt man sich gegenseitig. Das ist total lustig, f\u00fcr Kinder und Erwachsene. Im Vergleich zum letzten Jahr gibt es die Technostra\u00dfe in der Torgauer Stra\u00dfe leider nicht mehr. Da gibt\u2019s jetzt Kunst, auch sehr sch\u00f6n, aber nicht mehr den Techno. Das ist das einzige, was fehlt dieses Jahr. <\/p>\n<p>Person 2: Ich finde es war dieses Jahr sehr Rock- und Metal-lastig. Ein bisschen mehr Hip-Hop f\u00e4nde ich cool. <\/p>\n<p>Notfallsanit\u00e4ter \u2013 Verein \u201eAmbulatorium\u201c <img loading=\"lazy\" decoding=\"async\" src=\"https:\/\/pieschen-aktuell.de\/wp-content\/uploads\/2026\/06\/2026_06_08_Stpieschen4-scaled-jpg.avif\" alt=\"Notfallsanit\u00e4ter beim Sankt Pieschen - Foto: S. Reichel\" width=\"2560\" height=\"1440\" class=\"size-full wp-image-76223\"  \/>Notfallsanit\u00e4ter beim Sankt Pieschen \u2013 Foto: S. Reichel <\/p>\n<p>Person 1: Das Wetter ist sehr sch\u00f6n, sehr ausgeglichen. Und deswegen gibt es nicht viele Patienten, die Kreislaufprobleme haben. Ein Paar Kinder sind gest\u00fcrzt, kleine Verletzungen beim Werkeln an den St\u00e4nden, aber nichts dramatisches. Wir haben den gleichen Standort wie letztes Jahr, auf der Konkordienstra\u00dfe. Dieses Jahr haben wir nur ein Zelt aufgebaut, im letzten Jahr waren es zwei. Weil die kleine Station reicht. <\/p>\n<p>Person 2: Ja, es ist entspannt und abwechslungsreich. Wenn gerade nichts los ist, sitzt man als Sanit\u00e4tsdienst im Zelt, beobachtet das Treiben oder besch\u00e4ftigt sich mit dem Laptop. Trotzdem ist es spannend \u2013 und dieses Jahr deutlich kinderlastiger als sonst. <\/p>\n<p>Wir kommen aus zwei verschiedenen Berufsgruppen: aus der Pflege, zum Beispiel als Pflegefachkraft, und aus dem Rettungsdienst als Notfallsanit\u00e4ter. Im Vergleich zur regul\u00e4ren Rettungsdienstarbeit ist der Einsatz hier auf dem Fest viel pers\u00f6nlicher. Die Patienten sind meistens junge Leute, die Stimmung ausgelassen, und die meisten F\u00e4lle sind eher kleinere Sachen. <\/p>\n<p>Im Rettungsdienst hingegen hat man es h\u00e4ufiger mit \u00e4lteren oder st\u00e4rker hilfebed\u00fcrftigen Menschen zu tun \u2013 die individuell wahrgenommene Not ist dort gr\u00f6\u00dfer. Hier ist die Atmosph\u00e4re einfach eine andere. Und da wir das ehrenamtlich machen, ist es f\u00fcr uns schlicht ein sch\u00f6nes, entspanntes Hobby. <\/p>\n<p>Besucher auf der Konkordienstra\u00dfe <img loading=\"lazy\" decoding=\"async\" class=\"size-full wp-image-76224\" src=\"https:\/\/pieschen-aktuell.de\/wp-content\/uploads\/2026\/06\/2026_06_08_Stpieschen3-scaled-jpg.avif\" alt=\"\" width=\"2560\" height=\"1440\"  \/>\u201eBin noch bisschen am erkunden, aber der Gottesdienst war sch\u00f6n\u201c. <\/p>\n<p>Ich bin das erste Mal auf Sankt Pieschen \u00fcberhaupt. Und ich war jetzt im Gottesdienst, das war ganz angenehm. Man hat viele verschiedene Leute gesehen, die man aus vielen verschiedenen Kontexten kennt. Und auch gemeinsam Gottesdienst zu feiern war sch\u00f6n. Und sonst war ich jetzt hier erstmal gucken. Bis jetzt macht\u2019s nen ganz netten Eindruck, locker, lustig, sch\u00f6n. <\/p>\n","protected":false},"excerpt":{"rendered":"Wir haben auf Sankt Pieschen mal in die Runde gefragt und stellen hier \u00fcber die Woche verteilt ein&hellip;\n","protected":false},"author":2,"featured_media":1091032,"comment_status":"","ping_status":"","sticky":false,"template":"","format":"standard","meta":{"footnotes":"","_share_on_mastodon":"0"},"categories":[1835],"tags":[3364,29,2386,30,859,225878],"class_list":["post-1091031","post","type-post","status-publish","format-standard","has-post-thumbnail","category-dresden","tag-de","tag-deutschland","tag-dresden","tag-germany","tag-sachsen","tag-sankt-pieschen"],"share_on_mastodon":{"url":"https:\/\/pubeurope.com\/@de\/116741951414351371","error":""},"_links":{"self":[{"href":"https:\/\/www.europesays.com\/de\/wp-json\/wp\/v2\/posts\/1091031","targetHints":{"allow":["GET"]}}],"collection":[{"href":"https:\/\/www.europesays.com\/de\/wp-json\/wp\/v2\/posts"}],"about":[{"href":"https:\/\/www.europesays.com\/de\/wp-json\/wp\/v2\/types\/post"}],"author":[{"embeddable":true,"href":"https:\/\/www.europesays.com\/de\/wp-json\/wp\/v2\/users\/2"}],"replies":[{"embeddable":true,"href":"https:\/\/www.europesays.com\/de\/wp-json\/wp\/v2\/comments?post=1091031"}],"version-history":[{"count":0,"href":"https:\/\/www.europesays.com\/de\/wp-json\/wp\/v2\/posts\/1091031\/revisions"}],"wp:featuredmedia":[{"embeddable":true,"href":"https:\/\/www.europesays.com\/de\/wp-json\/wp\/v2\/media\/1091032"}],"wp:attachment":[{"href":"https:\/\/www.europesays.com\/de\/wp-json\/wp\/v2\/media?parent=1091031"}],"wp:term":[{"taxonomy":"category","embeddable":true,"href":"https:\/\/www.europesays.com\/de\/wp-json\/wp\/v2\/categories?post=1091031"},{"taxonomy":"post_tag","embeddable":true,"href":"https:\/\/www.europesays.com\/de\/wp-json\/wp\/v2\/tags?post=1091031"}],"curies":[{"name":"wp","href":"https:\/\/api.w.org\/{rel}","templated":true}]}}