{"id":1091061,"date":"2026-06-13T09:07:20","date_gmt":"2026-06-13T09:07:20","guid":{"rendered":"https:\/\/www.europesays.com\/de\/1091061\/"},"modified":"2026-06-13T09:07:20","modified_gmt":"2026-06-13T09:07:20","slug":"a1-gefahr-durch-ungesicherte-unfallstelle","status":"publish","type":"post","link":"https:\/\/www.europesays.com\/de\/1091061\/","title":{"rendered":"A1: Gefahr durch ungesicherte Unfallstelle"},"content":{"rendered":"<p>&#13;<br \/>\n          &#13;<br \/>\n            Blaulicht  |  13.06.2026&#13;<br \/>\n            +++ Aktuelle Verkehrsinfo +++  &#13;<br \/>\n            &#13;<br \/>\n          &#13;\n        <\/p>\n<p>          &#13;<\/p>\n<p>Am 13.06.2026<\/p>\n<p>&#13;<br \/>\n            &#13;<br \/>\n            Blaulicht&#13;<br \/>\n            +++ Aktuelle Verkehrsinfo +++  &#13;<br \/>\n            &#13;<\/p>\n<p>&#13;<br \/>\n            <b>K\u00f6ln. <\/b>Auf der A1 in Fahrtrichtung Euskirchen besteht aktuell Gefahr durch eine ungesicherte Unfallstelle. Die Gefahrenstelle befindet sich zwischen der Anschlusstelle K\u00f6ln-Bockelm\u00fcnd und dem Kreuz K\u00f6ln-West. Dies meldet der ADAC. BA <\/p>\n<p>                <a href=\"https:\/\/www.blick-aktuell.de\/Berichte\/Quiz-Wie-gut-kennt-ihr-euch-mit-den-Burgen-an-Mittelrhein-und-Mosel-aus-644584.html?StoryId=666743\" rel=\"nofollow noopener\" target=\"_blank\">&#13;<br \/>\n                  <img decoding=\"async\" class=\"img-responsive WebStoryLink-Image\" src=\"https:\/\/www.europesays.com\/de\/wp-content\/uploads\/2025\/12\/Quiz-Wie-gut-kennt-ihr-euch-mit-den-Burgen-an-Mittelrhein-und-Mosel-aus-644584t.jpg\" alt=\"Quiz: Wie gut kennt ihr euch mit den Burgen an Mittelrhein und Mosel aus?\"\/>&#13;<br \/>\n                <\/a><\/p>\n<p>                <a href=\"https:\/\/www.blick-aktuell.de\/Nachrichten\/1206-Unfall-auf-der-B-417-Autofahrer-prallt-gegen-Felswand-und-ueberschlaegt-sich-666741.html?StoryId=666743\" rel=\"nofollow noopener\" target=\"_blank\">&#13;<br \/>\n                  <img decoding=\"async\" class=\"img-responsive WebStoryLink-Image\" src=\"https:\/\/www.europesays.com\/de\/wp-content\/uploads\/2026\/06\/1206-Unfall-auf-der-B-417-Autofahrer-prallt-gegen-Felswand-und-ueberschlaegt-sich-666741t.jpg\" alt=\"12.06.: Unfall auf der B 417: Autofahrer prallt gegen Felswand und \u00fcberschl\u00e4gt sich\"\/>&#13;<br \/>\n                <\/a><\/p>\n<p>                <a href=\"https:\/\/www.blick-aktuell.de\/Nachrichten\/030406-Polizei-ermittelt-Mysterioese-Graffiti-Sprueche-in-Burgbrohl-666740.html?StoryId=666743\" rel=\"nofollow noopener\" target=\"_blank\">&#13;<br \/>\n                  <img decoding=\"async\" class=\"img-responsive WebStoryLink-Image\" src=\"https:\/\/www.europesays.com\/de\/wp-content\/uploads\/2026\/06\/030406-Polizei-ermittelt-Mysterioese-Graffiti-Sprueche-in-Burgbrohl-666740t.jpg\" alt=\"03.\/04.06.: Polizei ermittelt: Mysteri\u00f6se Graffiti-Spr\u00fcche in Burgbrohl\"\/>&#13;<br \/>\n                <\/a><\/p>\n","protected":false},"excerpt":{"rendered":"&#13; &#13; Blaulicht | 13.06.2026&#13; +++ Aktuelle Verkehrsinfo +++ &#13; &#13; &#13; &#13; Am 13.06.2026 &#13; &#13; Blaulicht&#13;&hellip;\n","protected":false},"author":2,"featured_media":1091062,"comment_status":"","ping_status":"","sticky":false,"template":"","format":"standard","meta":{"footnotes":"","_share_on_mastodon":"0"},"categories":[1828],"tags":[2499,4074,29,2214,30,1420,1209],"class_list":["post-1091061","post","type-post","status-publish","format-standard","has-post-thumbnail","category-koeln","tag-kln","tag-adac","tag-deutschland","tag-euskirchen","tag-germany","tag-koeln","tag-nordrhein-westfalen"],"share_on_mastodon":{"url":"https:\/\/pubeurope.com\/@de\/116742014358112179","error":""},"_links":{"self":[{"href":"https:\/\/www.europesays.com\/de\/wp-json\/wp\/v2\/posts\/1091061","targetHints":{"allow":["GET"]}}],"collection":[{"href":"https:\/\/www.europesays.com\/de\/wp-json\/wp\/v2\/posts"}],"about":[{"href":"https:\/\/www.europesays.com\/de\/wp-json\/wp\/v2\/types\/post"}],"author":[{"embeddable":true,"href":"https:\/\/www.europesays.com\/de\/wp-json\/wp\/v2\/users\/2"}],"replies":[{"embeddable":true,"href":"https:\/\/www.europesays.com\/de\/wp-json\/wp\/v2\/comments?post=1091061"}],"version-history":[{"count":0,"href":"https:\/\/www.europesays.com\/de\/wp-json\/wp\/v2\/posts\/1091061\/revisions"}],"wp:featuredmedia":[{"embeddable":true,"href":"https:\/\/www.europesays.com\/de\/wp-json\/wp\/v2\/media\/1091062"}],"wp:attachment":[{"href":"https:\/\/www.europesays.com\/de\/wp-json\/wp\/v2\/media?parent=1091061"}],"wp:term":[{"taxonomy":"category","embeddable":true,"href":"https:\/\/www.europesays.com\/de\/wp-json\/wp\/v2\/categories?post=1091061"},{"taxonomy":"post_tag","embeddable":true,"href":"https:\/\/www.europesays.com\/de\/wp-json\/wp\/v2\/tags?post=1091061"}],"curies":[{"name":"wp","href":"https:\/\/api.w.org\/{rel}","templated":true}]}}