{"id":1091194,"date":"2026-06-13T10:22:29","date_gmt":"2026-06-13T10:22:29","guid":{"rendered":"https:\/\/www.europesays.com\/de\/1091194\/"},"modified":"2026-06-13T10:22:29","modified_gmt":"2026-06-13T10:22:29","slug":"mit-kunst-und-kultur-fuer-klimaschutz-und-gesellschaftlichen-zusammenhalt-der-protestfluegel-rollte-durch-leipzig-video-%c2%b7-leipziger-zeitung","status":"publish","type":"post","link":"https:\/\/www.europesays.com\/de\/1091194\/","title":{"rendered":"Mit Kunst und Kultur f\u00fcr Klimaschutz und gesellschaftlichen Zusammenhalt: Der Protestfl\u00fcgel rollte durch Leipzig + Video \u00b7 Leipziger Zeitung"},"content":{"rendered":"<p>Am 12. Juni rollte der Protestfl\u00fcgel zum dritten Mal von Leipzig Plagwitz zum Leipziger Marktplatz, diesmal allerdings im sporadisch auftretenden Nieselregen, was der Stimmung der Teilnehmenden aber keinen Abbruch tat. Am Treff- und Startpunkt der Kreuzung Karl-Heine-Stra\u00dfe \/ \u201ekleine feine Merse\u201c fanden sich gegen 14.00 Uhr die ersten Menschen ein, die B\u00e4ckerei Wendl spendierte Kaffee und Geb\u00e4ck und die K\u00fcfa (K\u00fcche f\u00fcr alle) war anwesend, die Verpflegung erh\u00f6hte die Stimmung ebenfalls.<\/p>\n<p>Die K\u00fcnstlerin Mona Ragy Enayat bereitete sich auf ihren Auftritt, den ersten der Veranstaltung, vor. Wir nutzten die Gelegenheit f\u00fcr einige Fragen. <img decoding=\"async\" src=\"https:\/\/www.europesays.com\/de\/wp-content\/uploads\/2026\/06\/faa4b962db56433d89d4c72691c2c95c.gif\" width=\"https:\/\/www.l-iz.de\/leben\/gesellschaft\/2026\/06\/1\" height=\"https:\/\/www.l-iz.de\/leben\/gesellschaft\/2026\/06\/1\" alt=\"\"\/><\/p>\n<\/p>\n<p><img loading=\"lazy\" decoding=\"async\" class=\"size-full wp-image-660296\" src=\"https:\/\/www.europesays.com\/de\/wp-content\/uploads\/2026\/06\/3-Einparken.jpg\" alt=\"\" width=\"3635\" height=\"2424\"  \/>Auch der Konzertfl\u00fcgel muss ordentlich einparken. Foto: Thomas K\u00f6hler<\/p>\n<p>Nach dem, von der Polizei kontrollierten, ordnungsgem\u00e4\u00dfen Einparken des Konzertfl\u00fcgels am Stra\u00dfenrand ging es auch schon mit der Er\u00f6ffnung los. Worum es geht, dazu sagte Sahra Kaden:<\/p>\n<p>\u201eWarum machen wir das Heute? Drei Stichworte: Vernetzung, Forderung, Freude. Das Bachfest steht dieses Jahr unter dem Motto \u201eIm Dialog\u201c und genau darum geht es uns auch. Wir wollen Kultur und Engagement miteinander verbinden, wir wollen Menschen miteinander ins Gespr\u00e4ch bringen, die sich fragen: Wie wollen wir in Zukunft in Leipzig leben. Wir wollen das Netzwerk st\u00e4rken, welches wir in den letzten Jahren aufgebaut haben. Wir wollen langfristig zusammen denken was zusammengeh\u00f6rt, n\u00e4mlich Kulturschaffende und Menschen die sich f\u00fcr das Leben hier engagieren.<\/p>\n<p><img loading=\"lazy\" decoding=\"async\" class=\"size-full wp-image-660299\" src=\"https:\/\/www.europesays.com\/de\/wp-content\/uploads\/2026\/06\/7-Gaia.jpg\" alt=\"\" width=\"4000\" height=\"2667\"  \/>Gaia, die Mutter Erde, war extra aus Hamm angereist. Foto: Thomas K\u00f6hler<\/p>\n<p>Wir sind \u00fcberzeugt: Kultur braucht eine lebenswerte Zukunft und eine lebenswerte Zukunft braucht Kultur. Unsere Forderungen an den Stadtrat sind: Mobilit\u00e4t f\u00fcr alle, sicher, bezahlbar und klimafreundlich, Stadtgr\u00fcn sch\u00fctzen und ausbauen, Menschen st\u00e4rken, Menschen sch\u00fctzen und Gemeinschaft st\u00e4rken. Die findet ihr auch im Detail auf unserer Webseite <a href=\"https:\/\/www.protestfluegel.org\/\" target=\"_blank\" rel=\"noopener nofollow\">protestfluegel.org<\/a>. Wir werden diese Forderungen ausdrucken und dorthin \u00fcbergeben, wo sie hinh\u00f6ren, n\u00e4mlich an den Stadtrat. Das Besondere dieses Jahr ist, dass wir diese Forderungen mit Leipziger Initiativen aufgestellt haben, namentlich Verkehrswende Leipzig, ADFC, Leipzig pflanzt, Leipzig gie\u00dft, der Deutschen Umwelthilfe und Fridays for Future.<\/p>\n<p>Und neben den Forderungen und der Vernetzung gibt es auch die Freude. Es geht uns darum, das Notwendige mit dem Sch\u00f6nen zu verbinden, das wollen wir hiermit machen. Danke, dass ihr da seid, es ist sch\u00f6n euch zu sehen. Es bewegt mich, es freut mich sehr.\u201c<\/p>\n<p><img loading=\"lazy\" decoding=\"async\" class=\"size-full wp-image-660302\" src=\"https:\/\/www.europesays.com\/de\/wp-content\/uploads\/2026\/06\/8-auf-der-Karl-Heine-Strasse.jpg\" alt=\"\" width=\"4000\" height=\"2668\"  \/>Protestfl\u00fcgel auf der Karl-Heine-Stra\u00dfe. Foto: Thomas K\u00f6hler<\/p>\n<p>Wir haben mit einigen Vertretern der Veranstalter dazu gesprochen.<\/p>\n<\/p>\n<p>Es ging am Startplatz mit den ersten Acts los, Johannes Lauer und Linus Berg spielten, unter anderem Duke Ellington, auf der Posaune. Johannes gab uns auch ein kurzes Statement zu seiner Motivation.<\/p>\n<\/p>\n<p>Der Zug setzte sich in Bewegung. Mit Live-Musik ging es \u00fcber die Karl-Heine-Stra\u00dfe zur Sachsenbr\u00fccke, wo ein erster Stopp mit Zwischenkundgebung und Live-Acts stattfand. Die Menschen lie\u00dfen sich weder vom sporadischen Regen, noch von der Panne mit der Zugdeichsel des Anh\u00e4ngers aufhalten. Mit vereinten Kr\u00e4ften wurde der Schaden behoben.<\/p>\n<p><img loading=\"lazy\" decoding=\"async\" class=\"size-full wp-image-660297\" src=\"https:\/\/www.europesays.com\/de\/wp-content\/uploads\/2026\/06\/Panne-auf-der-Sachsenbruecke.jpg\" alt=\"\" width=\"1620\" height=\"1080\"  \/>Panne auf der Sachsenbr\u00fccke. Foto: Thomas K\u00f6hler<\/p>\n<p>Weiter ging es zur zweiten Station, dem Platz vor dem Bundesverwaltungsgericht, wo der <a href=\"https:\/\/www.crazy-generation.com\/\" target=\"_blank\" rel=\"noopener nofollow\">Crazy Generation Chor<\/a> schon wartete und nach der Zwischenkundgebung unter anderem das diesj\u00e4hrige ProtestFl\u00fcgelLied performte. Das Video von diesem Auftritt haben wir f\u00fcr eine kleine Bilderschau genutzt.<\/p>\n<\/p>\n<p><img loading=\"lazy\" decoding=\"async\" class=\"size-full wp-image-660298\" src=\"https:\/\/www.europesays.com\/de\/wp-content\/uploads\/2026\/06\/11-Ankunft-Bundesverwaltungsgericht.jpg\" alt=\"\" width=\"1620\" height=\"1080\"  \/>Ankunft des Protestfl\u00fcgels am Bundesverwaltungsgericht. Foto: Thomas K\u00f6hler<\/p>\n<p>Weiter ging es \u00fcber den Ring und durch die Innenstadt zum Marktplatz und somit zum Ende des Umzugs. Der Dank der Veranstalter galt allen, besonders den nicht genannten, Teilnehmenden und K\u00fcnstlern.<\/p>\n<p><img loading=\"lazy\" decoding=\"async\" class=\"size-full wp-image-660300\" src=\"https:\/\/www.europesays.com\/de\/wp-content\/uploads\/2026\/06\/13-Angekommen-auf-dem-Marktplatz3.jpg\" alt=\"\" width=\"1620\" height=\"1080\"  \/>Ankunft des Protestfl\u00fcgels auf dem Marktplatz. Foto: Thomas K\u00f6hler<\/p>\n<p>Damit endete der Umzug des Protestfl\u00fcgels, sp\u00e4ter folgten im offiziellen Programm der Bach-Tage noch Auftritte der K\u00fcnstlerinnen und K\u00fcnstler.<\/p>\n","protected":false},"excerpt":{"rendered":"Am 12. Juni rollte der Protestfl\u00fcgel zum dritten Mal von Leipzig Plagwitz zum Leipziger Marktplatz, diesmal allerdings im&hellip;\n","protected":false},"author":2,"featured_media":1091195,"comment_status":"","ping_status":"","sticky":false,"template":"","format":"standard","meta":{"footnotes":"","_share_on_mastodon":"0"},"categories":[1832],"tags":[5934,22465,3364,507,29,30,2134,1548,71,63748,859,5329,54658],"class_list":["post-1091194","post","type-post","status-publish","format-standard","has-post-thumbnail","category-leipzig","tag-umzug","tag-bachfest","tag-de","tag-demonstration","tag-deutschland","tag-germany","tag-interview","tag-klimaschutz","tag-leipzig","tag-protestfluegel","tag-sachsen","tag-video","tag-zusammenhalt"],"share_on_mastodon":{"url":"https:\/\/pubeurope.com\/@de\/116742308484904796","error":""},"_links":{"self":[{"href":"https:\/\/www.europesays.com\/de\/wp-json\/wp\/v2\/posts\/1091194","targetHints":{"allow":["GET"]}}],"collection":[{"href":"https:\/\/www.europesays.com\/de\/wp-json\/wp\/v2\/posts"}],"about":[{"href":"https:\/\/www.europesays.com\/de\/wp-json\/wp\/v2\/types\/post"}],"author":[{"embeddable":true,"href":"https:\/\/www.europesays.com\/de\/wp-json\/wp\/v2\/users\/2"}],"replies":[{"embeddable":true,"href":"https:\/\/www.europesays.com\/de\/wp-json\/wp\/v2\/comments?post=1091194"}],"version-history":[{"count":0,"href":"https:\/\/www.europesays.com\/de\/wp-json\/wp\/v2\/posts\/1091194\/revisions"}],"wp:featuredmedia":[{"embeddable":true,"href":"https:\/\/www.europesays.com\/de\/wp-json\/wp\/v2\/media\/1091195"}],"wp:attachment":[{"href":"https:\/\/www.europesays.com\/de\/wp-json\/wp\/v2\/media?parent=1091194"}],"wp:term":[{"taxonomy":"category","embeddable":true,"href":"https:\/\/www.europesays.com\/de\/wp-json\/wp\/v2\/categories?post=1091194"},{"taxonomy":"post_tag","embeddable":true,"href":"https:\/\/www.europesays.com\/de\/wp-json\/wp\/v2\/tags?post=1091194"}],"curies":[{"name":"wp","href":"https:\/\/api.w.org\/{rel}","templated":true}]}}