{"id":1091203,"date":"2026-06-13T10:27:22","date_gmt":"2026-06-13T10:27:22","guid":{"rendered":"https:\/\/www.europesays.com\/de\/1091203\/"},"modified":"2026-06-13T10:27:22","modified_gmt":"2026-06-13T10:27:22","slug":"emirates-wirbt-um-taegliche-fluege-nach-berlin-und-stuttgart","status":"publish","type":"post","link":"https:\/\/www.europesays.com\/de\/1091203\/","title":{"rendered":"Emirates wirbt um t\u00e4gliche Fl\u00fcge nach Berlin und Stuttgart"},"content":{"rendered":"<p><img decoding=\"async\" src=\"https:\/\/www.europesays.com\/de\/wp-content\/uploads\/2026\/06\/800_20260610-40086-678x381.jpg\" alt=\"\" title=\"800_20260610-40086\"\/><\/p>\n<p>Emirates will in Deutschland weiter wachsen und macht nun erneut deutlich, dass man sehr gerne t\u00e4gliche Fl\u00fcge nach Berlin und Stuttgart aufnehmen w\u00fcrde. Die Airline aus Dubai fliegt aktuell bereits nach Frankfurt, M\u00fcnchen, D\u00fcsseldorf und Hamburg (alle bis zu 3-mal pro Tag), womit Berlin und Stuttgart die Ziele Nummer f\u00fcnf und sechs in Deutschland w\u00e4ren. Damit w\u00fcrde Emirates in Deutschland so viele Flugh\u00e4fen bedienen wie noch nie zuvor und Deutschland an das dichte, globale Netz von Emirates \u00fcber Dubai anschlie\u00dfen.<\/p>\n<p>Das Wichtigste auf einen Blick:<\/p>\n<p>\u2708\ufe0f Emirates will t\u00e4gliche Fl\u00fcge nach Berlin und Stuttgart aufnehmen und damit weiter in Deutschland wachsen.<br \/>\ud83d\udcb6 Die Airline spricht von \u00fcber 100 Millionen Euro j\u00e4hrlichen Investitionen und bis zu 1.000 neuen Arbeitspl\u00e4tzen.<br \/>\u2696\ufe0f Der Ausbau scheitert derzeit vor allem an fehlenden Verkehrsrechten und politischen Vorgaben.<\/p>\n<p style=\"text-align: center;\"><a class=\"maxbutton-2 maxbutton maxbutton-amex-green-beantragen\" target=\"_blank\" rel=\"noopener nofollow\" href=\"https:\/\/news.google.com\/publications\/CAAqBwgKMOiWuQsw9bHQAw?hl=de&amp;gl=DE&amp;ceid=DE:de\">Folgt Frankfurtflyer auf GOOGLE NEWS <\/a>\n<\/p>\n<p>In einer aktuellen <a href=\"https:\/\/www.emirates.com\/media-centre\/emirates-ready-to-invest-in-daily-flights-to-berlin-and-stuttgart-unlocking-global-connectivity-for-two-of-germanys-key-city-regions\/\" target=\"_blank\" rel=\"nofollow noopener\">Pressemitteilung<\/a> wirbt Emirates sehr offensiv f\u00fcr die neuen Verbindungen und verweist dabei vor allem auf die wirtschaftlichen Vorteile, welche solche Fl\u00fcge f\u00fcr Deutschland h\u00e4tten. So spricht Emirates von \u00fcber 100 Millionen Euro, die man j\u00e4hrlich in den Betrieb der Fl\u00fcge investieren w\u00fcrde, darunter Personal, Flughafengeb\u00fchren, Treibstoff und weitere operative Kosten. Nachdem sich Deutschland nun seit sechs Jahren in einer Stagnation befindet, k\u00f6nnte das wirtschaftliche Argument auch durchaus auf Geh\u00f6r im Kanzleramt sto\u00dfen.<\/p>\n<p>Auch bei den Arbeitspl\u00e4tzen sieht Emirates einen deutlichen Effekt. Unter Berufung auf eine <a href=\"https:\/\/c.ekstatic.net\/ecl\/documents\/our-communities\/global-presence\/the-impact-of-emirates-airline-on-the-german-economy.pdf\" target=\"_blank\" rel=\"nofollow noopener\">Studie des Deutschen Zentrums f\u00fcr Luft- und Raumfahrt<\/a> geht die Airline davon aus, dass t\u00e4gliche Fl\u00fcge nach Berlin und Stuttgart zusammen bis zu 1.000 direkte und indirekte Jobs schaffen k\u00f6nnten. Dazu kommt auch der Frachtverkehr, denn eine Boeing 777-300ER w\u00fcrde pro Woche \u00fcber 280 Tonnen zus\u00e4tzliche Frachtkapazit\u00e4t bieten, was gerade f\u00fcr wirtschaftsstarke Regionen wie Baden-W\u00fcrttemberg durchaus relevant w\u00e4re.<\/p>\n<p><img fetchpriority=\"high\" decoding=\"async\" class=\"size-full wp-image-194112\" src=\"https:\/\/www.europesays.com\/de\/wp-content\/uploads\/2026\/06\/1-416252-1.jpg\" alt=\"\" width=\"2295\" height=\"1530\"  \/>Foto: Emirates Airbus A380<\/p>\n<p>Emirates argumentiert zudem, dass Berlin und Stuttgart im Langstreckenverkehr unterversorgt seien, was auch unzweifelhaft so ist. Gerade Berlin ist als Hauptstadt und wichtige Metropole in Europa im Interkontinentalverkehr weiterhin erstaunlich schwach aufgestellt. Stuttgart wiederum ist das Zentrum einer der wichtigsten Industrieregionen Deutschlands, hat aber ebenfalls kaum echte Langstreckenverbindungen.<\/p>\n<p>Aktuell scheitern zus\u00e4tzliche Emirates-Fl\u00fcge nach Deutschland allerdings vor allem an den Verkehrsrechten und damit letztlich am politischen Willen. Emirates darf derzeit nicht beliebig viele Ziele in Deutschland anfliegen und fordert schon seit Jahren den Zugang zu weiteren Flugh\u00e4fen.<\/p>\n<p>Spannend ist hierbei auch der Vergleich mit Qatar Airways, denn durch das Luftverkehrsabkommen zwischen der EU und Katar hat Qatar Airways in Europa inzwischen deutlich mehr Freiheiten und kann grunds\u00e4tzlich sehr viel flexibler wachsen. Vor diesem Hintergrund wirkt es durchaus immer schwerer nachvollziehbar, warum Emirates in Deutschland weiterhin limitiert wird. Passagiere w\u00fcrden von zus\u00e4tzlichen Emirates-Fl\u00fcgen wohl durchaus profitieren, denn es w\u00fcrde Druck in den Markt bringen und vermutlich durch das h\u00f6here Angebot die Preise vor allem nach Asien senken.<\/p>\n<p>Emirates will t\u00e4glich nach Berlin und Stuttgart fliegen | Frankfurtflyer Kommentar<\/p>\n<p>Emirates macht hier sehr geschickt Druck und verpackt den Wunsch nach mehr Verkehrsrechten nicht nur als Airline-Interesse, sondern als Wirtschaftsthema f\u00fcr Deutschland. Und ganz falsch ist das sicher nicht, denn t\u00e4gliche Langstreckenfl\u00fcge nach Berlin und Stuttgart w\u00fcrden zweifellos zus\u00e4tzliche Konnektivit\u00e4t, mehr Wettbewerb und auch wirtschaftliche Impulse bringen, also Dinge, die man in Deutschland doch durchaus gerne wieder sehen w\u00fcrde.<\/p>\n<p>Gerade Berlin ist als Hauptstadt im Langstreckenverkehr seit Jahren eigentlich unterversorgt und wohl die einzige bedeutende Hauptstadt in Europa, welche so wenige Langstreckenfl\u00fcge besitzt, und Stuttgart ist als Industriestandort ebenfalls ein logisches Ziel f\u00fcr Emirates, auch wenn es in der Automobilindustrie und den Zulieferern aus dem Maschinenbau nat\u00fcrlich aktuell durchaus nicht mehr so rosig aussieht. Dass man hier weiterhin blockiert, w\u00e4hrend Qatar Airways durch das EU-Abkommen deutlich freier agieren kann, wirkt zunehmend wie eine veraltete politische Haltung und f\u00f6rdert wohl kaum den freien Wettbewerb.<\/p>\n<p>Nat\u00fcrlich sch\u00fctzt man mit solchen Beschr\u00e4nkungen auch Lufthansa ein St\u00fcck weit. Aber am Ende muss man sich schon fragen, ob es im Sinne der Passagiere und auch der deutschen Wirtschaft ist, wenn attraktive Langstreckenverbindungen k\u00fcnstlich verhindert werden. Gerade in Stuttgart, wo Lufthansa vor wenigen Tagen die Fl\u00fcge nach Frankfurt komplett eingestellt hat, w\u00fcrde man sich \u00fcber eine neue Langstrecke und damit eine weitere Alternative sicher freuen.<\/p>\n","protected":false},"excerpt":{"rendered":"Emirates will in Deutschland weiter wachsen und macht nun erneut deutlich, dass man sehr gerne t\u00e4gliche Fl\u00fcge nach&hellip;\n","protected":false},"author":2,"featured_media":1091204,"comment_status":"","ping_status":"","sticky":false,"template":"","format":"standard","meta":{"footnotes":"","_share_on_mastodon":"0"},"categories":[1830],"tags":[1634,296,3364,29,37442,30,1441],"class_list":["post-1091203","post","type-post","status-publish","format-standard","has-post-thumbnail","category-stuttgart","tag-baden-wuerttemberg","tag-berlin","tag-de","tag-deutschland","tag-emirates","tag-germany","tag-stuttgart"],"share_on_mastodon":{"url":"https:\/\/pubeurope.com\/@de\/116742328878980829","error":""},"_links":{"self":[{"href":"https:\/\/www.europesays.com\/de\/wp-json\/wp\/v2\/posts\/1091203","targetHints":{"allow":["GET"]}}],"collection":[{"href":"https:\/\/www.europesays.com\/de\/wp-json\/wp\/v2\/posts"}],"about":[{"href":"https:\/\/www.europesays.com\/de\/wp-json\/wp\/v2\/types\/post"}],"author":[{"embeddable":true,"href":"https:\/\/www.europesays.com\/de\/wp-json\/wp\/v2\/users\/2"}],"replies":[{"embeddable":true,"href":"https:\/\/www.europesays.com\/de\/wp-json\/wp\/v2\/comments?post=1091203"}],"version-history":[{"count":0,"href":"https:\/\/www.europesays.com\/de\/wp-json\/wp\/v2\/posts\/1091203\/revisions"}],"wp:featuredmedia":[{"embeddable":true,"href":"https:\/\/www.europesays.com\/de\/wp-json\/wp\/v2\/media\/1091204"}],"wp:attachment":[{"href":"https:\/\/www.europesays.com\/de\/wp-json\/wp\/v2\/media?parent=1091203"}],"wp:term":[{"taxonomy":"category","embeddable":true,"href":"https:\/\/www.europesays.com\/de\/wp-json\/wp\/v2\/categories?post=1091203"},{"taxonomy":"post_tag","embeddable":true,"href":"https:\/\/www.europesays.com\/de\/wp-json\/wp\/v2\/tags?post=1091203"}],"curies":[{"name":"wp","href":"https:\/\/api.w.org\/{rel}","templated":true}]}}