{"id":1091438,"date":"2026-06-13T12:45:17","date_gmt":"2026-06-13T12:45:17","guid":{"rendered":"https:\/\/www.europesays.com\/de\/1091438\/"},"modified":"2026-06-13T12:45:17","modified_gmt":"2026-06-13T12:45:17","slug":"london-jubel-fuer-charles-briten-feiern-koenig-mit-geburtstagsparade","status":"publish","type":"post","link":"https:\/\/www.europesays.com\/de\/1091438\/","title":{"rendered":"London | Jubel f\u00fcr Charles: Briten feiern K\u00f6nig mit Geburtstagsparade"},"content":{"rendered":"<p>London (dpa) &#8211; Tausende Briten und Touristen haben die britische K\u00f6nigsfamilie bei der Geburtstagsparade f\u00fcr K\u00f6nig Charles III. in London bejubelt.\u00a0<\/p>\n<p>Der Monarch (77) und seine Frau K\u00f6nigin Camilla (78) fuhren bei dem als \u00abTrooping the Colour\u00bb bekannten Spektakel die Prachtstra\u00dfe The Mall vom Buckingham-Palast zum zentralen Exerzierplatz Horse Guards Parade in einer Kutsche entlang &#8211; an ihrer Seite Hunderte Gardesoldaten.\u00a0<\/p>\n<p>In einer weiteren Kutsche waren Prinzessin Kate (44) und ihre Kinder, Prinz George (12), Prinzessin Charlotte (11) und Prinz Louis (8), unterwegs.<\/p>\n<p>Prinzessin Kate f\u00e4hrt Kutsche &#8211; mit Kindern, aber ohne Mann<\/p>\n<p>Die Frau von Prinz William (43) nahm nach ihrer Krebserkrankung wieder voll an der Parade teil &#8211; in einem hellblauen Outfit von Catherine Walker. Ein Hut von Philip Treacy komplettierte der Nachrichtenagentur PA zufolge den Look. Keine Spur in der Kutsche jedoch von Prinz William: Der begleitete die Parade auf dem Pferder\u00fccken, genau wie seine Tante, Prinzessin Anne (75), und sein Onkel, Prinz Edward (62) &#8211; zwei der Geschwister des K\u00f6nigs.<\/p>\n<p>Manche Zaung\u00e4ste am Stra\u00dfenrand hatten besonderes Gl\u00fcck: Einige Kinder hatten auf den Schultern ihrer Eltern Platz genommen und einen guten Blick auf die Royals. F\u00fcr die Britinnen Emma McCarthy und Sarah Fuller ist \u00abTrooping the Colour\u00bb einer ihrer Lieblingstage im Jahr. \u00abWir kommen jedes Jahr und stehen am selben Platz\u00bb, erz\u00e4hlten sie der BBC.<\/p>\n<p>Viele Schaulustige z\u00fcckten ihre Handys, um den Moment bei strahlendem Sonnenschein festzuhalten. Die besseren Aussichten auf gutes Wetter sind der Grund, weshalb die Feier im Juni stattfindet &#8211; Geburtstag hat Charles III. n\u00e4mlich eigentlich im November.<\/p>\n<p>In der Menge waren auch einige Monarchie-Gegner zu entdecken. Mit Plakaten mit Aufschriften wie \u00abNieder mit der Krone\u00bb taten sie laut PA ihre Meinung kund.<\/p>\n<p>K\u00f6nig Charles III. ist schon zum vierten Mal als Monarch dabei<\/p>\n<p>Die Tradition der Milit\u00e4rparade \u00abTrooping the Colour\u00bb reicht bis ins 18. Jahrhundert zur\u00fcck. \u00abColour\u00bb meint dabei die Fahne, die bei der Parade pr\u00e4sentiert wird. Diesen Job \u00fcbernimmt jedes Jahr ein anderes der f\u00fcnf Infanterie-Garderegimenter des K\u00f6nigs.\u00a0<\/p>\n<p>Diesmal sind es die sogenannten Grenadier Guards. Mehr als 1.000 Soldaten und Milit\u00e4rkapellen sind in der Regel bei der Parade dabei. Zum Abschluss f\u00fchrt eine Prozession wieder zur\u00fcck zum Buckingham-Palast.<\/p>\n<p>Neben Fans der K\u00f6nigsfamilie d\u00fcrften auch einige Flugzeug-Enthusiasten unter den Besuchern der Parade sein. Zum Abschluss der Zeremonie \u00fcberfliegen n\u00e4mlich Dutzende Milit\u00e4rflugzeuge den Palast, w\u00e4hrend die Royals winkend auf dem Balkon stehen.\u00a0<\/p>\n<p>Den Ablauf d\u00fcrfte Charles inzwischen im Schlaf kennen. Bereits mit drei Jahren war er zum ersten Mal bei der Parade dabei &#8211; Monarch war damals noch George VI., sein Opa. Nach vielen Jahren mit Queen Elizabeth II. als Monarchin nahm Charles nach deren Tod (im September 2022) in diesem Jahr schon zum vierten Mal als K\u00f6nig an dem Spektakel teil.<\/p>\n","protected":false},"excerpt":{"rendered":"London (dpa) &#8211; Tausende Briten und Touristen haben die britische K\u00f6nigsfamilie bei der Geburtstagsparade f\u00fcr K\u00f6nig Charles III.&hellip;\n","protected":false},"author":2,"featured_media":1091439,"comment_status":"","ping_status":"","sticky":false,"template":"","format":"standard","meta":{"footnotes":"","_share_on_mastodon":"0"},"categories":[1841],"tags":[37777,1605,3364,29,22935,30,551,2549,569,1209],"class_list":["post-1091438","post","type-post","status-publish","format-standard","has-post-thumbnail","category-bielefeld","tag-adel","tag-bielefeld","tag-de","tag-deutschland","tag-fest-kultur","tag-germany","tag-grossbritannien","tag-leute","tag-monarchie","tag-nordrhein-westfalen"],"share_on_mastodon":{"url":"https:\/\/pubeurope.com\/@de\/116742869988636939","error":""},"_links":{"self":[{"href":"https:\/\/www.europesays.com\/de\/wp-json\/wp\/v2\/posts\/1091438","targetHints":{"allow":["GET"]}}],"collection":[{"href":"https:\/\/www.europesays.com\/de\/wp-json\/wp\/v2\/posts"}],"about":[{"href":"https:\/\/www.europesays.com\/de\/wp-json\/wp\/v2\/types\/post"}],"author":[{"embeddable":true,"href":"https:\/\/www.europesays.com\/de\/wp-json\/wp\/v2\/users\/2"}],"replies":[{"embeddable":true,"href":"https:\/\/www.europesays.com\/de\/wp-json\/wp\/v2\/comments?post=1091438"}],"version-history":[{"count":0,"href":"https:\/\/www.europesays.com\/de\/wp-json\/wp\/v2\/posts\/1091438\/revisions"}],"wp:featuredmedia":[{"embeddable":true,"href":"https:\/\/www.europesays.com\/de\/wp-json\/wp\/v2\/media\/1091439"}],"wp:attachment":[{"href":"https:\/\/www.europesays.com\/de\/wp-json\/wp\/v2\/media?parent=1091438"}],"wp:term":[{"taxonomy":"category","embeddable":true,"href":"https:\/\/www.europesays.com\/de\/wp-json\/wp\/v2\/categories?post=1091438"},{"taxonomy":"post_tag","embeddable":true,"href":"https:\/\/www.europesays.com\/de\/wp-json\/wp\/v2\/tags?post=1091438"}],"curies":[{"name":"wp","href":"https:\/\/api.w.org\/{rel}","templated":true}]}}