{"id":1091465,"date":"2026-06-13T13:03:24","date_gmt":"2026-06-13T13:03:24","guid":{"rendered":"https:\/\/www.europesays.com\/de\/1091465\/"},"modified":"2026-06-13T13:03:24","modified_gmt":"2026-06-13T13:03:24","slug":"29-meter-hier-flattert-deutschlands-hoechste-deutschland-fahne-regional","status":"publish","type":"post","link":"https:\/\/www.europesays.com\/de\/1091465\/","title":{"rendered":"29 Meter!: Hier flattert Deutschlands h\u00f6chste Deutschland-Fahne | Regional"},"content":{"rendered":"<p><a class=\"skip-content skip-content--link\" href=\"#in-content-skip-link-target-v-0-0\">TTS-Player \u00fcberspringen\u21b5<\/a><a id=\"in-content-skip-link-target-v-0-0\" class=\"skip-content--target-link-hidden skip-content skip-content--target-link\" href=\"#in-content-skip-link-target-v-0-0\">Artikel weiterlesen<\/a><\/p>\n<p data-780e759e=\"0-1079\">Schorndorf (Baden-W\u00fcrttemberg) \u2013 <b>Diese Fu\u00dfball-Liebe reicht bis in den Himmel. Kurz vor dem ersten WM-Spiel der deutschen Nationalmannschaft gegen Cura\u00e7ao haben Mitglieder der Freiwilligen Feuerwehr im Schorndorfer Ortsteil Miedelsbach eine spektakul\u00e4re Aktion gestartet: Nach Angaben der Einsatzkr\u00e4fte k\u00f6nnte dort derzeit Deutschlands h\u00f6chster Fahnenmast stehen. In schwindelerregenden 29 Metern H\u00f6he flattert seit Freitagabend die Deutschlandfahne \u00fcber dem Ort. <\/b><\/p>\n<p data-780e759e=\"0-1079\">Die Idee kam den <a href=\"https:\/\/www.bild.de\/themen\/organisationen\/feuerwehr\/politik-nachrichten-news-fotos-videos-20421624.bild.html\" class=\"text-link\" rel=\"nofollow noopener\" target=\"_blank\">Feuerwehrleuten<\/a> eher zuf\u00e4llig. Andr\u00e9 Marx (42) erz\u00e4hlt BILD: \u201eEigentlich wollten wir Anfang Juni unseren Maibaum abbauen. Dann dachten wir: Warum nicht daraus den h\u00f6chsten Fahnenmast Deutschlands machen? Wir sind gro\u00dfe Fans der Nationalmannschaft und dr\u00fccken nat\u00fcrlich die Daumen.\u201c<\/p>\n<p><img decoding=\"async\" width=\"992\" height=\"558\" alt=\"Auch aus der Entfernung ist die Fahne gut zu erkennen\" src=\"https:\/\/www.europesays.com\/de\/wp-content\/uploads\/2026\/06\/6d9f4f53576ceb5b88b80b252fa2b818,f5de7196.jpeg\"   class=\"landscape\" loading=\"lazy\"\/><\/p>\n<p class=\"fig__caption__text\">Auch aus der Entfernung ist die Deutschland-Fahne gut in Miedelsbach zu erkennen. 2000 Menschen leben dort<\/p>\n<p>Foto: Feuerwehr Miedelsbach<\/p>\n<p>Berliner Fahnenmast 28,5 Meter hoch <\/p>\n<p data-780e759e=\"0-1079\">Weil die Kameraden in <a href=\"https:\/\/www.bild.de\/regional\/baden-wuerttemberg\/home-aK1F2gtJlD2xs4m3tWkn\" class=\"text-link\" rel=\"nofollow noopener\" target=\"_blank\">Baden-W\u00fcrttemberg<\/a> das Auftaktspiel ohnehin gemeinsam schauen wollten, passte die Aktion perfekt. Der Mast steht nur wenige Meter vom Feuerwehrhaus entfernt \u2013 und musste nat\u00fcrlich vermessen werden. Denn die Konkurrenz war bekannt: Der dauerhaft installierte Mast mit der \u201e<a href=\"https:\/\/www.bild.de\/themen\/ereignisse\/wiedervereinigung\/news-nachrichten-news-fotos-videos-16911808.bild.html\" class=\"text-link\" rel=\"nofollow noopener\" target=\"_blank\">Flagge der Einheit<\/a>\u201c vor dem Reichstagsgeb\u00e4ude in Berlin gilt als Deutschlands h\u00f6chster Fahnenmast. H\u00f6he: 28,5 Meter.<\/p>\n<p>Mit Drehleiter die H\u00f6he gemessen <\/p>\n<p data-780e759e=\"1080-2159\">Feuerwehrmann Manuel Siegle (38): \u201eWir haben mit Meterstab, Drehleiter und sogar einer Drohne gemessen.\u201c Das Ergebnis: stolze 29 Meter \u2013 und damit nach Angaben der Feuerwehr ein neuer Bestwert. F\u00fcr die XXL-Beflaggung montierten die Feuerwehrleute eigens eine Halterung und bestellten eine f\u00fcnf Meter lange Deutschlandflagge. Seitdem zieht der Riesen-Mast zahlreiche Bewohner an, die ihre Handys f\u00fcr Erinnerungsfotos z\u00fccken. Auch ein BILD-Leserreporter dr\u00fcckte auf den Ausl\u00f6ser. <\/p>\n<p><img decoding=\"async\" width=\"992\" height=\"1110\" alt=\"Fr\u00fcher Maibaum, jetzt Fahnenmast zur WM\" src=\"https:\/\/www.europesays.com\/de\/wp-content\/uploads\/2026\/06\/d934e325e741bc18c5309cbffcfddde2,24cd97d5.jpeg\"   class=\"dynamic\" loading=\"lazy\"\/><\/p>\n<p class=\"fig__caption__text\">Fr\u00fcher Maibaum, jetzt Fahnenmast zur WM<\/p>\n<p>Foto: Feuerwehr Miedelsbach<\/p>\n<p data-780e759e=\"1080-2159\">Ortsvorsteher Thomas R\u00f6sch (60, CDU): \u201eWir sind schon ein wenig stolz darauf, dass wir zur <a href=\"https:\/\/www.bild.de\/sport\/fussball\/fifa-wm-2026-QNToDBgFYEJ5vy2KN6mE\" class=\"text-link\" rel=\"nofollow noopener\" target=\"_blank\">WM<\/a> so einen besonderen Fahnenmast haben.\u201c Und was passiert nach dem Turnier mit dem Rekordhalter aus Holz? Der wird zerlegt \u2013 aber nicht entsorgt. Aus dem ehemaligen Fahnenmast sollen M\u00f6belst\u00fccke entstehen. Feuerwehrmann Andr\u00e9 Marx mit einem Augenzwinkern: \u201eWenn Deutschland Weltmeister wird, bauen wir daraus Weltmeister-Hocker.\u201c<\/p>\n","protected":false},"excerpt":{"rendered":"TTS-Player \u00fcberspringen\u21b5Artikel weiterlesen Schorndorf (Baden-W\u00fcrttemberg) \u2013 Diese Fu\u00dfball-Liebe reicht bis in den Himmel. Kurz vor dem ersten WM-Spiel&hellip;\n","protected":false},"author":2,"featured_media":1091466,"comment_status":"","ping_status":"","sticky":false,"template":"","format":"standard","meta":{"footnotes":"","_share_on_mastodon":"0"},"categories":[2],"tags":[331,3924,332,3922,1634,9180,3364,29,985,40018,347,30,13,14,3923,15,3921,96612,2191,6147,12,8761,138370,11404],"class_list":["post-1091465","post","type-post","status-publish","format-standard","has-post-thumbnail","category-deutschland","tag-aktuelle-nachrichten","tag-aktuelle-nachrichten-aus-deutschland","tag-aktuelle-news","tag-aktuelle-news-aus-deutschland","tag-baden-wuerttemberg","tag-baeume","tag-de","tag-deutschland","tag-feuerwehr","tag-fichte","tag-fussball","tag-germany","tag-headlines","tag-nachrichten","tag-nachrichten-aus-deutschland","tag-news","tag-news-aus-deutschland","tag-oeffentliche-sicherheit","tag-pflanzen","tag-rekord","tag-schlagzeilen","tag-schorndorf","tag-team-first","tag-wm"],"share_on_mastodon":{"url":"https:\/\/pubeurope.com\/@de\/116742942172330163","error":""},"_links":{"self":[{"href":"https:\/\/www.europesays.com\/de\/wp-json\/wp\/v2\/posts\/1091465","targetHints":{"allow":["GET"]}}],"collection":[{"href":"https:\/\/www.europesays.com\/de\/wp-json\/wp\/v2\/posts"}],"about":[{"href":"https:\/\/www.europesays.com\/de\/wp-json\/wp\/v2\/types\/post"}],"author":[{"embeddable":true,"href":"https:\/\/www.europesays.com\/de\/wp-json\/wp\/v2\/users\/2"}],"replies":[{"embeddable":true,"href":"https:\/\/www.europesays.com\/de\/wp-json\/wp\/v2\/comments?post=1091465"}],"version-history":[{"count":0,"href":"https:\/\/www.europesays.com\/de\/wp-json\/wp\/v2\/posts\/1091465\/revisions"}],"wp:featuredmedia":[{"embeddable":true,"href":"https:\/\/www.europesays.com\/de\/wp-json\/wp\/v2\/media\/1091466"}],"wp:attachment":[{"href":"https:\/\/www.europesays.com\/de\/wp-json\/wp\/v2\/media?parent=1091465"}],"wp:term":[{"taxonomy":"category","embeddable":true,"href":"https:\/\/www.europesays.com\/de\/wp-json\/wp\/v2\/categories?post=1091465"},{"taxonomy":"post_tag","embeddable":true,"href":"https:\/\/www.europesays.com\/de\/wp-json\/wp\/v2\/tags?post=1091465"}],"curies":[{"name":"wp","href":"https:\/\/api.w.org\/{rel}","templated":true}]}}