{"id":1091574,"date":"2026-06-13T14:06:16","date_gmt":"2026-06-13T14:06:16","guid":{"rendered":"https:\/\/www.europesays.com\/de\/1091574\/"},"modified":"2026-06-13T14:06:16","modified_gmt":"2026-06-13T14:06:16","slug":"ein-troestlicher-totentanz-requiems-entfacht-begeisterungssturm-im-pfalzbau-ludwigshafen","status":"publish","type":"post","link":"https:\/\/www.europesays.com\/de\/1091574\/","title":{"rendered":"Ein tr\u00f6stlicher Totentanz: \u201eRequiem(s)\u201c entfacht Begeisterungssturm im Pfalzbau &#8211; Ludwigshafen"},"content":{"rendered":"<p class=\"rhp-dpa-teaser\"><b>Wie lebt man weiter, wenn der andere wegsinkt? Gastspiel \u201eRequiem(s)\u201c des Ballet Preljocaj im Pfalzbau rei\u00dft Paare auseinander und denkt bildgewaltig \u00fcber Trauer  nach.<\/b><\/p>\n<p>Hach, wie lieblich umspielen sich  Paare  in wei\u00dfen Hemdchen zu barocken Kl\u00e4ngen. Fast k\u00f6nnte man sagen beliebig, ein bisschen banal. Kaum kommt dieser Gedanke auf, da schl\u00e4gt die Bombe ein und vibriert bis in die Eingeweide. Sand spritzt \u00fcber die Videoleinwand. Als sich der Staub legt, f\u00e4llt der Blick auf eine Stra\u00dfenschlucht ges\u00e4umt von H\u00e4usern, von denen nur noch kriegszerfetzte Gerippe \u00fcbrig sind. Davor sind Menschen zu Boden gefallen,<\/p>\n<p class=\"rhp-teaser\"><b>Wie lebt man weiter, wenn der andere wegsinkt? Gastspiel \u201eRequiem(s)\u201c des Ballet Preljocaj im Pfalzbau rei\u00dft Paare auseinander und denkt bildgewaltig \u00fcber Trauer  nach.<\/b><\/p>\n","protected":false},"excerpt":{"rendered":"Wie lebt man weiter, wenn der andere wegsinkt? Gastspiel \u201eRequiem(s)\u201c des Ballet Preljocaj im Pfalzbau rei\u00dft Paare auseinander&hellip;\n","protected":false},"author":2,"featured_media":1091575,"comment_status":"","ping_status":"","sticky":false,"template":"","format":"standard","meta":{"footnotes":"","_share_on_mastodon":"0"},"categories":[1845],"tags":[231651,1634,9302,3364,29,548,663,3934,30,13,80,4060,25476,2096,14,231650,15,231649,12,41656],"class_list":["post-1091574","post","type-post","status-publish","format-standard","has-post-thumbnail","category-mannheim","tag-angelin-preljocaj","tag-baden-wuerttemberg","tag-begeisterungssturm","tag-de","tag-deutschland","tag-eu","tag-europa","tag-europe","tag-germany","tag-headlines","tag-kultur","tag-lokal","tag-ludwigshafen","tag-mannheim","tag-nachrichten","tag-new-york-city-ballet","tag-news","tag-primo-levi","tag-schlagzeilen","tag-totentanz"],"share_on_mastodon":{"url":"https:\/\/pubeurope.com\/@de\/116743188639989712","error":""},"_links":{"self":[{"href":"https:\/\/www.europesays.com\/de\/wp-json\/wp\/v2\/posts\/1091574","targetHints":{"allow":["GET"]}}],"collection":[{"href":"https:\/\/www.europesays.com\/de\/wp-json\/wp\/v2\/posts"}],"about":[{"href":"https:\/\/www.europesays.com\/de\/wp-json\/wp\/v2\/types\/post"}],"author":[{"embeddable":true,"href":"https:\/\/www.europesays.com\/de\/wp-json\/wp\/v2\/users\/2"}],"replies":[{"embeddable":true,"href":"https:\/\/www.europesays.com\/de\/wp-json\/wp\/v2\/comments?post=1091574"}],"version-history":[{"count":0,"href":"https:\/\/www.europesays.com\/de\/wp-json\/wp\/v2\/posts\/1091574\/revisions"}],"wp:featuredmedia":[{"embeddable":true,"href":"https:\/\/www.europesays.com\/de\/wp-json\/wp\/v2\/media\/1091575"}],"wp:attachment":[{"href":"https:\/\/www.europesays.com\/de\/wp-json\/wp\/v2\/media?parent=1091574"}],"wp:term":[{"taxonomy":"category","embeddable":true,"href":"https:\/\/www.europesays.com\/de\/wp-json\/wp\/v2\/categories?post=1091574"},{"taxonomy":"post_tag","embeddable":true,"href":"https:\/\/www.europesays.com\/de\/wp-json\/wp\/v2\/tags?post=1091574"}],"curies":[{"name":"wp","href":"https:\/\/api.w.org\/{rel}","templated":true}]}}