{"id":1091588,"date":"2026-06-13T14:13:14","date_gmt":"2026-06-13T14:13:14","guid":{"rendered":"https:\/\/www.europesays.com\/de\/1091588\/"},"modified":"2026-06-13T14:13:14","modified_gmt":"2026-06-13T14:13:14","slug":"wuelfrath-ist-auf-dem-weg-zur-kinderfreundlichen-stadt","status":"publish","type":"post","link":"https:\/\/www.europesays.com\/de\/1091588\/","title":{"rendered":"W\u00fclfrath ist auf dem Weg zur kinderfreundlichen Stadt"},"content":{"rendered":"<p class=\"text_ohne_einzug richtext text-em-55 !leading-serif mx-6 desktop:mx-0\">  Mit wachen Augen und vor allem ganz anderem Fokus gehen Kinder durch eine Stadt. Wie Kinder W\u00fclfrath wahrnehmen und was sich hier ver\u00e4ndern muss, ist das Thema eines neuen Projekts. Unter dem Titel \u201eKinderfreundliches W\u00fclfrath\u201c ist das gemeinsame Sozialraumprojekt des Vereins Hilfe f\u00fcr Kinder e.V., der Stadt W\u00fclfrath sowie den Familienzentren Ellenbeek und D\u00fcsseler Tor bereits im Mai gestartet, wie die Stadt nun mitteilt. Ziel des Projekts sei es, die Perspektiven von Kindern in die Stadtentwicklung einzubeziehen und W\u00fclfrath kinderfreundlicher zu gestalten.<\/p>\n<p>Die Kinder als Reporter im Stadtteil      <\/p>\n<p class=\"richtext text-em-55 !leading-serif mx-6 desktop:mx-0\">In mehreren Phasen erleben Vorschulkinder seitdem ihre Stadt als Reporterinnen und Reporter: Sie erkunden ihr Wohnumfeld, fotografieren Orte, die ihnen gefallen oder missfallen, und \u00e4u\u00dfern ihre W\u00fcnsche und Ideen f\u00fcr ein kinderfreundliches W\u00fclfrath. Begleitet werden sie dabei von ihren Erzieherinnen, Eltern, Mitarbeitenden des Vereins und Mitarbeitenden der Verkehrspolizei.<\/p>\n<p>Was w\u00fcrden Kinder als B\u00fcrgermeister \u00e4ndern?      <\/p>\n<p class=\"richtext text-em-55 !leading-serif mx-6 desktop:mx-0\">Wie bei vielen Projekten bestand der Auftakt aus vorbereitenden Gespr\u00e4chen zwischen dem Verein, den Familienzentren und der Stadtverwaltung, um Logistik, Zeitplanung und Abl\u00e4ufe abzustimmen. Anschlie\u00dfend wurden die Kinder befragt: Was gef\u00e4llt dir in deiner Stadt und was nicht? Was w\u00fcnschst du dir f\u00fcr deine Stadt? Und auch diese Frage wurde gestellt: Was w\u00fcrdest du \u00e4ndern, wenn du B\u00fcrgermeister w\u00e4rst?<\/p>\n<p>Erkundung bei Sozialraumspazierg\u00e4ngen      <\/p>\n<p class=\"richtext text-em-55 !leading-serif mx-6 desktop:mx-0\">Auf Basis der Antworten planten die Projektteams sogenannte Sozialraumspazierg\u00e4nge. Das hei\u00dft, in Kleingruppen besuchten die Kinder Orte in ihrer Umgebung und hielten ihre Eindr\u00fccke fotografisch fest. Die so entstandenen Bilder und Kommentare werden nun ausgewertet und in Poster-Pr\u00e4sentationen zusammengestellt.<\/p>\n<p>Ergebnisse werden von den Kindern bei Kinderforen pr\u00e4sentiert      <\/p>\n<p class=\"richtext text-em-55 !leading-serif mx-6 desktop:mx-0\">Ein H\u00f6hepunkt des Projektes kommt aber erst noch: Bei Kinderforen in den beiden Familienzentren Ende Juni und Anfang Juli pr\u00e4sentieren die Vorschulkinder ihre Ergebnisse dem B\u00fcrgermeister und der Verwaltung. Dazu sollen die Fotos und Anregungen in einem Booklet dokumentiert und an die Stadt \u00fcberreicht werden, erkl\u00e4rt die Stadt.<\/p>\n<p>Auch die Politik wird einbezogen      <\/p>\n<p class=\"richtext text-em-55 !leading-serif mx-6 desktop:mx-0\">Etwa ein halbes Jahr sp\u00e4ter folgt ein \u201eNachgefragt\u201c-Termin im Rathaus, bei dem die umgesetzten und geplanten Ma\u00dfnahmen gemeinsam mit Politik und Verwaltung besprochen werden. Abschlie\u00dfend werden die Projektergebnisse auch dem Jugendhilfeausschuss vorgestellt.<\/p>\n<p class=\"richtext text-em-55 !leading-serif mx-6 desktop:mx-0\">\u201eMit dem Projekt ,Kinderfreundliches W\u00fclfrath\u2019 werden die Stimmen der Kinder ernst genommen \u2013 ihre Beobachtungen und Ideen tragen dazu bei, die Stadt aus Kinderaugen zu sehen und gemeinsam noch lebenswerter zu gestalten\u201c, fasst die Stadtverwaltung das Ziel des gro\u00df angelegten Projekts zusammen.<\/p>\n","protected":false},"excerpt":{"rendered":"Mit wachen Augen und vor allem ganz anderem Fokus gehen Kinder durch eine Stadt. Wie Kinder W\u00fclfrath wahrnehmen&hellip;\n","protected":false},"author":2,"featured_media":1091589,"comment_status":"","ping_status":"","sticky":false,"template":"","format":"standard","meta":{"footnotes":"","_share_on_mastodon":"0"},"categories":[1840],"tags":[3364,29,209173,30,36245,22838,231655,66114,1209,2202,7557,10434,17075,9044,27167,4418],"class_list":["post-1091588","post","type-post","status-publish","format-standard","has-post-thumbnail","category-wuppertal","tag-de","tag-deutschland","tag-familienzentren","tag-germany","tag-gestalten","tag-ideen","tag-kinderfreundliches","tag-mitarbeitenden","tag-nordrhein-westfalen","tag-projekt","tag-stadtverwaltung","tag-verein","tag-verwaltung","tag-vorschulkinder","tag-wuelfrath","tag-wuppertal"],"share_on_mastodon":{"url":"https:\/\/pubeurope.com\/@de\/116743216179301761","error":""},"_links":{"self":[{"href":"https:\/\/www.europesays.com\/de\/wp-json\/wp\/v2\/posts\/1091588","targetHints":{"allow":["GET"]}}],"collection":[{"href":"https:\/\/www.europesays.com\/de\/wp-json\/wp\/v2\/posts"}],"about":[{"href":"https:\/\/www.europesays.com\/de\/wp-json\/wp\/v2\/types\/post"}],"author":[{"embeddable":true,"href":"https:\/\/www.europesays.com\/de\/wp-json\/wp\/v2\/users\/2"}],"replies":[{"embeddable":true,"href":"https:\/\/www.europesays.com\/de\/wp-json\/wp\/v2\/comments?post=1091588"}],"version-history":[{"count":0,"href":"https:\/\/www.europesays.com\/de\/wp-json\/wp\/v2\/posts\/1091588\/revisions"}],"wp:featuredmedia":[{"embeddable":true,"href":"https:\/\/www.europesays.com\/de\/wp-json\/wp\/v2\/media\/1091589"}],"wp:attachment":[{"href":"https:\/\/www.europesays.com\/de\/wp-json\/wp\/v2\/media?parent=1091588"}],"wp:term":[{"taxonomy":"category","embeddable":true,"href":"https:\/\/www.europesays.com\/de\/wp-json\/wp\/v2\/categories?post=1091588"},{"taxonomy":"post_tag","embeddable":true,"href":"https:\/\/www.europesays.com\/de\/wp-json\/wp\/v2\/tags?post=1091588"}],"curies":[{"name":"wp","href":"https:\/\/api.w.org\/{rel}","templated":true}]}}