{"id":1091590,"date":"2026-06-13T14:14:29","date_gmt":"2026-06-13T14:14:29","guid":{"rendered":"https:\/\/www.europesays.com\/de\/1091590\/"},"modified":"2026-06-13T14:14:29","modified_gmt":"2026-06-13T14:14:29","slug":"lippe-weissenfeld-soll-am-montag-zum-neuen-wuppertaler-dezernenten-gewaehlt-werden","status":"publish","type":"post","link":"https:\/\/www.europesays.com\/de\/1091590\/","title":{"rendered":"Lippe-Wei\u00dfenfeld soll am Montag zum neuen Wuppertaler Dezernenten gew\u00e4hlt werden"},"content":{"rendered":"<p class=\"text_ohne_einzug richtext text-em-55 !leading-serif mx-6 desktop:mx-0\">Es ging zuletzt selten gut aus in Wuppertal, wenn Ratsfraktionen einen Dezernenten auserkoren hatten und bei den anderen Fraktionen um Zustimmung baten. Im Fall von Hagen W. Lippe-Wei\u00dfenfeld, der am kommenden Montag im Wuppertaler Stadtrat zum neuen Dezernenten f\u00fcr Kultur, Sport, Sicherheit und Ordnung in der Nachfolge von Matthias Nocke gew\u00e4hlt werden soll, scheinen die Dinge anders zu liegen: Lippe-Wei\u00dfenfeld darf offenbar auf ausreichend Zustimmung z\u00e4hlen. W\u00e4hrend die Fraktion Die Linke den Mann aus dem alten Adelsgeschlecht wohl ablehnt und sich die Gr\u00fcnen, wie man h\u00f6rt, enthalten wollen, bekommt die Kooperation aus CDU und SPD im Rat in der Frage Lippe-Wei\u00dfenfeld jetzt offensive Unterst\u00fctzung von der Fraktion der FDP\/WfW. Man unterst\u00fctze die Kandidatur ausdr\u00fccklich, lie\u00dfen die Liberalen per Pressemitteilung verlautbaren. Lippe-Wei\u00dfenfeld habe \u201ebei seiner Vorstellung in unserer Fraktion einen sehr guten Eindruck hinterlassen\u201c, hei\u00dft es. \u201eEr bringt insbesondere f\u00fcr den Kulturbereich fundierte Fachkenntnisse, unternehmerische Erfahrung \u2013 auch im Umgang mit gro\u00dfen Kulturprojekten \u2013 sowie ein breites Netzwerk mit. Das sind wichtige Voraussetzungen, um bedeutende Vorhaben wie das Pina-Bausch-Zentrum erfolgreich voranzubringen und zugleich die bestehenden Kultureinrichtungen sowie die Freie Szene nachhaltig zu st\u00e4rken\u201c, so die Fraktionschefin Karin van der Most. Im Bereich Schutz und Ordnung m\u00fcsse sich Lippe-Wei\u00dfenfeld sicher einarbeiten, das traue man ihm aber zu. \u201eAngesichts des ungew\u00f6hnlichen Zuschnitts des Dezernats wird man allerdings kaum einen Kandidaten finden, der in allen drei Aufgabenfeldern gleicherma\u00dfen \u00fcber langj\u00e4hrige Expertise verf\u00fcgt.\u201c Zudem habe der Kandidat aufgezeigt, wie man die Aufgabenfelder \u201esinnvoll miteinander verkn\u00fcpfen\u201c k\u00f6nne.<\/p>\n","protected":false},"excerpt":{"rendered":"Es ging zuletzt selten gut aus in Wuppertal, wenn Ratsfraktionen einen Dezernenten auserkoren hatten und bei den anderen&hellip;\n","protected":false},"author":2,"featured_media":1091591,"comment_status":"","ping_status":"","sticky":false,"template":"","format":"standard","meta":{"footnotes":"","_share_on_mastodon":"0"},"categories":[1840],"tags":[18412,3364,29,173266,17015,6616,30,31254,80,159350,165271,231657,21069,1209,22953,118145,3931,231656,4418,1491,27313],"class_list":["post-1091590","post","type-post","status-publish","format-standard","has-post-thumbnail","category-wuppertal","tag-bereich","tag-de","tag-deutschland","tag-dezernenten","tag-fraktion","tag-fraktionschefin","tag-germany","tag-gewaehlt","tag-kultur","tag-kulturbereich","tag-kultureinrichtungen","tag-kulturprojekten","tag-lippe","tag-nordrhein-westfalen","tag-ordnung","tag-ratsfraktionen","tag-sicherheit","tag-weissenfeld","tag-wuppertal","tag-zahlen","tag-zustimmung"],"share_on_mastodon":{"url":"https:\/\/pubeurope.com\/@de\/116743219994710290","error":""},"_links":{"self":[{"href":"https:\/\/www.europesays.com\/de\/wp-json\/wp\/v2\/posts\/1091590","targetHints":{"allow":["GET"]}}],"collection":[{"href":"https:\/\/www.europesays.com\/de\/wp-json\/wp\/v2\/posts"}],"about":[{"href":"https:\/\/www.europesays.com\/de\/wp-json\/wp\/v2\/types\/post"}],"author":[{"embeddable":true,"href":"https:\/\/www.europesays.com\/de\/wp-json\/wp\/v2\/users\/2"}],"replies":[{"embeddable":true,"href":"https:\/\/www.europesays.com\/de\/wp-json\/wp\/v2\/comments?post=1091590"}],"version-history":[{"count":0,"href":"https:\/\/www.europesays.com\/de\/wp-json\/wp\/v2\/posts\/1091590\/revisions"}],"wp:featuredmedia":[{"embeddable":true,"href":"https:\/\/www.europesays.com\/de\/wp-json\/wp\/v2\/media\/1091591"}],"wp:attachment":[{"href":"https:\/\/www.europesays.com\/de\/wp-json\/wp\/v2\/media?parent=1091590"}],"wp:term":[{"taxonomy":"category","embeddable":true,"href":"https:\/\/www.europesays.com\/de\/wp-json\/wp\/v2\/categories?post=1091590"},{"taxonomy":"post_tag","embeddable":true,"href":"https:\/\/www.europesays.com\/de\/wp-json\/wp\/v2\/tags?post=1091590"}],"curies":[{"name":"wp","href":"https:\/\/api.w.org\/{rel}","templated":true}]}}