{"id":1091624,"date":"2026-06-13T14:38:20","date_gmt":"2026-06-13T14:38:20","guid":{"rendered":"https:\/\/www.europesays.com\/de\/1091624\/"},"modified":"2026-06-13T14:38:20","modified_gmt":"2026-06-13T14:38:20","slug":"ausstellung-im-berggarten-wilde-vielfalt-im-garten","status":"publish","type":"post","link":"https:\/\/www.europesays.com\/de\/1091624\/","title":{"rendered":"Ausstellung im Berggarten: \u201eWilde Vielfalt im Garten\u201c"},"content":{"rendered":"<p>In den <a href=\"https:\/\/www.hannover-entdecken.de\/herrenhaeuser-gaerten\/\" data-internallinksmanager029f6b8e52c=\"3735\" title=\"Herrenh\u00e4user G\u00e4rten - Das barocke Highlight in Hannover\" rel=\"nofollow noopener\" target=\"_blank\">Herrenh\u00e4user G\u00e4rten<\/a> ist ab dem 11. Juni die Ausstellung \u201eWilde Vielfalt im Garten\u201c zu sehen. Sie zeigt, wie lebendig unsere G\u00e4rten sind: Pilze, Moose, Kleinstlebewesen, Insekten und viele andere Tiere besiedeln Parks und Privatg\u00e4rten. Ihre Lebensr\u00e4ume und \u00f6kologischen Beziehungen werden anschaulich vorgestellt. \u201eDer <a href=\"https:\/\/www.hannover-entdecken.de\/berggarten-hannover\/\" data-internallinksmanager029f6b8e52c=\"3733\" title=\"Berggarten Hannover - Botanischer Garten mit gro\u00dfer Pflanzenvielfalt\" rel=\"nofollow noopener\" target=\"_blank\">Berggarten<\/a> beherbergt nicht nur sorgsam kultivierte Pflanzen zum Anschauen\u201c, sagt Direktorin Prof. Dr. Anke Seegert, \u201eEr ist auch ein wichtiges Refugium der Natur mitten in der Stadt. Wie sch\u00f6n, dass die Ausstellung den Blick darauf lenkt\u201c. Entwickelt hat die Schau der Verband Botanischer G\u00e4rten, im Berggarten betreut sie Dr. Boris Schlumpberger, Kurator der Herrenh\u00e4user G\u00e4rten. Er bietet auch F\u00fchrungen sowie einen Vortrag zum Thema \u201eWilde Vielfalt\u201c an.<\/p>\n<p>Beim Rundgang durch den Berggarten lassen sich fast alle vorgestellten Lebensr\u00e4ume entdecken, vom Baum \u00fcber die Hecke bis zum Totholz. Sie sind mit lehrreichen Steckbriefen gekennzeichnet. 15 gro\u00dfformatige Informationstafeln im Subtropenhof sind der Kern der Ausstellung. Sie beantworten Fragen wie \u201eWelche Rolle spielen Pilze, Falter, Wespen und andere im Garten, was sagen uns Flechten, wer wohnt im Inneren der Pflanzen und wie kann ich die wilden Bewohner selbst identifizieren?\u201c Besucher*innen k\u00f6nnen nicht nur die lebendige Vielfalt im Berggarten kennenlernen, sondern auch viele Tipps und Ideen f\u00fcr das eigene Biotop im Garten oder auf dem Balkon mit nach Hause nehmen.<\/p>\n<p>Einige Fakten aus der Ausstellung<\/p>\n<ul>\n<li>Etwa ein Drittel aller wildlebenden Tier-, Pflanzen- und Pilzarten sind in Deutschland im R\u00fcckgang oder bereits verschwunden.<\/li>\n<li>Pilze sind weder Tiere noch Pflanzen. Vermutlich existieren weltweit mehrere Millionen Arten.<\/li>\n<li>Flechten wachsen meist nur wenige Millimeter im Jahr.<br \/>Moose k\u00f6nnen fast vollst\u00e4ndig austrocknen, \u00fcber 20 Jahre Trockenphase sind belegt.<\/li>\n<li>Taumelk\u00e4fer k\u00f6nnen mit geteilten Augen gleichzeitig \u00fcber und unter Wasser Beute erkennen.<\/li>\n<li>Eine Kohlmeise braucht im Fr\u00fchjahr \u00fcber 10.000 Raupen, um ihre Jungen zu ern\u00e4hren.<\/li>\n<li>Bis zu 2000 M\u00fccken f\u00e4ngt eine Zwergfledermaus pro Nacht.<br \/>Gef\u00fcllte Bl\u00fcten sind f\u00fcr Best\u00e4uber meist wertlos.<\/li>\n<li>Der Gefleckte Aronstab erw\u00e4rmt nachts seinen Bl\u00fctenstand und lockt so Best\u00e4uber an.<\/li>\n<li>Die Sal-Weide ist einer der \u00f6kologisch wertvollsten heimischen B\u00e4ume.<\/li>\n<\/ul>\n<p>Informationen zur Ausstellung<\/p>\n<p>Ausstellung im Berggarten \u201eWilde Vielfalt im Garten\u201c: 11. Juni bis 18. Oktober 2026<\/p>\n<p>Im Garteneintritt enthalten (Berggarten: 5 Euro, erm\u00e4\u00dfigt 3,50 Euro, Kinder und Jugendliche bis 17 Jahre frei)<br \/>T\u00e4glich ab 9 Uhr ge\u00f6ffnet.<br \/>Informationen: <a href=\"http:\/\/www.herrenhausen.de\" target=\"_blank\" rel=\"noopener nofollow\">www.herrenhausen.de<\/a>, \u00fcberregional Verband Botanischer G\u00e4rten, <a href=\"http:\/\/www.verband-botanischer-gaerten.de\" target=\"_blank\" rel=\"noopener nofollow\">www.verband-botanischer-gaerten.de<\/a>.<\/p>\n<p>Rahmenprogramm:<\/p>\n<p><strong>Sonnabend 13. Juni, 15 Uhr, Berggarten<\/strong><br \/>Kuratorenf\u00fchrung \u201eDer Berggarten als Lebensraum\u201c mit Dr. Boris Schlumpberger, Rundgang auf den Spuren der \u201ewilden\u201c Bewohner des Berggartens.<\/p>\n<p><strong>Sonnabend 20. Juni, 16 Uhr, Berggartenhaus<\/strong><br \/>Vortrag \u201e(Un-)Heimliche Vielfalt in Herrenhausen\u201c, Dr. Boris Schlumpberger stellt die Vielfalt der Gartenbewohner vor (im Garteneintritt enthalten).<\/p>\n<p><strong>Sonnabend 22. August, 15 Uhr, Berggarten<\/strong><br \/>Kuratorenf\u00fchrung \u201eDie <a href=\"https:\/\/www.hannover-entdecken.de\/lindenallee-hannover\/\" data-internallinksmanager029f6b8e52c=\"1248\" title=\"Lindenallee\" rel=\"nofollow noopener\" target=\"_blank\">Lindenallee<\/a> im Berggarten\u201c, Dr. Boris Schlumpberger erl\u00e4utert die Bedeutung der Lindenallee f\u00fcr den Artenschutz.<\/p>\n<p>Dauer: circa 60 Minuten, Kosten f\u00fcr die F\u00fchrungen: 5 Euro plus Garteneintritt. Eine Anmeldung ist erforderlich unter www.herrenhausen.de, per E-Mail an 46.1@hannover-stadt.de oder telefonisch unter (0511) 168-34000.<\/p>\n","protected":false},"excerpt":{"rendered":"In den Herrenh\u00e4user G\u00e4rten ist ab dem 11. Juni die Ausstellung \u201eWilde Vielfalt im Garten\u201c zu sehen. Sie&hellip;\n","protected":false},"author":2,"featured_media":1091625,"comment_status":"","ping_status":"","sticky":false,"template":"","format":"standard","meta":{"footnotes":"","_share_on_mastodon":"0"},"categories":[1836],"tags":[18527,3364,29,30,46,10693,10688,1411],"class_list":["post-1091624","post","type-post","status-publish","format-standard","has-post-thumbnail","category-hannover","tag-berggarten","tag-de","tag-deutschland","tag-germany","tag-hannover","tag-herrenhausen","tag-herrenhaeuser-gaerten","tag-niedersachsen"],"share_on_mastodon":{"url":"https:\/\/pubeurope.com\/@de\/116743314136563069","error":""},"_links":{"self":[{"href":"https:\/\/www.europesays.com\/de\/wp-json\/wp\/v2\/posts\/1091624","targetHints":{"allow":["GET"]}}],"collection":[{"href":"https:\/\/www.europesays.com\/de\/wp-json\/wp\/v2\/posts"}],"about":[{"href":"https:\/\/www.europesays.com\/de\/wp-json\/wp\/v2\/types\/post"}],"author":[{"embeddable":true,"href":"https:\/\/www.europesays.com\/de\/wp-json\/wp\/v2\/users\/2"}],"replies":[{"embeddable":true,"href":"https:\/\/www.europesays.com\/de\/wp-json\/wp\/v2\/comments?post=1091624"}],"version-history":[{"count":0,"href":"https:\/\/www.europesays.com\/de\/wp-json\/wp\/v2\/posts\/1091624\/revisions"}],"wp:featuredmedia":[{"embeddable":true,"href":"https:\/\/www.europesays.com\/de\/wp-json\/wp\/v2\/media\/1091625"}],"wp:attachment":[{"href":"https:\/\/www.europesays.com\/de\/wp-json\/wp\/v2\/media?parent=1091624"}],"wp:term":[{"taxonomy":"category","embeddable":true,"href":"https:\/\/www.europesays.com\/de\/wp-json\/wp\/v2\/categories?post=1091624"},{"taxonomy":"post_tag","embeddable":true,"href":"https:\/\/www.europesays.com\/de\/wp-json\/wp\/v2\/tags?post=1091624"}],"curies":[{"name":"wp","href":"https:\/\/api.w.org\/{rel}","templated":true}]}}